{"id":1081,"date":"2022-12-09T05:22:52","date_gmt":"2022-12-09T04:22:52","guid":{"rendered":"https:\/\/albert.radom.pl\/?p=1081"},"modified":"2022-12-13T10:30:59","modified_gmt":"2022-12-13T09:30:59","slug":"margaretka-dla-kaplanow","status":"publish","type":"post","link":"https:\/\/albert.radom.pl\/?p=1081","title":{"rendered":"Margaretki dla kap\u0142an\u00f3w"},"content":{"rendered":"<p>W uroczysto\u015b\u0107 Niepokalanego Pocz\u0119cia NMP podczas wieczornej Mszy \u015bwi\u0119tej dzieci przygotowuj\u0105ce si\u0119 do I Komunii \u015awi\u0119tej otrzyma\u0142y po\u015bwi\u0119cone medaliki. <!--more-->Na zako\u0144czenie Eucharystii dw\u00f3ch kap\u0142an\u00f3w: ks. Dariusz i ks. Kamil zostali obdarowani przez parafian obietnic\u0105 modlitwy wyra\u017con\u0105 przez Apostolat Margaretka.<\/p>\n<div id='gallery-1' class='gallery galleryid-1081 gallery-columns-3 gallery-size-large'><figure class='gallery-item'>\n\t\t\t<div class='gallery-icon landscape'>\n\t\t\t\t<a href='https:\/\/albert.radom.pl\/wp-content\/uploads\/2022\/12\/IMG_2442.jpeg'><img loading=\"lazy\" decoding=\"async\" width=\"640\" height=\"480\" src=\"https:\/\/albert.radom.pl\/wp-content\/uploads\/2022\/12\/IMG_2442-1024x768.jpeg\" class=\"attachment-large size-large\" alt=\"\" srcset=\"https:\/\/albert.radom.pl\/wp-content\/uploads\/2022\/12\/IMG_2442-1024x768.jpeg 1024w, https:\/\/albert.radom.pl\/wp-content\/uploads\/2022\/12\/IMG_2442-300x225.jpeg 300w, https:\/\/albert.radom.pl\/wp-content\/uploads\/2022\/12\/IMG_2442-768x576.jpeg 768w, https:\/\/albert.radom.pl\/wp-content\/uploads\/2022\/12\/IMG_2442.jpeg 1200w\" sizes=\"auto, (max-width: 640px) 100vw, 640px\" \/><\/a>\n\t\t\t<\/div><\/figure><figure class='gallery-item'>\n\t\t\t<div class='gallery-icon landscape'>\n\t\t\t\t<a href='https:\/\/albert.radom.pl\/wp-content\/uploads\/2022\/12\/IMG_2445.jpeg'><img loading=\"lazy\" decoding=\"async\" width=\"640\" height=\"480\" src=\"https:\/\/albert.radom.pl\/wp-content\/uploads\/2022\/12\/IMG_2445-1024x768.jpeg\" class=\"attachment-large size-large\" alt=\"\" srcset=\"https:\/\/albert.radom.pl\/wp-content\/uploads\/2022\/12\/IMG_2445-1024x768.jpeg 1024w, https:\/\/albert.radom.pl\/wp-content\/uploads\/2022\/12\/IMG_2445-300x225.jpeg 300w, https:\/\/albert.radom.pl\/wp-content\/uploads\/2022\/12\/IMG_2445-768x576.jpeg 768w, https:\/\/albert.radom.pl\/wp-content\/uploads\/2022\/12\/IMG_2445.jpeg 1200w\" sizes=\"auto, (max-width: 640px) 100vw, 640px\" \/><\/a>\n\t\t\t<\/div><\/figure>\n\t\t<\/div>\n\n","protected":false},"excerpt":{"rendered":"<p>W uroczysto\u015b\u0107 Niepokalanego Pocz\u0119cia NMP podczas wieczornej Mszy \u015bwi\u0119tej dzieci przygotowuj\u0105ce si\u0119 do I Komunii&#8230;<\/p>\n","protected":false},"author":1,"featured_media":1085,"comment_status":"closed","ping_status":"closed","sticky":false,"template":"","format":"standard","meta":{"footnotes":""},"categories":[19,66],"tags":[],"class_list":["post-1081","post","type-post","status-publish","format-standard","has-post-thumbnail","hentry","category-aktualnosci","category-apostolat-margaretki"],"featured_image_urls":{"full":["https:\/\/albert.radom.pl\/wp-content\/uploads\/2022\/12\/margaretka_baner.jpg",1024,723,false],"thumbnail":["https:\/\/albert.radom.pl\/wp-content\/uploads\/2022\/12\/margaretka_baner-150x150.jpg",150,150,true],"medium":["https:\/\/albert.radom.pl\/wp-content\/uploads\/2022\/12\/margaretka_baner-300x212.jpg",300,212,true],"medium_large":["https:\/\/albert.radom.pl\/wp-content\/uploads\/2022\/12\/margaretka_baner-768x542.jpg",640,452,true],"large":["https:\/\/albert.radom.pl\/wp-content\/uploads\/2022\/12\/margaretka_baner.jpg",640,452,false],"1536x1536":["https:\/\/albert.radom.pl\/wp-content\/uploads\/2022\/12\/margaretka_baner.jpg",1024,723,false],"2048x2048":["https:\/\/albert.radom.pl\/wp-content\/uploads\/2022\/12\/margaretka_baner.jpg",1024,723,false],"newsever-slider-full":["https:\/\/albert.radom.pl\/wp-content\/uploads\/2022\/12\/margaretka_baner.jpg",1024,723,false],"newsever-featured":["https:\/\/albert.radom.pl\/wp-content\/uploads\/2022\/12\/margaretka_baner.jpg",1024,723,false],"newsever-medium":["https:\/\/albert.radom.pl\/wp-content\/uploads\/2022\/12\/margaretka_baner-720x475.jpg",720,475,true]},"author_info":{"display_name":"xdar","author_link":"https:\/\/albert.radom.pl\/?author=1"},"category_info":"<a href=\"https:\/\/albert.radom.pl\/?cat=19\" rel=\"category\">Aktualno\u015bci<\/a> <a href=\"https:\/\/albert.radom.pl\/?cat=66\" rel=\"category\">Apostolat Margaretki<\/a>","tag_info":"Apostolat Margaretki","comment_count":"0","_links":{"self":[{"href":"https:\/\/albert.radom.pl\/index.php?rest_route=\/wp\/v2\/posts\/1081","targetHints":{"allow":["GET"]}}],"collection":[{"href":"https:\/\/albert.radom.pl\/index.php?rest_route=\/wp\/v2\/posts"}],"about":[{"href":"https:\/\/albert.radom.pl\/index.php?rest_route=\/wp\/v2\/types\/post"}],"author":[{"embeddable":true,"href":"https:\/\/albert.radom.pl\/index.php?rest_route=\/wp\/v2\/users\/1"}],"replies":[{"embeddable":true,"href":"https:\/\/albert.radom.pl\/index.php?rest_route=%2Fwp%2Fv2%2Fcomments&post=1081"}],"version-history":[{"count":2,"href":"https:\/\/albert.radom.pl\/index.php?rest_route=\/wp\/v2\/posts\/1081\/revisions"}],"predecessor-version":[{"id":1084,"href":"https:\/\/albert.radom.pl\/index.php?rest_route=\/wp\/v2\/posts\/1081\/revisions\/1084"}],"wp:featuredmedia":[{"embeddable":true,"href":"https:\/\/albert.radom.pl\/index.php?rest_route=\/wp\/v2\/media\/1085"}],"wp:attachment":[{"href":"https:\/\/albert.radom.pl\/index.php?rest_route=%2Fwp%2Fv2%2Fmedia&parent=1081"}],"wp:term":[{"taxonomy":"category","embeddable":true,"href":"https:\/\/albert.radom.pl\/index.php?rest_route=%2Fwp%2Fv2%2Fcategories&post=1081"},{"taxonomy":"post_tag","embeddable":true,"href":"https:\/\/albert.radom.pl\/index.php?rest_route=%2Fwp%2Fv2%2Ftags&post=1081"}],"curies":[{"name":"wp","href":"https:\/\/api.w.org\/{rel}","templated":true}]}}