{"id":1141,"date":"2022-12-15T10:21:25","date_gmt":"2022-12-15T09:21:25","guid":{"rendered":"https:\/\/albert.radom.pl\/?p=1141"},"modified":"2022-12-19T10:27:59","modified_gmt":"2022-12-19T09:27:59","slug":"zakonczenie-rekolekcji-adwentowych","status":"publish","type":"post","link":"https:\/\/albert.radom.pl\/?p=1141","title":{"rendered":"Zako\u0144czenie rekolekcji adwentowych"},"content":{"rendered":"<p>Od niedzieli 11 grudnia do \u015brody w naszej parafii prze\u017cywali\u015bmy Rekolekcje Adwentowe, kt\u00f3re prowadzi\u0142 Ks. Marek Plewniak, proboszcz parafii \u015bw. Rafa\u0142a Kalinowskiego na radomskim Ustroniu. <!--more-->W \u015brod\u0119 na zako\u0144czenie tego \u015bwi\u0119tego czasu podzi\u0119kowanie Ojcu Rekolekcjoni\u015bcie wypowiedzia\u0142 Ksi\u0105dz Proboszcz oraz przedstawiciele parafian. Dzi\u0119kujemy Ksi\u0119dzu Markowi za ten czas odnowy naszych serc i pog\u0142\u0119biania naszej relacji z Chrystusem. Dzi\u0119kujemy tak\u017ce kap\u0142anom z dekanatu, kt\u00f3rzy w czwartek pos\u0142ugiwali nam w konfesjona\u0142ach podczas parafialnej spowiedzi.<\/p>\n<div id='gallery-1' class='gallery galleryid-1141 gallery-columns-2 gallery-size-medium'><figure class='gallery-item'>\n\t\t\t<div class='gallery-icon landscape'>\n\t\t\t\t<a href='https:\/\/albert.radom.pl\/wp-content\/uploads\/2022\/12\/image0.jpeg'><img loading=\"lazy\" decoding=\"async\" width=\"300\" height=\"292\" src=\"https:\/\/albert.radom.pl\/wp-content\/uploads\/2022\/12\/image0-300x292.jpeg\" class=\"attachment-medium size-medium\" alt=\"\" srcset=\"https:\/\/albert.radom.pl\/wp-content\/uploads\/2022\/12\/image0-300x292.jpeg 300w, https:\/\/albert.radom.pl\/wp-content\/uploads\/2022\/12\/image0-768x748.jpeg 768w, https:\/\/albert.radom.pl\/wp-content\/uploads\/2022\/12\/image0.jpeg 1000w\" sizes=\"auto, (max-width: 300px) 100vw, 300px\" \/><\/a>\n\t\t\t<\/div><\/figure><figure class='gallery-item'>\n\t\t\t<div class='gallery-icon landscape'>\n\t\t\t\t<a href='https:\/\/albert.radom.pl\/wp-content\/uploads\/2022\/12\/image1.jpeg'><img loading=\"lazy\" decoding=\"async\" width=\"300\" height=\"225\" src=\"https:\/\/albert.radom.pl\/wp-content\/uploads\/2022\/12\/image1-300x225.jpeg\" class=\"attachment-medium size-medium\" alt=\"\" srcset=\"https:\/\/albert.radom.pl\/wp-content\/uploads\/2022\/12\/image1-300x225.jpeg 300w, https:\/\/albert.radom.pl\/wp-content\/uploads\/2022\/12\/image1-768x576.jpeg 768w, https:\/\/albert.radom.pl\/wp-content\/uploads\/2022\/12\/image1.jpeg 1000w\" sizes=\"auto, (max-width: 300px) 100vw, 300px\" \/><\/a>\n\t\t\t<\/div><\/figure>\n\t\t<\/div>\n\n","protected":false},"excerpt":{"rendered":"<p>Od niedzieli 11 grudnia do \u015brody w naszej parafii prze\u017cywali\u015bmy Rekolekcje Adwentowe, kt\u00f3re prowadzi\u0142 Ks&#8230;.<\/p>\n","protected":false},"author":1,"featured_media":1124,"comment_status":"closed","ping_status":"closed","sticky":false,"template":"","format":"standard","meta":{"footnotes":""},"categories":[19,64],"tags":[],"class_list":["post-1141","post","type-post","status-publish","format-standard","has-post-thumbnail","hentry","category-aktualnosci","category-rekolekcje"],"featured_image_urls":{"full":["https:\/\/albert.radom.pl\/wp-content\/uploads\/2022\/12\/image0.jpeg",1000,974,false],"thumbnail":["https:\/\/albert.radom.pl\/wp-content\/uploads\/2022\/12\/image0-150x150.jpeg",150,150,true],"medium":["https:\/\/albert.radom.pl\/wp-content\/uploads\/2022\/12\/image0-300x292.jpeg",300,292,true],"medium_large":["https:\/\/albert.radom.pl\/wp-content\/uploads\/2022\/12\/image0-768x748.jpeg",640,623,true],"large":["https:\/\/albert.radom.pl\/wp-content\/uploads\/2022\/12\/image0.jpeg",640,623,false],"1536x1536":["https:\/\/albert.radom.pl\/wp-content\/uploads\/2022\/12\/image0.jpeg",1000,974,false],"2048x2048":["https:\/\/albert.radom.pl\/wp-content\/uploads\/2022\/12\/image0.jpeg",1000,974,false],"newsever-slider-full":["https:\/\/albert.radom.pl\/wp-content\/uploads\/2022\/12\/image0-1000x845.jpeg",1000,845,true],"newsever-featured":["https:\/\/albert.radom.pl\/wp-content\/uploads\/2022\/12\/image0.jpeg",1000,974,false],"newsever-medium":["https:\/\/albert.radom.pl\/wp-content\/uploads\/2022\/12\/image0-720x475.jpeg",720,475,true]},"author_info":{"display_name":"xdar","author_link":"https:\/\/albert.radom.pl\/?author=1"},"category_info":"<a href=\"https:\/\/albert.radom.pl\/?cat=19\" rel=\"category\">Aktualno\u015bci<\/a> <a href=\"https:\/\/albert.radom.pl\/?cat=64\" rel=\"category\">Rekolekcje<\/a>","tag_info":"Rekolekcje","comment_count":"0","_links":{"self":[{"href":"https:\/\/albert.radom.pl\/index.php?rest_route=\/wp\/v2\/posts\/1141","targetHints":{"allow":["GET"]}}],"collection":[{"href":"https:\/\/albert.radom.pl\/index.php?rest_route=\/wp\/v2\/posts"}],"about":[{"href":"https:\/\/albert.radom.pl\/index.php?rest_route=\/wp\/v2\/types\/post"}],"author":[{"embeddable":true,"href":"https:\/\/albert.radom.pl\/index.php?rest_route=\/wp\/v2\/users\/1"}],"replies":[{"embeddable":true,"href":"https:\/\/albert.radom.pl\/index.php?rest_route=%2Fwp%2Fv2%2Fcomments&post=1141"}],"version-history":[{"count":1,"href":"https:\/\/albert.radom.pl\/index.php?rest_route=\/wp\/v2\/posts\/1141\/revisions"}],"predecessor-version":[{"id":1142,"href":"https:\/\/albert.radom.pl\/index.php?rest_route=\/wp\/v2\/posts\/1141\/revisions\/1142"}],"wp:featuredmedia":[{"embeddable":true,"href":"https:\/\/albert.radom.pl\/index.php?rest_route=\/wp\/v2\/media\/1124"}],"wp:attachment":[{"href":"https:\/\/albert.radom.pl\/index.php?rest_route=%2Fwp%2Fv2%2Fmedia&parent=1141"}],"wp:term":[{"taxonomy":"category","embeddable":true,"href":"https:\/\/albert.radom.pl\/index.php?rest_route=%2Fwp%2Fv2%2Fcategories&post=1141"},{"taxonomy":"post_tag","embeddable":true,"href":"https:\/\/albert.radom.pl\/index.php?rest_route=%2Fwp%2Fv2%2Ftags&post=1141"}],"curies":[{"name":"wp","href":"https:\/\/api.w.org\/{rel}","templated":true}]}}