{"id":1145,"date":"2022-12-19T01:20:44","date_gmt":"2022-12-19T00:20:44","guid":{"rendered":"https:\/\/albert.radom.pl\/?p=1145"},"modified":"2022-12-19T10:37:46","modified_gmt":"2022-12-19T09:37:46","slug":"przyjecie-nowych-ministrantow","status":"publish","type":"post","link":"https:\/\/albert.radom.pl\/?p=1145","title":{"rendered":"Przyj\u0119cie nowych ministrant\u00f3w"},"content":{"rendered":"<p>W IV niedziel\u0119 adwentu, po 3 miesi\u0105cach kursu przygotowawczego, 4 kandydat\u00f3w zosta\u0142o w\u0142\u0105czonych do grona ministrant\u00f3w. <!--more-->Obrz\u0119dowi przewodniczy\u0142 opiekun Liturgicznej S\u0142u\u017cby O\u0142tarza ks. Karol Kostecki.<br \/>\nGratulujemy ch\u0142opcom: Nikodemowi, Micha\u0142owi, Wojciechowi i Jakubowi do\u0142\u0105czenia do grupy ministrant\u00f3w naszej parafii i \u017cyczymy im dalszej gorliwej pos\u0142ugi. Dzi\u0119kujemy rodzicom ch\u0142opc\u00f3w za ich wiar\u0119 i wsp\u00f3\u0142prac\u0119 w wychowaniu w wierze swoich syn\u00f3w.<br \/>\nDzi\u0119kujemy lektorom Piotrowi Pawelczykowi i Jakubowi Rogali za pomoc w prowadzeniu zbi\u00f3rek i dyspozycyjno\u015b\u0107.<\/p>\n<div id='gallery-1' class='gallery galleryid-1145 gallery-columns-3 gallery-size-medium'><figure class='gallery-item'>\n\t\t\t<div class='gallery-icon landscape'>\n\t\t\t\t<a href='https:\/\/albert.radom.pl\/wp-content\/uploads\/2022\/12\/MIN2.jpeg'><img loading=\"lazy\" decoding=\"async\" width=\"300\" height=\"225\" src=\"https:\/\/albert.radom.pl\/wp-content\/uploads\/2022\/12\/MIN2-300x225.jpeg\" class=\"attachment-medium size-medium\" alt=\"\" srcset=\"https:\/\/albert.radom.pl\/wp-content\/uploads\/2022\/12\/MIN2-300x225.jpeg 300w, https:\/\/albert.radom.pl\/wp-content\/uploads\/2022\/12\/MIN2-768x576.jpeg 768w, https:\/\/albert.radom.pl\/wp-content\/uploads\/2022\/12\/MIN2.jpeg 1000w\" sizes=\"auto, (max-width: 300px) 100vw, 300px\" \/><\/a>\n\t\t\t<\/div><\/figure><figure class='gallery-item'>\n\t\t\t<div class='gallery-icon landscape'>\n\t\t\t\t<a href='https:\/\/albert.radom.pl\/wp-content\/uploads\/2022\/12\/MIN1.jpeg'><img loading=\"lazy\" decoding=\"async\" width=\"300\" height=\"225\" src=\"https:\/\/albert.radom.pl\/wp-content\/uploads\/2022\/12\/MIN1-300x225.jpeg\" class=\"attachment-medium size-medium\" alt=\"\" srcset=\"https:\/\/albert.radom.pl\/wp-content\/uploads\/2022\/12\/MIN1-300x225.jpeg 300w, https:\/\/albert.radom.pl\/wp-content\/uploads\/2022\/12\/MIN1-768x576.jpeg 768w, https:\/\/albert.radom.pl\/wp-content\/uploads\/2022\/12\/MIN1.jpeg 1000w\" sizes=\"auto, (max-width: 300px) 100vw, 300px\" \/><\/a>\n\t\t\t<\/div><\/figure><figure class='gallery-item'>\n\t\t\t<div class='gallery-icon landscape'>\n\t\t\t\t<a href='https:\/\/albert.radom.pl\/wp-content\/uploads\/2022\/12\/MIN6.jpeg'><img loading=\"lazy\" decoding=\"async\" width=\"300\" height=\"225\" src=\"https:\/\/albert.radom.pl\/wp-content\/uploads\/2022\/12\/MIN6-300x225.jpeg\" class=\"attachment-medium size-medium\" alt=\"\" srcset=\"https:\/\/albert.radom.pl\/wp-content\/uploads\/2022\/12\/MIN6-300x225.jpeg 300w, https:\/\/albert.radom.pl\/wp-content\/uploads\/2022\/12\/MIN6-768x576.jpeg 768w, https:\/\/albert.radom.pl\/wp-content\/uploads\/2022\/12\/MIN6.jpeg 1000w\" sizes=\"auto, (max-width: 300px) 100vw, 300px\" \/><\/a>\n\t\t\t<\/div><\/figure><figure class='gallery-item'>\n\t\t\t<div class='gallery-icon landscape'>\n\t\t\t\t<a href='https:\/\/albert.radom.pl\/wp-content\/uploads\/2022\/12\/MIN3.jpeg'><img loading=\"lazy\" decoding=\"async\" width=\"300\" height=\"225\" src=\"https:\/\/albert.radom.pl\/wp-content\/uploads\/2022\/12\/MIN3-300x225.jpeg\" class=\"attachment-medium size-medium\" alt=\"\" srcset=\"https:\/\/albert.radom.pl\/wp-content\/uploads\/2022\/12\/MIN3-300x225.jpeg 300w, https:\/\/albert.radom.pl\/wp-content\/uploads\/2022\/12\/MIN3-768x576.jpeg 768w, https:\/\/albert.radom.pl\/wp-content\/uploads\/2022\/12\/MIN3.jpeg 1000w\" sizes=\"auto, (max-width: 300px) 100vw, 300px\" \/><\/a>\n\t\t\t<\/div><\/figure><figure class='gallery-item'>\n\t\t\t<div class='gallery-icon landscape'>\n\t\t\t\t<a href='https:\/\/albert.radom.pl\/wp-content\/uploads\/2022\/12\/MIN5.jpeg'><img loading=\"lazy\" decoding=\"async\" width=\"300\" height=\"226\" src=\"https:\/\/albert.radom.pl\/wp-content\/uploads\/2022\/12\/MIN5-300x226.jpeg\" class=\"attachment-medium size-medium\" alt=\"\" srcset=\"https:\/\/albert.radom.pl\/wp-content\/uploads\/2022\/12\/MIN5-300x226.jpeg 300w, https:\/\/albert.radom.pl\/wp-content\/uploads\/2022\/12\/MIN5-768x578.jpeg 768w, https:\/\/albert.radom.pl\/wp-content\/uploads\/2022\/12\/MIN5.jpeg 1000w\" sizes=\"auto, (max-width: 300px) 100vw, 300px\" \/><\/a>\n\t\t\t<\/div><\/figure><figure class='gallery-item'>\n\t\t\t<div class='gallery-icon landscape'>\n\t\t\t\t<a href='https:\/\/albert.radom.pl\/wp-content\/uploads\/2022\/12\/MIN4.jpeg'><img loading=\"lazy\" decoding=\"async\" width=\"300\" height=\"225\" src=\"https:\/\/albert.radom.pl\/wp-content\/uploads\/2022\/12\/MIN4-300x225.jpeg\" class=\"attachment-medium size-medium\" alt=\"\" srcset=\"https:\/\/albert.radom.pl\/wp-content\/uploads\/2022\/12\/MIN4-300x225.jpeg 300w, https:\/\/albert.radom.pl\/wp-content\/uploads\/2022\/12\/MIN4-768x576.jpeg 768w, https:\/\/albert.radom.pl\/wp-content\/uploads\/2022\/12\/MIN4.jpeg 1000w\" sizes=\"auto, (max-width: 300px) 100vw, 300px\" \/><\/a>\n\t\t\t<\/div><\/figure>\n\t\t<\/div>\n\n","protected":false},"excerpt":{"rendered":"<p>W IV niedziel\u0119 adwentu, po 3 miesi\u0105cach kursu przygotowawczego, 4 kandydat\u00f3w zosta\u0142o w\u0142\u0105czonych do grona&#8230;<\/p>\n","protected":false},"author":1,"featured_media":1137,"comment_status":"closed","ping_status":"closed","sticky":false,"template":"","format":"standard","meta":{"footnotes":""},"categories":[19,12,44],"tags":[],"class_list":["post-1145","post","type-post","status-publish","format-standard","has-post-thumbnail","hentry","category-aktualnosci","category-galeria","category-ministranci"],"featured_image_urls":{"full":["https:\/\/albert.radom.pl\/wp-content\/uploads\/2022\/12\/MIN6.jpeg",1000,750,false],"thumbnail":["https:\/\/albert.radom.pl\/wp-content\/uploads\/2022\/12\/MIN6-150x150.jpeg",150,150,true],"medium":["https:\/\/albert.radom.pl\/wp-content\/uploads\/2022\/12\/MIN6-300x225.jpeg",300,225,true],"medium_large":["https:\/\/albert.radom.pl\/wp-content\/uploads\/2022\/12\/MIN6-768x576.jpeg",640,480,true],"large":["https:\/\/albert.radom.pl\/wp-content\/uploads\/2022\/12\/MIN6.jpeg",640,480,false],"1536x1536":["https:\/\/albert.radom.pl\/wp-content\/uploads\/2022\/12\/MIN6.jpeg",1000,750,false],"2048x2048":["https:\/\/albert.radom.pl\/wp-content\/uploads\/2022\/12\/MIN6.jpeg",1000,750,false],"newsever-slider-full":["https:\/\/albert.radom.pl\/wp-content\/uploads\/2022\/12\/MIN6.jpeg",1000,750,false],"newsever-featured":["https:\/\/albert.radom.pl\/wp-content\/uploads\/2022\/12\/MIN6.jpeg",1000,750,false],"newsever-medium":["https:\/\/albert.radom.pl\/wp-content\/uploads\/2022\/12\/MIN6-720x475.jpeg",720,475,true]},"author_info":{"display_name":"xdar","author_link":"https:\/\/albert.radom.pl\/?author=1"},"category_info":"<a href=\"https:\/\/albert.radom.pl\/?cat=19\" rel=\"category\">Aktualno\u015bci<\/a> <a href=\"https:\/\/albert.radom.pl\/?cat=12\" rel=\"category\">Galerie<\/a> <a href=\"https:\/\/albert.radom.pl\/?cat=44\" rel=\"category\">Ministranci<\/a>","tag_info":"Ministranci","comment_count":"0","_links":{"self":[{"href":"https:\/\/albert.radom.pl\/index.php?rest_route=\/wp\/v2\/posts\/1145","targetHints":{"allow":["GET"]}}],"collection":[{"href":"https:\/\/albert.radom.pl\/index.php?rest_route=\/wp\/v2\/posts"}],"about":[{"href":"https:\/\/albert.radom.pl\/index.php?rest_route=\/wp\/v2\/types\/post"}],"author":[{"embeddable":true,"href":"https:\/\/albert.radom.pl\/index.php?rest_route=\/wp\/v2\/users\/1"}],"replies":[{"embeddable":true,"href":"https:\/\/albert.radom.pl\/index.php?rest_route=%2Fwp%2Fv2%2Fcomments&post=1145"}],"version-history":[{"count":1,"href":"https:\/\/albert.radom.pl\/index.php?rest_route=\/wp\/v2\/posts\/1145\/revisions"}],"predecessor-version":[{"id":1146,"href":"https:\/\/albert.radom.pl\/index.php?rest_route=\/wp\/v2\/posts\/1145\/revisions\/1146"}],"wp:featuredmedia":[{"embeddable":true,"href":"https:\/\/albert.radom.pl\/index.php?rest_route=\/wp\/v2\/media\/1137"}],"wp:attachment":[{"href":"https:\/\/albert.radom.pl\/index.php?rest_route=%2Fwp%2Fv2%2Fmedia&parent=1145"}],"wp:term":[{"taxonomy":"category","embeddable":true,"href":"https:\/\/albert.radom.pl\/index.php?rest_route=%2Fwp%2Fv2%2Fcategories&post=1145"},{"taxonomy":"post_tag","embeddable":true,"href":"https:\/\/albert.radom.pl\/index.php?rest_route=%2Fwp%2Fv2%2Ftags&post=1145"}],"curies":[{"name":"wp","href":"https:\/\/api.w.org\/{rel}","templated":true}]}}