{"id":1147,"date":"2022-12-19T01:33:38","date_gmt":"2022-12-19T00:33:38","guid":{"rendered":"https:\/\/albert.radom.pl\/?p=1147"},"modified":"2022-12-19T10:38:43","modified_gmt":"2022-12-19T09:38:43","slug":"imieniny-ks-dariusza","status":"publish","type":"post","link":"https:\/\/albert.radom.pl\/?p=1147","title":{"rendered":"Imieniny ks. Dariusza"},"content":{"rendered":"<p>19 grudnia wspominamy \u015bw. Dariusza, patrona z chrztu Ks. Dr Dariusza Frydrycha, rezydenta pos\u0142uguj\u0105cego w naszej parafii. <!--more-->Z tej racji dzi\u015b podczas Mszy \u015bwi\u0119tej o godz. 12:30, kt\u00f3rej przewodniczy\u0142 Ks. Proboszcz, modlili\u015bmy si\u0119 w intencji czcigodnego solenizanta. \u017byczenia w imieniu kap\u0142an\u00f3w z\u0142o\u017cy\u0142 Ksi\u0105dz Marek a w imieniu parafian z\u0142o\u017cyli przedstawiciele K\u00f3\u0142 R\u00f3\u017ca\u0144cowych i Rycerzy Kolumba.<br \/>\nKsi\u0119dzu Dariuszowi sk\u0142adamy najlepsze \u017cyczenia imieninowe: Bo\u017cego b\u0142ogos\u0142awie\u0144stwa, potrzebnych \u0142ask, zdrowia oraz opieki Matki Bo\u017cej i \u015bw. Brata Alberta na ka\u017cdy dzie\u0144 pos\u0142ugi. Jednocze\u015bnie dzi\u0119kujemy Ksi\u0119dzu za gorliw\u0105 pos\u0142ug\u0119 w naszej parafii i \u017cyczymy si\u0142y i wytrwa\u0142o\u015bci.<\/p>\n<div id='gallery-1' class='gallery galleryid-1147 gallery-columns-3 gallery-size-medium'><figure class='gallery-item'>\n\t\t\t<div class='gallery-icon landscape'>\n\t\t\t\t<a href='https:\/\/albert.radom.pl\/wp-content\/uploads\/2022\/12\/IMDF1.jpeg'><img loading=\"lazy\" decoding=\"async\" width=\"300\" height=\"225\" src=\"https:\/\/albert.radom.pl\/wp-content\/uploads\/2022\/12\/IMDF1-300x225.jpeg\" class=\"attachment-medium size-medium\" alt=\"\" srcset=\"https:\/\/albert.radom.pl\/wp-content\/uploads\/2022\/12\/IMDF1-300x225.jpeg 300w, https:\/\/albert.radom.pl\/wp-content\/uploads\/2022\/12\/IMDF1-768x576.jpeg 768w, https:\/\/albert.radom.pl\/wp-content\/uploads\/2022\/12\/IMDF1.jpeg 1000w\" sizes=\"auto, (max-width: 300px) 100vw, 300px\" \/><\/a>\n\t\t\t<\/div><\/figure><figure class='gallery-item'>\n\t\t\t<div class='gallery-icon landscape'>\n\t\t\t\t<a href='https:\/\/albert.radom.pl\/wp-content\/uploads\/2022\/12\/IMDF2.jpeg'><img loading=\"lazy\" decoding=\"async\" width=\"300\" height=\"225\" src=\"https:\/\/albert.radom.pl\/wp-content\/uploads\/2022\/12\/IMDF2-300x225.jpeg\" class=\"attachment-medium size-medium\" alt=\"\" srcset=\"https:\/\/albert.radom.pl\/wp-content\/uploads\/2022\/12\/IMDF2-300x225.jpeg 300w, https:\/\/albert.radom.pl\/wp-content\/uploads\/2022\/12\/IMDF2-768x576.jpeg 768w, https:\/\/albert.radom.pl\/wp-content\/uploads\/2022\/12\/IMDF2.jpeg 1000w\" sizes=\"auto, (max-width: 300px) 100vw, 300px\" \/><\/a>\n\t\t\t<\/div><\/figure><figure class='gallery-item'>\n\t\t\t<div class='gallery-icon landscape'>\n\t\t\t\t<a href='https:\/\/albert.radom.pl\/wp-content\/uploads\/2022\/12\/IMDF3.jpeg'><img loading=\"lazy\" decoding=\"async\" width=\"300\" height=\"225\" src=\"https:\/\/albert.radom.pl\/wp-content\/uploads\/2022\/12\/IMDF3-300x225.jpeg\" class=\"attachment-medium size-medium\" alt=\"\" srcset=\"https:\/\/albert.radom.pl\/wp-content\/uploads\/2022\/12\/IMDF3-300x225.jpeg 300w, https:\/\/albert.radom.pl\/wp-content\/uploads\/2022\/12\/IMDF3-768x576.jpeg 768w, https:\/\/albert.radom.pl\/wp-content\/uploads\/2022\/12\/IMDF3.jpeg 1000w\" sizes=\"auto, (max-width: 300px) 100vw, 300px\" \/><\/a>\n\t\t\t<\/div><\/figure>\n\t\t<\/div>\n\n","protected":false},"excerpt":{"rendered":"<p>19 grudnia wspominamy \u015bw. Dariusza, patrona z chrztu Ks. Dr Dariusza Frydrycha, rezydenta pos\u0142uguj\u0105cego w&#8230;<\/p>\n","protected":false},"author":1,"featured_media":1140,"comment_status":"closed","ping_status":"closed","sticky":false,"template":"","format":"standard","meta":{"footnotes":""},"categories":[19],"tags":[],"class_list":["post-1147","post","type-post","status-publish","format-standard","has-post-thumbnail","hentry","category-aktualnosci"],"featured_image_urls":{"full":["https:\/\/albert.radom.pl\/wp-content\/uploads\/2022\/12\/IMDF3.jpeg",1000,750,false],"thumbnail":["https:\/\/albert.radom.pl\/wp-content\/uploads\/2022\/12\/IMDF3-150x150.jpeg",150,150,true],"medium":["https:\/\/albert.radom.pl\/wp-content\/uploads\/2022\/12\/IMDF3-300x225.jpeg",300,225,true],"medium_large":["https:\/\/albert.radom.pl\/wp-content\/uploads\/2022\/12\/IMDF3-768x576.jpeg",640,480,true],"large":["https:\/\/albert.radom.pl\/wp-content\/uploads\/2022\/12\/IMDF3.jpeg",640,480,false],"1536x1536":["https:\/\/albert.radom.pl\/wp-content\/uploads\/2022\/12\/IMDF3.jpeg",1000,750,false],"2048x2048":["https:\/\/albert.radom.pl\/wp-content\/uploads\/2022\/12\/IMDF3.jpeg",1000,750,false],"newsever-slider-full":["https:\/\/albert.radom.pl\/wp-content\/uploads\/2022\/12\/IMDF3.jpeg",1000,750,false],"newsever-featured":["https:\/\/albert.radom.pl\/wp-content\/uploads\/2022\/12\/IMDF3.jpeg",1000,750,false],"newsever-medium":["https:\/\/albert.radom.pl\/wp-content\/uploads\/2022\/12\/IMDF3-720x475.jpeg",720,475,true]},"author_info":{"display_name":"xdar","author_link":"https:\/\/albert.radom.pl\/?author=1"},"category_info":"<a href=\"https:\/\/albert.radom.pl\/?cat=19\" rel=\"category\">Aktualno\u015bci<\/a>","tag_info":"Aktualno\u015bci","comment_count":"0","_links":{"self":[{"href":"https:\/\/albert.radom.pl\/index.php?rest_route=\/wp\/v2\/posts\/1147","targetHints":{"allow":["GET"]}}],"collection":[{"href":"https:\/\/albert.radom.pl\/index.php?rest_route=\/wp\/v2\/posts"}],"about":[{"href":"https:\/\/albert.radom.pl\/index.php?rest_route=\/wp\/v2\/types\/post"}],"author":[{"embeddable":true,"href":"https:\/\/albert.radom.pl\/index.php?rest_route=\/wp\/v2\/users\/1"}],"replies":[{"embeddable":true,"href":"https:\/\/albert.radom.pl\/index.php?rest_route=%2Fwp%2Fv2%2Fcomments&post=1147"}],"version-history":[{"count":1,"href":"https:\/\/albert.radom.pl\/index.php?rest_route=\/wp\/v2\/posts\/1147\/revisions"}],"predecessor-version":[{"id":1149,"href":"https:\/\/albert.radom.pl\/index.php?rest_route=\/wp\/v2\/posts\/1147\/revisions\/1149"}],"wp:featuredmedia":[{"embeddable":true,"href":"https:\/\/albert.radom.pl\/index.php?rest_route=\/wp\/v2\/media\/1140"}],"wp:attachment":[{"href":"https:\/\/albert.radom.pl\/index.php?rest_route=%2Fwp%2Fv2%2Fmedia&parent=1147"}],"wp:term":[{"taxonomy":"category","embeddable":true,"href":"https:\/\/albert.radom.pl\/index.php?rest_route=%2Fwp%2Fv2%2Fcategories&post=1147"},{"taxonomy":"post_tag","embeddable":true,"href":"https:\/\/albert.radom.pl\/index.php?rest_route=%2Fwp%2Fv2%2Ftags&post=1147"}],"curies":[{"name":"wp","href":"https:\/\/api.w.org\/{rel}","templated":true}]}}