{"id":1156,"date":"2022-12-19T11:25:27","date_gmt":"2022-12-19T10:25:27","guid":{"rendered":"https:\/\/albert.radom.pl\/?p=1156"},"modified":"2022-12-24T11:32:07","modified_gmt":"2022-12-24T10:32:07","slug":"roraty-z-bp-markiem-solarczykiem-zapraszamy-24-12-g-7-00","status":"publish","type":"post","link":"https:\/\/albert.radom.pl\/?p=1156","title":{"rendered":"Roraty z Bp. Markiem Solarczykiem &#8211; ZAPRASZAMY 24.12. g. 7.00"},"content":{"rendered":"<p>W sobot\u0119 &#8211; w Wigili\u0119 24 grudnia, Mszy \u015aw. roratniej o godz. 7.00 b\u0119dzie przewodniczy\u0142 nasz Pasterz ks. Biskup Ordynariusz Marek Solarczyk. <!--more-->Zapraszam bardzo serdecznie wszystkich parafian, m\u0142odzie\u017c, dzieci, kt\u00f3re za roraty otrzymaj\u0105 nagrody. Ks. Biskup przez ca\u0142y Adwent odwiedza\u0142 r\u00f3\u017cne parafie w ca\u0142ej diecezji. Mamy t\u0119 rado\u015b\u0107, \u017ce w Wigili\u0119 b\u0119dzie u nas \u2013 u \u015bw. Barta Alberta, gdzie zako\u0144czymy nasze przygotowanie na Bo\u017ce Narodzenie. Niech nas nie zabraknie na tej Eucharystii.<\/p>\n<p style=\"text-align: right;\">ks. Marek Janas, Proboszcz<\/p>\n<p style=\"text-align: right;\">Foto: Facebook<\/p>\n","protected":false},"excerpt":{"rendered":"<p>W sobot\u0119 &#8211; w Wigili\u0119 24 grudnia, Mszy \u015aw. roratniej o godz. 7.00 b\u0119dzie przewodniczy\u0142&#8230;<\/p>\n","protected":false},"author":1,"featured_media":1157,"comment_status":"closed","ping_status":"closed","sticky":false,"template":"","format":"standard","meta":{"footnotes":""},"categories":[19],"tags":[],"class_list":["post-1156","post","type-post","status-publish","format-standard","has-post-thumbnail","hentry","category-aktualnosci"],"featured_image_urls":{"full":["https:\/\/albert.radom.pl\/wp-content\/uploads\/2022\/12\/b_MS-roraty.jpg",1000,670,false],"thumbnail":["https:\/\/albert.radom.pl\/wp-content\/uploads\/2022\/12\/b_MS-roraty-150x150.jpg",150,150,true],"medium":["https:\/\/albert.radom.pl\/wp-content\/uploads\/2022\/12\/b_MS-roraty-300x201.jpg",300,201,true],"medium_large":["https:\/\/albert.radom.pl\/wp-content\/uploads\/2022\/12\/b_MS-roraty-768x515.jpg",640,429,true],"large":["https:\/\/albert.radom.pl\/wp-content\/uploads\/2022\/12\/b_MS-roraty.jpg",640,429,false],"1536x1536":["https:\/\/albert.radom.pl\/wp-content\/uploads\/2022\/12\/b_MS-roraty.jpg",1000,670,false],"2048x2048":["https:\/\/albert.radom.pl\/wp-content\/uploads\/2022\/12\/b_MS-roraty.jpg",1000,670,false],"newsever-slider-full":["https:\/\/albert.radom.pl\/wp-content\/uploads\/2022\/12\/b_MS-roraty.jpg",1000,670,false],"newsever-featured":["https:\/\/albert.radom.pl\/wp-content\/uploads\/2022\/12\/b_MS-roraty.jpg",1000,670,false],"newsever-medium":["https:\/\/albert.radom.pl\/wp-content\/uploads\/2022\/12\/b_MS-roraty-720x475.jpg",720,475,true]},"author_info":{"display_name":"xdar","author_link":"https:\/\/albert.radom.pl\/?author=1"},"category_info":"<a href=\"https:\/\/albert.radom.pl\/?cat=19\" rel=\"category\">Aktualno\u015bci<\/a>","tag_info":"Aktualno\u015bci","comment_count":"0","_links":{"self":[{"href":"https:\/\/albert.radom.pl\/index.php?rest_route=\/wp\/v2\/posts\/1156","targetHints":{"allow":["GET"]}}],"collection":[{"href":"https:\/\/albert.radom.pl\/index.php?rest_route=\/wp\/v2\/posts"}],"about":[{"href":"https:\/\/albert.radom.pl\/index.php?rest_route=\/wp\/v2\/types\/post"}],"author":[{"embeddable":true,"href":"https:\/\/albert.radom.pl\/index.php?rest_route=\/wp\/v2\/users\/1"}],"replies":[{"embeddable":true,"href":"https:\/\/albert.radom.pl\/index.php?rest_route=%2Fwp%2Fv2%2Fcomments&post=1156"}],"version-history":[{"count":6,"href":"https:\/\/albert.radom.pl\/index.php?rest_route=\/wp\/v2\/posts\/1156\/revisions"}],"predecessor-version":[{"id":1163,"href":"https:\/\/albert.radom.pl\/index.php?rest_route=\/wp\/v2\/posts\/1156\/revisions\/1163"}],"wp:featuredmedia":[{"embeddable":true,"href":"https:\/\/albert.radom.pl\/index.php?rest_route=\/wp\/v2\/media\/1157"}],"wp:attachment":[{"href":"https:\/\/albert.radom.pl\/index.php?rest_route=%2Fwp%2Fv2%2Fmedia&parent=1156"}],"wp:term":[{"taxonomy":"category","embeddable":true,"href":"https:\/\/albert.radom.pl\/index.php?rest_route=%2Fwp%2Fv2%2Fcategories&post=1156"},{"taxonomy":"post_tag","embeddable":true,"href":"https:\/\/albert.radom.pl\/index.php?rest_route=%2Fwp%2Fv2%2Ftags&post=1156"}],"curies":[{"name":"wp","href":"https:\/\/api.w.org\/{rel}","templated":true}]}}