{"id":1188,"date":"2022-12-21T19:34:55","date_gmt":"2022-12-21T18:34:55","guid":{"rendered":"https:\/\/albert.radom.pl\/?p=1188"},"modified":"2022-12-21T19:35:34","modified_gmt":"2022-12-21T18:35:34","slug":"wigilia-przyjaciol-bezdomnych","status":"publish","type":"post","link":"https:\/\/albert.radom.pl\/?p=1188","title":{"rendered":"Wigilia Przyjaci\u00f3\u0142 Bezdomnych"},"content":{"rendered":"<p>W \u015brodowe popo\u0142udnie w sali na plebanii zrobi\u0142o si\u0119 gwarno i t\u0142oczno za spraw\u0105 Przyjaci\u00f3\u0142 Bezdomnych, kt\u00f3rzy na spotkanie wigilijne zaprosili swoich podopiecznych.<!--more--><\/p>\n<p>Spotkanie rozpocz\u0119\u0142o si\u0119 od wsp\u00f3lnej modlitwy, kt\u00f3r\u0105 poprowadzi\u0142 Ksi\u0105dz Proboszcz Marek oraz wolontariusze Przyjaci\u00f3\u0142 Bezdomnych. Dla os\u00f3b bezdomnych przygotowano ciep\u0142y posi\u0142ek oraz drobne upominki.<\/p>\n<p>Spotkanie op\u0142atkowe sta\u0142o si\u0119 okazj\u0105 do tego by podzi\u0119kowa\u0107 wszystkim zaanga\u017cowanym w rodzinie Przyjaci\u00f3\u0142 Bezdomnych, kt\u00f3rzy realizuj\u0105 sw\u00f3j charyzmat na wz\u00f3r patrona naszej parafii \u015bw. Brata Alberta.<\/p>\n<p>Przyjaciele Bezdomnych funkcjonuj\u0105 od ponad 5 lat. Duchow\u0105 opiek\u0119 nad wsp\u00f3lnot\u0105 sprawuje Ksi\u0105dz Marek Janas, proboszcz parafii \u015bw. Brata Alberta w Radomiu. Przyjaciele Bezdomnych zapraszaj\u0105 osoby dotkni\u0119te bezdomno\u015bci\u0105 na posi\u0142ki w \u015brody o 16:00 oraz soboty o 12:30. Wolontariusze poza systematyczn\u0105 pomoc\u0105 osobom bezdomnym wspieraj\u0105 swoich podopiecznych duchowo modl\u0105c si\u0119 z nimi w ka\u017cdy pi\u0105tek o godz. 15:00 w Altanie w Parku Ko\u015bciuszki.<\/p>\n<p>Ponadto wolontariusze podejmuj\u0105 sta\u0142\u0105 formacj\u0119 gromadz\u0105c si\u0119 na nabo\u017ce\u0144stwie do \u015bw. Brata Alberta ka\u017cdego 17-tego dnia miesi\u0105ca w ko\u015bciele parafialnym oraz na spotkaniach formacyjnych.<\/p>\n<p>Osoby, kt\u00f3re chcia\u0142yby do\u0142\u0105czy\u0107 do wsp\u00f3lnoty lub wesprze\u0107 ich pos\u0142ug\u0119 pomoc\u0105 materialn\u0105 zach\u0119camy do odwiedzenie facebookowego fanpage: PRZYJACIELE BEZDOMNYCH<\/p>\n<div id='gallery-1' class='gallery galleryid-1188 gallery-columns-3 gallery-size-medium'><figure class='gallery-item'>\n\t\t\t<div class='gallery-icon landscape'>\n\t\t\t\t<a href='https:\/\/albert.radom.pl\/wp-content\/uploads\/2022\/12\/PB-WIG01.jpeg'><img loading=\"lazy\" decoding=\"async\" width=\"300\" height=\"226\" src=\"https:\/\/albert.radom.pl\/wp-content\/uploads\/2022\/12\/PB-WIG01-300x226.jpeg\" class=\"attachment-medium size-medium\" alt=\"\" srcset=\"https:\/\/albert.radom.pl\/wp-content\/uploads\/2022\/12\/PB-WIG01-300x226.jpeg 300w, https:\/\/albert.radom.pl\/wp-content\/uploads\/2022\/12\/PB-WIG01-768x578.jpeg 768w, https:\/\/albert.radom.pl\/wp-content\/uploads\/2022\/12\/PB-WIG01.jpeg 1000w\" sizes=\"auto, (max-width: 300px) 100vw, 300px\" \/><\/a>\n\t\t\t<\/div><\/figure><figure class='gallery-item'>\n\t\t\t<div class='gallery-icon landscape'>\n\t\t\t\t<a href='https:\/\/albert.radom.pl\/wp-content\/uploads\/2022\/12\/PB-WIG02.jpeg'><img loading=\"lazy\" decoding=\"async\" width=\"300\" height=\"225\" src=\"https:\/\/albert.radom.pl\/wp-content\/uploads\/2022\/12\/PB-WIG02-300x225.jpeg\" class=\"attachment-medium size-medium\" alt=\"\" srcset=\"https:\/\/albert.radom.pl\/wp-content\/uploads\/2022\/12\/PB-WIG02-300x225.jpeg 300w, https:\/\/albert.radom.pl\/wp-content\/uploads\/2022\/12\/PB-WIG02-768x576.jpeg 768w, https:\/\/albert.radom.pl\/wp-content\/uploads\/2022\/12\/PB-WIG02.jpeg 1000w\" sizes=\"auto, (max-width: 300px) 100vw, 300px\" \/><\/a>\n\t\t\t<\/div><\/figure><figure class='gallery-item'>\n\t\t\t<div class='gallery-icon landscape'>\n\t\t\t\t<a href='https:\/\/albert.radom.pl\/wp-content\/uploads\/2022\/12\/PB-WIG3.jpeg'><img loading=\"lazy\" decoding=\"async\" width=\"300\" height=\"225\" src=\"https:\/\/albert.radom.pl\/wp-content\/uploads\/2022\/12\/PB-WIG3-300x225.jpeg\" class=\"attachment-medium size-medium\" alt=\"\" srcset=\"https:\/\/albert.radom.pl\/wp-content\/uploads\/2022\/12\/PB-WIG3-300x225.jpeg 300w, https:\/\/albert.radom.pl\/wp-content\/uploads\/2022\/12\/PB-WIG3-768x576.jpeg 768w, https:\/\/albert.radom.pl\/wp-content\/uploads\/2022\/12\/PB-WIG3.jpeg 1000w\" sizes=\"auto, (max-width: 300px) 100vw, 300px\" \/><\/a>\n\t\t\t<\/div><\/figure><figure class='gallery-item'>\n\t\t\t<div class='gallery-icon landscape'>\n\t\t\t\t<a href='https:\/\/albert.radom.pl\/wp-content\/uploads\/2022\/12\/PB-WIG5.jpeg'><img loading=\"lazy\" decoding=\"async\" width=\"300\" height=\"225\" src=\"https:\/\/albert.radom.pl\/wp-content\/uploads\/2022\/12\/PB-WIG5-300x225.jpeg\" class=\"attachment-medium size-medium\" alt=\"\" srcset=\"https:\/\/albert.radom.pl\/wp-content\/uploads\/2022\/12\/PB-WIG5-300x225.jpeg 300w, https:\/\/albert.radom.pl\/wp-content\/uploads\/2022\/12\/PB-WIG5-768x576.jpeg 768w, https:\/\/albert.radom.pl\/wp-content\/uploads\/2022\/12\/PB-WIG5.jpeg 1000w\" sizes=\"auto, (max-width: 300px) 100vw, 300px\" \/><\/a>\n\t\t\t<\/div><\/figure><figure class='gallery-item'>\n\t\t\t<div class='gallery-icon landscape'>\n\t\t\t\t<a href='https:\/\/albert.radom.pl\/wp-content\/uploads\/2022\/12\/PB-WIG4.jpeg'><img loading=\"lazy\" decoding=\"async\" width=\"300\" height=\"225\" src=\"https:\/\/albert.radom.pl\/wp-content\/uploads\/2022\/12\/PB-WIG4-300x225.jpeg\" class=\"attachment-medium size-medium\" alt=\"\" srcset=\"https:\/\/albert.radom.pl\/wp-content\/uploads\/2022\/12\/PB-WIG4-300x225.jpeg 300w, https:\/\/albert.radom.pl\/wp-content\/uploads\/2022\/12\/PB-WIG4-768x576.jpeg 768w, https:\/\/albert.radom.pl\/wp-content\/uploads\/2022\/12\/PB-WIG4.jpeg 1000w\" sizes=\"auto, (max-width: 300px) 100vw, 300px\" \/><\/a>\n\t\t\t<\/div><\/figure><figure class='gallery-item'>\n\t\t\t<div class='gallery-icon landscape'>\n\t\t\t\t<a href='https:\/\/albert.radom.pl\/wp-content\/uploads\/2022\/12\/PB-WIG6.jpeg'><img loading=\"lazy\" decoding=\"async\" width=\"300\" height=\"225\" src=\"https:\/\/albert.radom.pl\/wp-content\/uploads\/2022\/12\/PB-WIG6-300x225.jpeg\" class=\"attachment-medium size-medium\" alt=\"\" srcset=\"https:\/\/albert.radom.pl\/wp-content\/uploads\/2022\/12\/PB-WIG6-300x225.jpeg 300w, https:\/\/albert.radom.pl\/wp-content\/uploads\/2022\/12\/PB-WIG6-768x576.jpeg 768w, https:\/\/albert.radom.pl\/wp-content\/uploads\/2022\/12\/PB-WIG6.jpeg 1000w\" sizes=\"auto, (max-width: 300px) 100vw, 300px\" \/><\/a>\n\t\t\t<\/div><\/figure><figure class='gallery-item'>\n\t\t\t<div class='gallery-icon landscape'>\n\t\t\t\t<a href='https:\/\/albert.radom.pl\/wp-content\/uploads\/2022\/12\/PB-WIG7.jpeg'><img loading=\"lazy\" decoding=\"async\" width=\"300\" height=\"225\" src=\"https:\/\/albert.radom.pl\/wp-content\/uploads\/2022\/12\/PB-WIG7-300x225.jpeg\" class=\"attachment-medium size-medium\" alt=\"\" srcset=\"https:\/\/albert.radom.pl\/wp-content\/uploads\/2022\/12\/PB-WIG7-300x225.jpeg 300w, https:\/\/albert.radom.pl\/wp-content\/uploads\/2022\/12\/PB-WIG7-768x576.jpeg 768w, https:\/\/albert.radom.pl\/wp-content\/uploads\/2022\/12\/PB-WIG7.jpeg 1000w\" sizes=\"auto, (max-width: 300px) 100vw, 300px\" \/><\/a>\n\t\t\t<\/div><\/figure>\n\t\t<\/div>\n\n","protected":false},"excerpt":{"rendered":"<p>W \u015brodowe popo\u0142udnie w sali na plebanii zrobi\u0142o si\u0119 gwarno i t\u0142oczno za spraw\u0105 Przyjaci\u00f3\u0142&#8230;<\/p>\n","protected":false},"author":1,"featured_media":1183,"comment_status":"closed","ping_status":"closed","sticky":false,"template":"","format":"standard","meta":{"footnotes":""},"categories":[19,12,55],"tags":[],"class_list":["post-1188","post","type-post","status-publish","format-standard","has-post-thumbnail","hentry","category-aktualnosci","category-galeria","category-przyjaciele-bezdomnych"],"featured_image_urls":{"full":["https:\/\/albert.radom.pl\/wp-content\/uploads\/2022\/12\/PB-WIG3.jpeg",1000,750,false],"thumbnail":["https:\/\/albert.radom.pl\/wp-content\/uploads\/2022\/12\/PB-WIG3-150x150.jpeg",150,150,true],"medium":["https:\/\/albert.radom.pl\/wp-content\/uploads\/2022\/12\/PB-WIG3-300x225.jpeg",300,225,true],"medium_large":["https:\/\/albert.radom.pl\/wp-content\/uploads\/2022\/12\/PB-WIG3-768x576.jpeg",640,480,true],"large":["https:\/\/albert.radom.pl\/wp-content\/uploads\/2022\/12\/PB-WIG3.jpeg",640,480,false],"1536x1536":["https:\/\/albert.radom.pl\/wp-content\/uploads\/2022\/12\/PB-WIG3.jpeg",1000,750,false],"2048x2048":["https:\/\/albert.radom.pl\/wp-content\/uploads\/2022\/12\/PB-WIG3.jpeg",1000,750,false],"newsever-slider-full":["https:\/\/albert.radom.pl\/wp-content\/uploads\/2022\/12\/PB-WIG3.jpeg",1000,750,false],"newsever-featured":["https:\/\/albert.radom.pl\/wp-content\/uploads\/2022\/12\/PB-WIG3.jpeg",1000,750,false],"newsever-medium":["https:\/\/albert.radom.pl\/wp-content\/uploads\/2022\/12\/PB-WIG3-720x475.jpeg",720,475,true]},"author_info":{"display_name":"xdar","author_link":"https:\/\/albert.radom.pl\/?author=1"},"category_info":"<a href=\"https:\/\/albert.radom.pl\/?cat=19\" rel=\"category\">Aktualno\u015bci<\/a> <a href=\"https:\/\/albert.radom.pl\/?cat=12\" rel=\"category\">Galerie<\/a> <a href=\"https:\/\/albert.radom.pl\/?cat=55\" rel=\"category\">Przyjaciele bezdomnych<\/a>","tag_info":"Przyjaciele bezdomnych","comment_count":"0","_links":{"self":[{"href":"https:\/\/albert.radom.pl\/index.php?rest_route=\/wp\/v2\/posts\/1188","targetHints":{"allow":["GET"]}}],"collection":[{"href":"https:\/\/albert.radom.pl\/index.php?rest_route=\/wp\/v2\/posts"}],"about":[{"href":"https:\/\/albert.radom.pl\/index.php?rest_route=\/wp\/v2\/types\/post"}],"author":[{"embeddable":true,"href":"https:\/\/albert.radom.pl\/index.php?rest_route=\/wp\/v2\/users\/1"}],"replies":[{"embeddable":true,"href":"https:\/\/albert.radom.pl\/index.php?rest_route=%2Fwp%2Fv2%2Fcomments&post=1188"}],"version-history":[{"count":1,"href":"https:\/\/albert.radom.pl\/index.php?rest_route=\/wp\/v2\/posts\/1188\/revisions"}],"predecessor-version":[{"id":1189,"href":"https:\/\/albert.radom.pl\/index.php?rest_route=\/wp\/v2\/posts\/1188\/revisions\/1189"}],"wp:featuredmedia":[{"embeddable":true,"href":"https:\/\/albert.radom.pl\/index.php?rest_route=\/wp\/v2\/media\/1183"}],"wp:attachment":[{"href":"https:\/\/albert.radom.pl\/index.php?rest_route=%2Fwp%2Fv2%2Fmedia&parent=1188"}],"wp:term":[{"taxonomy":"category","embeddable":true,"href":"https:\/\/albert.radom.pl\/index.php?rest_route=%2Fwp%2Fv2%2Fcategories&post=1188"},{"taxonomy":"post_tag","embeddable":true,"href":"https:\/\/albert.radom.pl\/index.php?rest_route=%2Fwp%2Fv2%2Ftags&post=1188"}],"curies":[{"name":"wp","href":"https:\/\/api.w.org\/{rel}","templated":true}]}}