{"id":1198,"date":"2022-12-23T20:28:15","date_gmt":"2022-12-23T19:28:15","guid":{"rendered":"https:\/\/albert.radom.pl\/?p=1198"},"modified":"2022-12-28T10:46:19","modified_gmt":"2022-12-28T09:46:19","slug":"slowo-biskupa-radomskiego-na-boze-narodzenie-2022","status":"publish","type":"post","link":"https:\/\/albert.radom.pl\/?p=1198","title":{"rendered":"S\u0142owo Biskupa Radomskiego na Bo\u017ce Narodzenie 2022"},"content":{"rendered":"<p>Moi Drodzy!<br \/>\nUroczysto\u015b\u0107 Narodzenia Pa\u0144skiego pozwala nam na nowo prze\u017cy\u0107 tajemnic\u0119 blisko\u015bci Boga i zawierzy\u0107 Jego opiece nasze \u017cyciowe sprawy.<!--more--><\/p>\n<p>Dzi\u0119kuj\u0119 wam za ofiarne i pe\u0142ne duchowej troski prze\u017cycie czasu Adwentu. Tak wiele dzieci, m\u0142odzie\u017cy i starszych os\u00f3b przyj\u0119\u0142o z ufno\u015bci\u0105 wo\u0142anie \u015bw. Jana Chrzciciela, aby odnowi\u0107 swoje \u017cycie i umocni\u0107 wiar\u0119. Wasze uczestnictwo w Mszach \u015awi\u0119tych roratnich, refleksja rekolekcyjna i przyjmowane sakramenty sprawi\u0142y, \u017ce stali\u015bcie si\u0119 tak\u017ce zwiastunami i opiekunami dzie\u0142 Boga w \u017cyciu innych ludzi.<\/p>\n<p>Dzi\u0119kuj\u0119 kap\u0142anom, kt\u00f3rzy z oddaniem \u015bw. J\u00f3zefa stali si\u0119 opiekunami tajemnic Boga w \u017cyciu wiernych i poprzez swoja pos\u0142ug\u0119 pomogli im odnale\u017a\u0107 i odnowi\u0107 osobist\u0105 wi\u0119\u017a z Bogiem.<\/p>\n<p>Niech macierzy\u0144skie oddanie i wstawiennictwo Matki Bo\u017cej b\u0119dzie wsparciem dla wszystkich rodzin, a szczeg\u00f3lnie niech umacnia tych, kt\u00f3rzy do\u015bwiadczaj\u0105 trudno\u015bci i trac\u0105 nadziej\u0119 wobec prze\u017cywanych wyzwa\u0144.<\/p>\n<p>Dla ca\u0142ej wsp\u00f3lnoty diecezji radomskiej i tych, kt\u00f3rzy jednocz\u0105 si\u0119 z nami, wypraszam mocy Bo\u017cego b\u0142ogos\u0142awie\u0144stwa i \u017cycz\u0119, aby\u015bmy odnowili nasze \u017cycie z Bogiem, umocnili jedno\u015b\u0107 w naszych rodzinach, parafiach i ca\u0142ej wsp\u00f3lnocie Ko\u015bcio\u0142a radomskiego oraz stali si\u0119 \u015bwiadkami Boga dla innych.<\/p>\n<p>Niech s\u0142owa \u201eOr\u0119dzia z groty betlejemskiej\u201d pomog\u0105 nam dobrze prze\u017cy\u0107 pi\u0119kny czas Narodzenia Pa\u0144skiego:<br \/>\nNarodzi\u0142em si\u0119 nagi, m\u00f3wi B\u00f3g, aby\u015b ty potrafi\u0142 wyrzeka\u0107 si\u0119 siebie samego.<br \/>\nNarodzi\u0142em si\u0119 ubogi, aby\u015b ty m\u00f3g\u0142 uzna\u0107 Mnie za jedyne bogactwo.<br \/>\nNarodzi\u0142em si\u0119 w stajni, aby\u015b ty nauczy\u0142 si\u0119 u\u015bwi\u0119ca\u0107 ka\u017cde miejsce.<br \/>\nNarodzi\u0142em si\u0119 bezsilny, aby\u015b ty nigdy si\u0119 mnie nie l\u0119ka\u0142.<br \/>\nNarodzi\u0142em si\u0119 z mi\u0142o\u015bci, aby\u015b ty nigdy nie zw\u0105tpi\u0142 w moj\u0105 mi\u0142o\u015b\u0107.<br \/>\nNarodzi\u0142em si\u0119 w nocy, aby\u015b ty uwierzy\u0142, i\u017c mog\u0119 rozja\u015bni\u0107 ka\u017cd\u0105 rzeczywisto\u015b\u0107 spowit\u0105 ciemno\u015bci\u0105.<br \/>\nNarodzi\u0142em si\u0119 w ludzkiej postaci, m\u00f3wi B\u00f3g, aby\u015b ty nigdy nie wstydzi\u0142 si\u0119 by\u0107 sob\u0105.<br \/>\nNarodzi\u0142em si\u0119 jako cz\u0142owiek, aby\u015b ty m\u00f3g\u0142 sta\u0107 si\u0119 \u201esynem Bo\u017cym\u201d.<br \/>\nNarodzi\u0142em si\u0119 prze\u015bladowany od pocz\u0105tku, aby\u015b ty nauczy\u0142 si\u0119 przyjmowa\u0107 wszelkie trudno\u015bci.<br \/>\nNarodzi\u0142em si\u0119 w prostocie, aby\u015b ty nie by\u0142 wewn\u0119trznie zagmatwany.<br \/>\nNarodzi\u0142em si\u0119 w twoim ludzkim \u017cyciu, m\u00f3wi B\u00f3g, aby wszystkich ludzi zaprowadzi\u0107 do domu Ojca.<\/p>\n<p style=\"text-align: right;\">Wasz biskup Marek<\/p>\n<p>Foto: Radio Plus Radom<\/p>\n","protected":false},"excerpt":{"rendered":"<p>Moi Drodzy! Uroczysto\u015b\u0107 Narodzenia Pa\u0144skiego pozwala nam na nowo prze\u017cy\u0107 tajemnic\u0119 blisko\u015bci Boga i zawierzy\u0107&#8230;<\/p>\n","protected":false},"author":1,"featured_media":1197,"comment_status":"closed","ping_status":"closed","sticky":false,"template":"","format":"standard","meta":{"footnotes":""},"categories":[19,68,67],"tags":[],"class_list":["post-1198","post","type-post","status-publish","format-standard","has-post-thumbnail","hentry","category-aktualnosci","category-boze-narodzenie","category-bp-marek-solarczyk"],"featured_image_urls":{"full":["https:\/\/albert.radom.pl\/wp-content\/uploads\/2022\/12\/bb9dc777be64952e52ce28e606b5ce5f_XL.jpg",940,713,false],"thumbnail":["https:\/\/albert.radom.pl\/wp-content\/uploads\/2022\/12\/bb9dc777be64952e52ce28e606b5ce5f_XL-150x150.jpg",150,150,true],"medium":["https:\/\/albert.radom.pl\/wp-content\/uploads\/2022\/12\/bb9dc777be64952e52ce28e606b5ce5f_XL-300x228.jpg",300,228,true],"medium_large":["https:\/\/albert.radom.pl\/wp-content\/uploads\/2022\/12\/bb9dc777be64952e52ce28e606b5ce5f_XL-768x583.jpg",640,486,true],"large":["https:\/\/albert.radom.pl\/wp-content\/uploads\/2022\/12\/bb9dc777be64952e52ce28e606b5ce5f_XL.jpg",640,485,false],"1536x1536":["https:\/\/albert.radom.pl\/wp-content\/uploads\/2022\/12\/bb9dc777be64952e52ce28e606b5ce5f_XL.jpg",940,713,false],"2048x2048":["https:\/\/albert.radom.pl\/wp-content\/uploads\/2022\/12\/bb9dc777be64952e52ce28e606b5ce5f_XL.jpg",940,713,false],"newsever-slider-full":["https:\/\/albert.radom.pl\/wp-content\/uploads\/2022\/12\/bb9dc777be64952e52ce28e606b5ce5f_XL.jpg",940,713,false],"newsever-featured":["https:\/\/albert.radom.pl\/wp-content\/uploads\/2022\/12\/bb9dc777be64952e52ce28e606b5ce5f_XL.jpg",940,713,false],"newsever-medium":["https:\/\/albert.radom.pl\/wp-content\/uploads\/2022\/12\/bb9dc777be64952e52ce28e606b5ce5f_XL-720x475.jpg",720,475,true]},"author_info":{"display_name":"xdar","author_link":"https:\/\/albert.radom.pl\/?author=1"},"category_info":"<a href=\"https:\/\/albert.radom.pl\/?cat=19\" rel=\"category\">Aktualno\u015bci<\/a> <a href=\"https:\/\/albert.radom.pl\/?cat=68\" rel=\"category\">Bo\u017ce Narodzenie<\/a> <a href=\"https:\/\/albert.radom.pl\/?cat=67\" rel=\"category\">Bp Marek Solarczyk<\/a>","tag_info":"Bp Marek Solarczyk","comment_count":"0","_links":{"self":[{"href":"https:\/\/albert.radom.pl\/index.php?rest_route=\/wp\/v2\/posts\/1198","targetHints":{"allow":["GET"]}}],"collection":[{"href":"https:\/\/albert.radom.pl\/index.php?rest_route=\/wp\/v2\/posts"}],"about":[{"href":"https:\/\/albert.radom.pl\/index.php?rest_route=\/wp\/v2\/types\/post"}],"author":[{"embeddable":true,"href":"https:\/\/albert.radom.pl\/index.php?rest_route=\/wp\/v2\/users\/1"}],"replies":[{"embeddable":true,"href":"https:\/\/albert.radom.pl\/index.php?rest_route=%2Fwp%2Fv2%2Fcomments&post=1198"}],"version-history":[{"count":3,"href":"https:\/\/albert.radom.pl\/index.php?rest_route=\/wp\/v2\/posts\/1198\/revisions"}],"predecessor-version":[{"id":1203,"href":"https:\/\/albert.radom.pl\/index.php?rest_route=\/wp\/v2\/posts\/1198\/revisions\/1203"}],"wp:featuredmedia":[{"embeddable":true,"href":"https:\/\/albert.radom.pl\/index.php?rest_route=\/wp\/v2\/media\/1197"}],"wp:attachment":[{"href":"https:\/\/albert.radom.pl\/index.php?rest_route=%2Fwp%2Fv2%2Fmedia&parent=1198"}],"wp:term":[{"taxonomy":"category","embeddable":true,"href":"https:\/\/albert.radom.pl\/index.php?rest_route=%2Fwp%2Fv2%2Fcategories&post=1198"},{"taxonomy":"post_tag","embeddable":true,"href":"https:\/\/albert.radom.pl\/index.php?rest_route=%2Fwp%2Fv2%2Ftags&post=1198"}],"curies":[{"name":"wp","href":"https:\/\/api.w.org\/{rel}","templated":true}]}}