{"id":1204,"date":"2022-12-23T20:42:17","date_gmt":"2022-12-23T19:42:17","guid":{"rendered":"https:\/\/albert.radom.pl\/?p=1204"},"modified":"2022-12-28T10:46:39","modified_gmt":"2022-12-28T09:46:39","slug":"swiateczne-zyczenia-na-boze-narodzenie-2022","status":"publish","type":"post","link":"https:\/\/albert.radom.pl\/?p=1204","title":{"rendered":"\u015awi\u0105teczne \u017cyczenia na Bo\u017ce Narodzenie 2022"},"content":{"rendered":"<blockquote><p>Niepoj\u0119ta mi\u0142o\u015b\u0107 Bo\u017ca zosta\u0142a objawiona w Jezusie Chrystusie.<br \/>\nNiech ta Mi\u0142o\u015b\u0107 ogarnie ka\u017cdego i ka\u017cd\u0105 z Was<br \/>\nTworz\u0105cych nasz\u0105 wsp\u00f3lnot\u0119 \u015bw. Brata Alberta.<br \/>\nNiech ta Mi\u0142o\u015b\u0107 przejawia si\u0119\u00a0w rodzinnej wsp\u00f3lnocie<br \/>\npe\u0142nej ciep\u0142a i wzajemnej serdeczno\u015bci;<br \/>\nw dzieci\u0119cej ufno\u015bci i prostocie;<br \/>\nw m\u0142odzie\u0144czym zapale i rado\u015bci;<br \/>\nw ma\u0142\u017ce\u0144skiej trosce i wdzi\u0119czno\u015bci;<br \/>\nw pokoju wieku s\u0119dziwego.<br \/>\nNiech te \u015awi\u0119ta Bo\u017cego Narodzenia<br \/>\npozwol\u0105 Wam odczu\u0107 blisko\u015b\u0107 Boga.<br \/>\nNiech ka\u017cdy poczuje si\u0119 kochanym i obdarowanym przez Niego.<br \/>\n\u017byczymy Drogim Parafianom oraz Mi\u0142ym Go\u015bciom,<br \/>\n\u017ceby mi\u0142o\u015b\u0107, rado\u015b\u0107 i pok\u00f3j, kt\u00f3re przynosi Bo\u017ca Dziecina<br \/>\ngo\u015bci\u0142y w Waszym \u017cyciu ka\u017cdego dnia i by\u0142y nadziej\u0105 na lepsze jutro.<br \/>\nNiech Dobry B\u00f3g udziela ka\u017cdej i ka\u017cdemu z Was<br \/>\nhojnie swojego b\u0142ogos\u0142awie\u0144stwa.<br \/>\nNiech Maryja, kt\u00f3r\u0105 czcimy jako Bogarodzic\u0119,<br \/>\notacza Was p\u0142aszczem matczynej opieki.<br \/>\nB\u0142ogos\u0142awionych i rodzinnych \u015awi\u0105t Narodzenia Pa\u0144skiego.<\/p>\n<p><span style=\"text-align: right;\">Wasi Duszpasterze<\/span><\/p><\/blockquote>\n<p style=\"text-align: center;\"><img loading=\"lazy\" decoding=\"async\" class=\"aligncenter wp-image-1210 size-full\" src=\"https:\/\/albert.radom.pl\/wp-content\/uploads\/2022\/12\/oplatek_wigilijny_640x0_rozmiar-niestandardowy.jpg\" alt=\"\" width=\"640\" height=\"475\" srcset=\"https:\/\/albert.radom.pl\/wp-content\/uploads\/2022\/12\/oplatek_wigilijny_640x0_rozmiar-niestandardowy.jpg 640w, https:\/\/albert.radom.pl\/wp-content\/uploads\/2022\/12\/oplatek_wigilijny_640x0_rozmiar-niestandardowy-300x223.jpg 300w\" sizes=\"auto, (max-width: 640px) 100vw, 640px\" \/><\/p>\n","protected":false},"excerpt":{"rendered":"<p>Niepoj\u0119ta mi\u0142o\u015b\u0107 Bo\u017ca zosta\u0142a objawiona w Jezusie Chrystusie. Niech ta Mi\u0142o\u015b\u0107 ogarnie ka\u017cdego i ka\u017cd\u0105&#8230;<\/p>\n","protected":false},"author":1,"featured_media":1190,"comment_status":"closed","ping_status":"closed","sticky":false,"template":"","format":"standard","meta":{"footnotes":""},"categories":[19,68],"tags":[],"class_list":["post-1204","post","type-post","status-publish","format-standard","has-post-thumbnail","hentry","category-aktualnosci","category-boze-narodzenie"],"featured_image_urls":{"full":["https:\/\/albert.radom.pl\/wp-content\/uploads\/2022\/12\/comment_g7mTwaSh6gbpf4HcJfguGmT8A4I6Utvw.jpg",1000,822,false],"thumbnail":["https:\/\/albert.radom.pl\/wp-content\/uploads\/2022\/12\/comment_g7mTwaSh6gbpf4HcJfguGmT8A4I6Utvw-150x150.jpg",150,150,true],"medium":["https:\/\/albert.radom.pl\/wp-content\/uploads\/2022\/12\/comment_g7mTwaSh6gbpf4HcJfguGmT8A4I6Utvw-300x247.jpg",300,247,true],"medium_large":["https:\/\/albert.radom.pl\/wp-content\/uploads\/2022\/12\/comment_g7mTwaSh6gbpf4HcJfguGmT8A4I6Utvw-768x631.jpg",640,526,true],"large":["https:\/\/albert.radom.pl\/wp-content\/uploads\/2022\/12\/comment_g7mTwaSh6gbpf4HcJfguGmT8A4I6Utvw.jpg",640,526,false],"1536x1536":["https:\/\/albert.radom.pl\/wp-content\/uploads\/2022\/12\/comment_g7mTwaSh6gbpf4HcJfguGmT8A4I6Utvw.jpg",1000,822,false],"2048x2048":["https:\/\/albert.radom.pl\/wp-content\/uploads\/2022\/12\/comment_g7mTwaSh6gbpf4HcJfguGmT8A4I6Utvw.jpg",1000,822,false],"newsever-slider-full":["https:\/\/albert.radom.pl\/wp-content\/uploads\/2022\/12\/comment_g7mTwaSh6gbpf4HcJfguGmT8A4I6Utvw.jpg",1000,822,false],"newsever-featured":["https:\/\/albert.radom.pl\/wp-content\/uploads\/2022\/12\/comment_g7mTwaSh6gbpf4HcJfguGmT8A4I6Utvw.jpg",1000,822,false],"newsever-medium":["https:\/\/albert.radom.pl\/wp-content\/uploads\/2022\/12\/comment_g7mTwaSh6gbpf4HcJfguGmT8A4I6Utvw-720x475.jpg",720,475,true]},"author_info":{"display_name":"xdar","author_link":"https:\/\/albert.radom.pl\/?author=1"},"category_info":"<a href=\"https:\/\/albert.radom.pl\/?cat=19\" rel=\"category\">Aktualno\u015bci<\/a> <a href=\"https:\/\/albert.radom.pl\/?cat=68\" rel=\"category\">Bo\u017ce Narodzenie<\/a>","tag_info":"Bo\u017ce Narodzenie","comment_count":"0","_links":{"self":[{"href":"https:\/\/albert.radom.pl\/index.php?rest_route=\/wp\/v2\/posts\/1204","targetHints":{"allow":["GET"]}}],"collection":[{"href":"https:\/\/albert.radom.pl\/index.php?rest_route=\/wp\/v2\/posts"}],"about":[{"href":"https:\/\/albert.radom.pl\/index.php?rest_route=\/wp\/v2\/types\/post"}],"author":[{"embeddable":true,"href":"https:\/\/albert.radom.pl\/index.php?rest_route=\/wp\/v2\/users\/1"}],"replies":[{"embeddable":true,"href":"https:\/\/albert.radom.pl\/index.php?rest_route=%2Fwp%2Fv2%2Fcomments&post=1204"}],"version-history":[{"count":6,"href":"https:\/\/albert.radom.pl\/index.php?rest_route=\/wp\/v2\/posts\/1204\/revisions"}],"predecessor-version":[{"id":1206,"href":"https:\/\/albert.radom.pl\/index.php?rest_route=\/wp\/v2\/posts\/1204\/revisions\/1206"}],"wp:featuredmedia":[{"embeddable":true,"href":"https:\/\/albert.radom.pl\/index.php?rest_route=\/wp\/v2\/media\/1190"}],"wp:attachment":[{"href":"https:\/\/albert.radom.pl\/index.php?rest_route=%2Fwp%2Fv2%2Fmedia&parent=1204"}],"wp:term":[{"taxonomy":"category","embeddable":true,"href":"https:\/\/albert.radom.pl\/index.php?rest_route=%2Fwp%2Fv2%2Fcategories&post=1204"},{"taxonomy":"post_tag","embeddable":true,"href":"https:\/\/albert.radom.pl\/index.php?rest_route=%2Fwp%2Fv2%2Ftags&post=1204"}],"curies":[{"name":"wp","href":"https:\/\/api.w.org\/{rel}","templated":true}]}}