{"id":1336,"date":"2022-12-28T10:24:12","date_gmt":"2022-12-28T09:24:12","guid":{"rendered":"https:\/\/albert.radom.pl\/?p=1336"},"modified":"2023-01-15T20:06:29","modified_gmt":"2023-01-15T19:06:29","slug":"konkurs-na-najladniejsza-szopke-zachecamy-do-glosowania","status":"publish","type":"post","link":"https:\/\/albert.radom.pl\/?p=1336","title":{"rendered":"Konkurs na naj\u0142adniejsz\u0105 szopk\u0119 &#8211; ZACH\u0118CAMY DO G\u0141OSOWANIA !"},"content":{"rendered":"<p>Dekoracja bo\u017conarodzeniowa, wykonana w tym roku w naszej \u015bwi\u0105tyni zosta\u0142a zg\u0142oszona do Diecezjalnego Konkursu na naj\u0142adniejsz\u0105 i najciekawsz\u0105 szopk\u0119. <span style=\"text-decoration: underline; color: #ff0000;\"><strong>Zach\u0119camy do g\u0142osowania!<\/strong><\/span><\/p>\n<p><!--more-->Na stronie Portalu Diecezji Radomskiej (<a href=\"https:\/\/www.diecezja.radom.pl\/\"><strong>www.diecezja.radom.pl<\/strong><\/a>) jest za\u0142o\u017cona <a href=\"https:\/\/photos.app.goo.gl\/boo27DctPu8fCmTg9\" target=\"_blank\" rel=\"noopener\">\u201e<strong>GALERIA<\/strong><strong>BO\u017bONARODZENIOWA\u201d<\/strong><\/a> tegorocznych dekoracji.<\/p>\n<p>Zdj\u0119cia b\u0119dzie te\u017c mo\u017cna ogl\u0105da\u0107 m.in. na stronie Radia Plus Radom (<a href=\"http:\/\/www.radioplus.com.pl\/\"><strong>www.radioplus.com.pl<\/strong><\/a>) oraz w mediach spo\u0142eczno\u015bciowych (<a href=\"http:\/\/www.facebook.com\/diecezjaradom\"><strong>www.facebook.com\/diecezjaradom<\/strong><\/a> i <a href=\"http:\/\/www.facebook.com\/plusradom\"><strong>www.facebook.com\/plusradom<\/strong><\/a>), gdzie b\u0119dzie mo\u017cna odda\u0107 sw\u00f3j g\u0142os.<\/p>\n<p><strong>Jak odda\u0107 g\u0142os? <\/strong><\/p>\n<p>Poprzez <strong>klikni\u0119cie r\u00f3\u017cnych opcji <em><u>\u201elaik\u00f3w\u201d<\/u><\/em> <\/strong>(<em>\u201esuper!\u201d<\/em> \u2013 5 pkt., <em>\u201ewow!\u201d<\/em> \u2013 3 pkt., <em>\u201eha ha\u201d<\/em> \u2013 2 pkt., <em>\u201elubi\u0119 to!\u201d<\/em> \u2013 1 pkt) b\u0119dzie mo\u017cna dokona\u0107 oceny zdj\u0119\u0107 (<strong>uwaga!<\/strong> nie liczymy \u201eserduszek\u201d w komentarzach, ale komentarze s\u0105 dla nas bardzo cenne).<\/p>\n<p><img loading=\"lazy\" decoding=\"async\" class=\"aligncenter size-large wp-image-1337\" src=\"https:\/\/albert.radom.pl\/wp-content\/uploads\/2022\/12\/KONKURS_BN2022_instrukcja-1024x641.jpg\" alt=\"\" width=\"640\" height=\"401\" srcset=\"https:\/\/albert.radom.pl\/wp-content\/uploads\/2022\/12\/KONKURS_BN2022_instrukcja-1024x641.jpg 1024w, https:\/\/albert.radom.pl\/wp-content\/uploads\/2022\/12\/KONKURS_BN2022_instrukcja-300x188.jpg 300w, https:\/\/albert.radom.pl\/wp-content\/uploads\/2022\/12\/KONKURS_BN2022_instrukcja-768x481.jpg 768w, https:\/\/albert.radom.pl\/wp-content\/uploads\/2022\/12\/KONKURS_BN2022_instrukcja.jpg 1058w\" sizes=\"auto, (max-width: 640px) 100vw, 640px\" \/><\/p>\n<p><strong>Zwyci\u0119\u017cy<\/strong> dekoracja, kt\u00f3rej <strong>suma g\u0142os\u00f3w oddanych na trzy przes\u0142ane zdj\u0119cia<\/strong> b\u0119dzie <strong>najwi\u0119ksza<\/strong>.<\/p>\n<p>Rozstrzygni\u0119cie i og\u0142oszenie wynik\u00f3w konkursu odb\u0119dzie si\u0119 w niedziel\u0119 <strong>8 stycznia 2023 r.<\/strong><\/p>\n","protected":false},"excerpt":{"rendered":"<p>Dekoracja bo\u017conarodzeniowa, wykonana w tym roku w naszej \u015bwi\u0105tyni zosta\u0142a zg\u0142oszona do Diecezjalnego Konkursu na&#8230;<\/p>\n","protected":false},"author":1,"featured_media":1337,"comment_status":"closed","ping_status":"closed","sticky":false,"template":"","format":"standard","meta":{"footnotes":""},"categories":[19,68,12],"tags":[],"class_list":["post-1336","post","type-post","status-publish","format-standard","has-post-thumbnail","hentry","category-aktualnosci","category-boze-narodzenie","category-galeria"],"featured_image_urls":{"full":["https:\/\/albert.radom.pl\/wp-content\/uploads\/2022\/12\/KONKURS_BN2022_instrukcja.jpg",1058,662,false],"thumbnail":["https:\/\/albert.radom.pl\/wp-content\/uploads\/2022\/12\/KONKURS_BN2022_instrukcja-150x150.jpg",150,150,true],"medium":["https:\/\/albert.radom.pl\/wp-content\/uploads\/2022\/12\/KONKURS_BN2022_instrukcja-300x188.jpg",300,188,true],"medium_large":["https:\/\/albert.radom.pl\/wp-content\/uploads\/2022\/12\/KONKURS_BN2022_instrukcja-768x481.jpg",640,401,true],"large":["https:\/\/albert.radom.pl\/wp-content\/uploads\/2022\/12\/KONKURS_BN2022_instrukcja-1024x641.jpg",640,401,true],"1536x1536":["https:\/\/albert.radom.pl\/wp-content\/uploads\/2022\/12\/KONKURS_BN2022_instrukcja.jpg",1058,662,false],"2048x2048":["https:\/\/albert.radom.pl\/wp-content\/uploads\/2022\/12\/KONKURS_BN2022_instrukcja.jpg",1058,662,false],"newsever-slider-full":["https:\/\/albert.radom.pl\/wp-content\/uploads\/2022\/12\/KONKURS_BN2022_instrukcja.jpg",1058,662,false],"newsever-featured":["https:\/\/albert.radom.pl\/wp-content\/uploads\/2022\/12\/KONKURS_BN2022_instrukcja-1024x641.jpg",1024,641,true],"newsever-medium":["https:\/\/albert.radom.pl\/wp-content\/uploads\/2022\/12\/KONKURS_BN2022_instrukcja-720x475.jpg",720,475,true]},"author_info":{"display_name":"xdar","author_link":"https:\/\/albert.radom.pl\/?author=1"},"category_info":"<a href=\"https:\/\/albert.radom.pl\/?cat=19\" rel=\"category\">Aktualno\u015bci<\/a> <a href=\"https:\/\/albert.radom.pl\/?cat=68\" rel=\"category\">Bo\u017ce Narodzenie<\/a> <a href=\"https:\/\/albert.radom.pl\/?cat=12\" rel=\"category\">Galerie<\/a>","tag_info":"Galerie","comment_count":"0","_links":{"self":[{"href":"https:\/\/albert.radom.pl\/index.php?rest_route=\/wp\/v2\/posts\/1336","targetHints":{"allow":["GET"]}}],"collection":[{"href":"https:\/\/albert.radom.pl\/index.php?rest_route=\/wp\/v2\/posts"}],"about":[{"href":"https:\/\/albert.radom.pl\/index.php?rest_route=\/wp\/v2\/types\/post"}],"author":[{"embeddable":true,"href":"https:\/\/albert.radom.pl\/index.php?rest_route=\/wp\/v2\/users\/1"}],"replies":[{"embeddable":true,"href":"https:\/\/albert.radom.pl\/index.php?rest_route=%2Fwp%2Fv2%2Fcomments&post=1336"}],"version-history":[{"count":2,"href":"https:\/\/albert.radom.pl\/index.php?rest_route=\/wp\/v2\/posts\/1336\/revisions"}],"predecessor-version":[{"id":1339,"href":"https:\/\/albert.radom.pl\/index.php?rest_route=\/wp\/v2\/posts\/1336\/revisions\/1339"}],"wp:featuredmedia":[{"embeddable":true,"href":"https:\/\/albert.radom.pl\/index.php?rest_route=\/wp\/v2\/media\/1337"}],"wp:attachment":[{"href":"https:\/\/albert.radom.pl\/index.php?rest_route=%2Fwp%2Fv2%2Fmedia&parent=1336"}],"wp:term":[{"taxonomy":"category","embeddable":true,"href":"https:\/\/albert.radom.pl\/index.php?rest_route=%2Fwp%2Fv2%2Fcategories&post=1336"},{"taxonomy":"post_tag","embeddable":true,"href":"https:\/\/albert.radom.pl\/index.php?rest_route=%2Fwp%2Fv2%2Ftags&post=1336"}],"curies":[{"name":"wp","href":"https:\/\/api.w.org\/{rel}","templated":true}]}}