{"id":1425,"date":"2023-01-21T10:09:14","date_gmt":"2023-01-21T09:09:14","guid":{"rendered":"https:\/\/albert.radom.pl\/?p=1425"},"modified":"2023-01-28T17:21:44","modified_gmt":"2023-01-28T16:21:44","slug":"niedziela-slowa-bozego","status":"publish","type":"post","link":"https:\/\/albert.radom.pl\/?p=1425","title":{"rendered":"Niedziela S\u0142owa Bo\u017cego"},"content":{"rendered":"<p><strong>Trzeba si\u0119 zachwyci\u0107 Pismem \u015awi\u0119tym i w nim rozmi\u0142owa\u0107. Trzeba je pokocha\u0107. Pokocha\u0107 \u017cyw\u0105 Osob\u0119, kt\u00f3ra jest w nim obecna jak w tabernakulum. Pokocha\u0107 Pismo \u015awi\u0119te jak Jezusa, Nauczyciela i Pana<\/strong> \u2013 powiedzia\u0142 ks. prof. Henryk Witczyk, przewodnicz\u0105cy Dzie\u0142a Biblijnego im. \u015bw. Jana Paw\u0142a II, w wywiadzie dla Biura Prasowego Konferencji Episkopatu Polski, z okazji Niedzieli S\u0142owa Bo\u017cego, kt\u00f3r\u0105 obchodzimy w III niedziel\u0119 zwyk\u0142\u0105. W tym roku przypada ona 22 stycznia.<!--more--><\/p>\n<p style=\"text-align: right;\">Pe\u0142na tre\u015b\u0107 wywiadu: <a href=\"https:\/\/episkopat.pl\/ks-prof-witczyk-na-niedziele-slowa-bozego-trzeba-sie-zachwycic-pismem-swietym\/\" target=\"_blank\" rel=\"noopener\">TUTAJ<\/a><\/p>\n<p><img loading=\"lazy\" decoding=\"async\" class=\"aligncenter size-full wp-image-1424\" style=\"text-align: center;\" src=\"https:\/\/albert.radom.pl\/wp-content\/uploads\/2023\/01\/Niedziela-Slowa-Bozego-22.01.2023.jpg\" alt=\"\" width=\"932\" height=\"326\" srcset=\"https:\/\/albert.radom.pl\/wp-content\/uploads\/2023\/01\/Niedziela-Slowa-Bozego-22.01.2023.jpg 932w, https:\/\/albert.radom.pl\/wp-content\/uploads\/2023\/01\/Niedziela-Slowa-Bozego-22.01.2023-300x105.jpg 300w, https:\/\/albert.radom.pl\/wp-content\/uploads\/2023\/01\/Niedziela-Slowa-Bozego-22.01.2023-768x269.jpg 768w\" sizes=\"auto, (max-width: 932px) 100vw, 932px\" \/><\/p>\n<p>Niedziela S\u0142owa Bo\u017cego to celebracja, refleksja i krzewienie S\u0142owa Bo\u017cego <a href=\"https:\/\/radioplus.com.pl\/diecezja\/68384-niedziela-slowa-bozego-to-celebracja-refleksja-i-krzewienie-slowa-bozego\" target=\"_blank\" rel=\"noopener\">Wi\u0119cej na Radio Plus Radom<\/a><\/p>\n<p style=\"text-align: center;\"><img loading=\"lazy\" decoding=\"async\" class=\"aligncenter size-large wp-image-1422\" src=\"https:\/\/albert.radom.pl\/wp-content\/uploads\/2023\/01\/Niedziela_SB_23_r._-724x1024.jpg\" alt=\"\" width=\"640\" height=\"905\" srcset=\"https:\/\/albert.radom.pl\/wp-content\/uploads\/2023\/01\/Niedziela_SB_23_r._-724x1024.jpg 724w, https:\/\/albert.radom.pl\/wp-content\/uploads\/2023\/01\/Niedziela_SB_23_r._-212x300.jpg 212w, https:\/\/albert.radom.pl\/wp-content\/uploads\/2023\/01\/Niedziela_SB_23_r._-768x1086.jpg 768w, https:\/\/albert.radom.pl\/wp-content\/uploads\/2023\/01\/Niedziela_SB_23_r._.jpg 1024w\" sizes=\"auto, (max-width: 640px) 100vw, 640px\" \/><\/p>\n","protected":false},"excerpt":{"rendered":"<p>Trzeba si\u0119 zachwyci\u0107 Pismem \u015awi\u0119tym i w nim rozmi\u0142owa\u0107. Trzeba je pokocha\u0107. Pokocha\u0107 \u017cyw\u0105 Osob\u0119,&#8230;<\/p>\n","protected":false},"author":1,"featured_media":1423,"comment_status":"closed","ping_status":"closed","sticky":false,"template":"","format":"standard","meta":{"footnotes":""},"categories":[19,59],"tags":[],"class_list":["post-1425","post","type-post","status-publish","format-standard","has-post-thumbnail","hentry","category-aktualnosci","category-zycie-kosciola"],"featured_image_urls":{"full":["https:\/\/albert.radom.pl\/wp-content\/uploads\/2023\/01\/Niedziela-Slowa-Bozego.jpg",1280,696,false],"thumbnail":["https:\/\/albert.radom.pl\/wp-content\/uploads\/2023\/01\/Niedziela-Slowa-Bozego-150x150.jpg",150,150,true],"medium":["https:\/\/albert.radom.pl\/wp-content\/uploads\/2023\/01\/Niedziela-Slowa-Bozego-300x163.jpg",300,163,true],"medium_large":["https:\/\/albert.radom.pl\/wp-content\/uploads\/2023\/01\/Niedziela-Slowa-Bozego-768x418.jpg",640,348,true],"large":["https:\/\/albert.radom.pl\/wp-content\/uploads\/2023\/01\/Niedziela-Slowa-Bozego-1024x557.jpg",640,348,true],"1536x1536":["https:\/\/albert.radom.pl\/wp-content\/uploads\/2023\/01\/Niedziela-Slowa-Bozego.jpg",1280,696,false],"2048x2048":["https:\/\/albert.radom.pl\/wp-content\/uploads\/2023\/01\/Niedziela-Slowa-Bozego.jpg",1280,696,false],"newsever-slider-full":["https:\/\/albert.radom.pl\/wp-content\/uploads\/2023\/01\/Niedziela-Slowa-Bozego.jpg",1280,696,false],"newsever-featured":["https:\/\/albert.radom.pl\/wp-content\/uploads\/2023\/01\/Niedziela-Slowa-Bozego-1024x557.jpg",1024,557,true],"newsever-medium":["https:\/\/albert.radom.pl\/wp-content\/uploads\/2023\/01\/Niedziela-Slowa-Bozego-720x475.jpg",720,475,true]},"author_info":{"display_name":"xdar","author_link":"https:\/\/albert.radom.pl\/?author=1"},"category_info":"<a href=\"https:\/\/albert.radom.pl\/?cat=19\" rel=\"category\">Aktualno\u015bci<\/a> <a href=\"https:\/\/albert.radom.pl\/?cat=59\" rel=\"category\">\u017bycie Ko\u015bcio\u0142a<\/a>","tag_info":"\u017bycie Ko\u015bcio\u0142a","comment_count":"0","_links":{"self":[{"href":"https:\/\/albert.radom.pl\/index.php?rest_route=\/wp\/v2\/posts\/1425","targetHints":{"allow":["GET"]}}],"collection":[{"href":"https:\/\/albert.radom.pl\/index.php?rest_route=\/wp\/v2\/posts"}],"about":[{"href":"https:\/\/albert.radom.pl\/index.php?rest_route=\/wp\/v2\/types\/post"}],"author":[{"embeddable":true,"href":"https:\/\/albert.radom.pl\/index.php?rest_route=\/wp\/v2\/users\/1"}],"replies":[{"embeddable":true,"href":"https:\/\/albert.radom.pl\/index.php?rest_route=%2Fwp%2Fv2%2Fcomments&post=1425"}],"version-history":[{"count":6,"href":"https:\/\/albert.radom.pl\/index.php?rest_route=\/wp\/v2\/posts\/1425\/revisions"}],"predecessor-version":[{"id":1431,"href":"https:\/\/albert.radom.pl\/index.php?rest_route=\/wp\/v2\/posts\/1425\/revisions\/1431"}],"wp:featuredmedia":[{"embeddable":true,"href":"https:\/\/albert.radom.pl\/index.php?rest_route=\/wp\/v2\/media\/1423"}],"wp:attachment":[{"href":"https:\/\/albert.radom.pl\/index.php?rest_route=%2Fwp%2Fv2%2Fmedia&parent=1425"}],"wp:term":[{"taxonomy":"category","embeddable":true,"href":"https:\/\/albert.radom.pl\/index.php?rest_route=%2Fwp%2Fv2%2Fcategories&post=1425"},{"taxonomy":"post_tag","embeddable":true,"href":"https:\/\/albert.radom.pl\/index.php?rest_route=%2Fwp%2Fv2%2Ftags&post=1425"}],"curies":[{"name":"wp","href":"https:\/\/api.w.org\/{rel}","templated":true}]}}