{"id":1437,"date":"2023-01-21T20:51:00","date_gmt":"2023-01-21T19:51:00","guid":{"rendered":"https:\/\/albert.radom.pl\/?p=1437"},"modified":"2023-01-21T20:51:00","modified_gmt":"2023-01-21T19:51:00","slug":"zycie-z-predkoscia-swiatla-rozmowa-z-postulatorem-procesu-beatyfikacyjnego-heleny-kmiec","status":"publish","type":"post","link":"https:\/\/albert.radom.pl\/?p=1437","title":{"rendered":"&#8222;\u017bycie z pr\u0119dko\u015bci\u0105 \u015bwiat\u0142a&#8221; &#8211; rozmowa z postulatorem procesu beatyfikacyjnego Heleny Kmie\u0107."},"content":{"rendered":"<p><strong>&#8222;\u017bycie z pr\u0119dko\u015bci\u0105 \u015bwiat\u0142a&#8221;. W najnowszym numerze Go\u015bcia Niedzielnego Magdalena Dobrzyniak rozmawia z postulatorem procesu beatyfikacyjnego Heleny Kmie\u0107.<\/strong><br \/>\n<!--more--><\/p>\n<p>Ponadto w numerze mi\u0119dzy innymi:<\/p>\n<p>&#8222;\u017bycie u boku Benedykta&#8221; &#8211; Beata ZAJ\u0104CZKOWSKA opowiada o nowej ksi\u0105\u017cce abp. Georga G\u00e4nsweina.<br \/>\n&#8222;Problem kremacji&#8221; &#8211; ks. Tomasz JAKLEWICZ wyja\u015bnia stanowisko Ko\u015bcio\u0142a w sprawie spopielania zw\u0142ok.<br \/>\n&#8222;Dziedziniec Benedykta&#8221; &#8211; Jacek DZIEDZINA pisze o Dziedzi\u0144cu Pogan, zainicjowanej przez Benedykta XVI przestrzeni spotkania wierz\u0105cych z niewierz\u0105cymi.<br \/>\n&#8222;Przemieniony, nawr\u00f3cony, powo\u0142any&#8221; &#8211; ks. Rafa\u0142 BOGACKI przygl\u0105da si\u0119 scenie nawr\u00f3cenia \u015bw. Paw\u0142a.<br \/>\n&#8222;To s\u0105 szczyty!&#8221; &#8211; Marcin JAKIMOWICZ wspomina zmar\u0142ego niedawno ks. Romana Rogowskiego.<br \/>\n&#8222;Kara \u015bmierci a \u015bwi\u0119to\u015b\u0107 \u017cycia&#8221; &#8211; Bogumi\u0142 \u0141OZI\u0143SKI przypomina nauczanie Ko\u015bcio\u0142a w kwestii kary \u015bmierci.<\/p>\n<p><strong>A w &#8222;Go\u015bciu Radomskim AVE&#8221;:<\/strong><\/p>\n<p>Noworoczne spotkanie Akcji Katolickiej.<br \/>\nOp\u0142atek samorz\u0105dowc\u00f3w z ordynariuszem radomskim.<br \/>\nDiecezjalny fina\u0142 Olimpiady Teologii Katolickiej.<br \/>\nNoworoczny zjazd organist\u00f3w.<br \/>\nSpotkanie doradc\u00f3w \u017cycia rodzinnego.<br \/>\nJase\u0142ka m\u0142odzie\u017cy z Drogi Neokatechumenalnej.<br \/>\nNoworoczne spotkanie Towarzystwa Przyjaci\u00f3\u0142 Seminarium.<\/p>\n<p style=\"text-align: center;\"><img loading=\"lazy\" decoding=\"async\" class=\"aligncenter size-full wp-image-1435\" src=\"https:\/\/albert.radom.pl\/wp-content\/uploads\/2023\/01\/039000_ye2R_gn03_okladka_82.jpg.webp\" alt=\"\" width=\"389\" height=\"520\" srcset=\"https:\/\/albert.radom.pl\/wp-content\/uploads\/2023\/01\/039000_ye2R_gn03_okladka_82.jpg.webp 389w, https:\/\/albert.radom.pl\/wp-content\/uploads\/2023\/01\/039000_ye2R_gn03_okladka_82.jpg-224x300.webp 224w\" sizes=\"auto, (max-width: 389px) 100vw, 389px\" \/><\/p>\n","protected":false},"excerpt":{"rendered":"<p>&#8222;\u017bycie z pr\u0119dko\u015bci\u0105 \u015bwiat\u0142a&#8221;. W najnowszym numerze Go\u015bcia Niedzielnego Magdalena Dobrzyniak rozmawia z postulatorem procesu&#8230;<\/p>\n","protected":false},"author":1,"featured_media":1436,"comment_status":"closed","ping_status":"closed","sticky":false,"template":"","format":"standard","meta":{"footnotes":""},"categories":[19,69,59],"tags":[],"class_list":["post-1437","post","type-post","status-publish","format-standard","has-post-thumbnail","hentry","category-aktualnosci","category-gosc-niedzielny","category-zycie-kosciola"],"featured_image_urls":{"full":["https:\/\/albert.radom.pl\/wp-content\/uploads\/2023\/01\/294119_Gl75_okladka_GN03_montaz_90.jpg.webp",360,260,false],"thumbnail":["https:\/\/albert.radom.pl\/wp-content\/uploads\/2023\/01\/294119_Gl75_okladka_GN03_montaz_90.jpg-150x150.webp",150,150,true],"medium":["https:\/\/albert.radom.pl\/wp-content\/uploads\/2023\/01\/294119_Gl75_okladka_GN03_montaz_90.jpg-300x217.webp",300,217,true],"medium_large":["https:\/\/albert.radom.pl\/wp-content\/uploads\/2023\/01\/294119_Gl75_okladka_GN03_montaz_90.jpg.webp",360,260,false],"large":["https:\/\/albert.radom.pl\/wp-content\/uploads\/2023\/01\/294119_Gl75_okladka_GN03_montaz_90.jpg.webp",360,260,false],"1536x1536":["https:\/\/albert.radom.pl\/wp-content\/uploads\/2023\/01\/294119_Gl75_okladka_GN03_montaz_90.jpg.webp",360,260,false],"2048x2048":["https:\/\/albert.radom.pl\/wp-content\/uploads\/2023\/01\/294119_Gl75_okladka_GN03_montaz_90.jpg.webp",360,260,false],"newsever-slider-full":["https:\/\/albert.radom.pl\/wp-content\/uploads\/2023\/01\/294119_Gl75_okladka_GN03_montaz_90.jpg.webp",360,260,false],"newsever-featured":["https:\/\/albert.radom.pl\/wp-content\/uploads\/2023\/01\/294119_Gl75_okladka_GN03_montaz_90.jpg.webp",360,260,false],"newsever-medium":["https:\/\/albert.radom.pl\/wp-content\/uploads\/2023\/01\/294119_Gl75_okladka_GN03_montaz_90.jpg.webp",360,260,false]},"author_info":{"display_name":"xdar","author_link":"https:\/\/albert.radom.pl\/?author=1"},"category_info":"<a href=\"https:\/\/albert.radom.pl\/?cat=19\" rel=\"category\">Aktualno\u015bci<\/a> <a href=\"https:\/\/albert.radom.pl\/?cat=69\" rel=\"category\">Go\u015b\u0107 Niedzielny<\/a> <a href=\"https:\/\/albert.radom.pl\/?cat=59\" rel=\"category\">\u017bycie Ko\u015bcio\u0142a<\/a>","tag_info":"\u017bycie Ko\u015bcio\u0142a","comment_count":"0","_links":{"self":[{"href":"https:\/\/albert.radom.pl\/index.php?rest_route=\/wp\/v2\/posts\/1437","targetHints":{"allow":["GET"]}}],"collection":[{"href":"https:\/\/albert.radom.pl\/index.php?rest_route=\/wp\/v2\/posts"}],"about":[{"href":"https:\/\/albert.radom.pl\/index.php?rest_route=\/wp\/v2\/types\/post"}],"author":[{"embeddable":true,"href":"https:\/\/albert.radom.pl\/index.php?rest_route=\/wp\/v2\/users\/1"}],"replies":[{"embeddable":true,"href":"https:\/\/albert.radom.pl\/index.php?rest_route=%2Fwp%2Fv2%2Fcomments&post=1437"}],"version-history":[{"count":1,"href":"https:\/\/albert.radom.pl\/index.php?rest_route=\/wp\/v2\/posts\/1437\/revisions"}],"predecessor-version":[{"id":1438,"href":"https:\/\/albert.radom.pl\/index.php?rest_route=\/wp\/v2\/posts\/1437\/revisions\/1438"}],"wp:featuredmedia":[{"embeddable":true,"href":"https:\/\/albert.radom.pl\/index.php?rest_route=\/wp\/v2\/media\/1436"}],"wp:attachment":[{"href":"https:\/\/albert.radom.pl\/index.php?rest_route=%2Fwp%2Fv2%2Fmedia&parent=1437"}],"wp:term":[{"taxonomy":"category","embeddable":true,"href":"https:\/\/albert.radom.pl\/index.php?rest_route=%2Fwp%2Fv2%2Fcategories&post=1437"},{"taxonomy":"post_tag","embeddable":true,"href":"https:\/\/albert.radom.pl\/index.php?rest_route=%2Fwp%2Fv2%2Ftags&post=1437"}],"curies":[{"name":"wp","href":"https:\/\/api.w.org\/{rel}","templated":true}]}}