{"id":1446,"date":"2023-02-04T19:40:23","date_gmt":"2023-02-04T18:40:23","guid":{"rendered":"https:\/\/albert.radom.pl\/?p=1446"},"modified":"2023-02-04T19:40:23","modified_gmt":"2023-02-04T18:40:23","slug":"kino-drogowskazy-projekcja-filmu-pt-medjugorje-w-resursie","status":"publish","type":"post","link":"https:\/\/albert.radom.pl\/?p=1446","title":{"rendered":"Kino DROGOWSKAZY: Projekcja filmu pt: &#8222;Medjugorje&#8221; w Resursie"},"content":{"rendered":"<p>G\u0142o\u015bny dokument pt: Medjugorje b\u0119dzie mo\u017cna zobaczy\u0107 w Resursie Obywatelskiej w ramach cyklu Drogowskazy. Projekcje w \u015brod\u0119, 8 lutego o godz. 12.00 i 18.00.<!--more--><\/p>\n<p>Cho\u0107 Watykan uwa\u017ca, \u017ce na ostateczne stanowisko w sprawie objawie\u0144 jeszcze za wcze\u015bnie, Medjugorie sta\u0142o si\u0119 pe\u0142noprawnym miejscem kultu. Dokumentalny film hiszpa\u0144skich tw\u00f3rc\u00f3w jest pr\u00f3b\u0105 odkrycia jego fenomenu, nazywanego przez niekt\u00f3rych \u201eprzedsionkiem nieba\u201d. To pozycja obowi\u0105zkowa dla ka\u017cdego, komu bliskie s\u0105 objawienia maryjne. W barwny spos\u00f3b opisuje histori\u0119 wydarze\u0144, skrupulatnie analizuje zmieniaj\u0105cy si\u0119 stosunek Ko\u015bcio\u0142a do nich, a tak\u017ce ukazuje wzruszaj\u0105ce \u015bwiadectwa ludzi, dla kt\u00f3rych Medjugorie sta\u0142o si\u0119 punktem zwrotnym w \u017cyciu (na podstawie opisu dystrybutora).<\/p>\n<p>Re\u017cyseria: Jes\u00fas Garc\u00eda, Borja Mart\u00ednez-Echevarr\u00eda. Czas trwania filmu: 120 min.<\/p>\n<p>Wst\u0119p p\u0142atny \u2013 10 z\u0142. Bilety w kasie Resursy: poniedzia\u0142ek-pi\u0105tek w godz. 10:00-16:00, na biletyna.pl oraz przed seansami.<\/p>\n<p><iframe loading=\"lazy\" title=\"Medjugorje | ZWIASTUN HD\" width=\"640\" height=\"360\" src=\"https:\/\/www.youtube.com\/embed\/B-6S4eLv6z4?feature=oembed\" frameborder=\"0\" allow=\"accelerometer; autoplay; clipboard-write; encrypted-media; gyroscope; picture-in-picture; web-share\" referrerpolicy=\"strict-origin-when-cross-origin\" allowfullscreen><\/iframe><\/p>\n","protected":false},"excerpt":{"rendered":"<p>G\u0142o\u015bny dokument pt: Medjugorje b\u0119dzie mo\u017cna zobaczy\u0107 w Resursie Obywatelskiej w ramach cyklu Drogowskazy. Projekcje&#8230;<\/p>\n","protected":false},"author":1,"featured_media":1445,"comment_status":"closed","ping_status":"closed","sticky":false,"template":"","format":"standard","meta":{"footnotes":""},"categories":[39,13,14],"tags":[],"class_list":["post-1446","post","type-post","status-publish","format-standard","has-post-thumbnail","hentry","category-film","category-kultura-i-sztuka","category-polecamy"],"featured_image_urls":{"full":["https:\/\/albert.radom.pl\/wp-content\/uploads\/2023\/02\/Projekcje-filmu-Medjugorje-w-Resursie-1024x576-1.jpg",1024,576,false],"thumbnail":["https:\/\/albert.radom.pl\/wp-content\/uploads\/2023\/02\/Projekcje-filmu-Medjugorje-w-Resursie-1024x576-1-150x150.jpg",150,150,true],"medium":["https:\/\/albert.radom.pl\/wp-content\/uploads\/2023\/02\/Projekcje-filmu-Medjugorje-w-Resursie-1024x576-1-300x169.jpg",300,169,true],"medium_large":["https:\/\/albert.radom.pl\/wp-content\/uploads\/2023\/02\/Projekcje-filmu-Medjugorje-w-Resursie-1024x576-1-768x432.jpg",640,360,true],"large":["https:\/\/albert.radom.pl\/wp-content\/uploads\/2023\/02\/Projekcje-filmu-Medjugorje-w-Resursie-1024x576-1.jpg",640,360,false],"1536x1536":["https:\/\/albert.radom.pl\/wp-content\/uploads\/2023\/02\/Projekcje-filmu-Medjugorje-w-Resursie-1024x576-1.jpg",1024,576,false],"2048x2048":["https:\/\/albert.radom.pl\/wp-content\/uploads\/2023\/02\/Projekcje-filmu-Medjugorje-w-Resursie-1024x576-1.jpg",1024,576,false],"newsever-slider-full":["https:\/\/albert.radom.pl\/wp-content\/uploads\/2023\/02\/Projekcje-filmu-Medjugorje-w-Resursie-1024x576-1.jpg",1024,576,false],"newsever-featured":["https:\/\/albert.radom.pl\/wp-content\/uploads\/2023\/02\/Projekcje-filmu-Medjugorje-w-Resursie-1024x576-1.jpg",1024,576,false],"newsever-medium":["https:\/\/albert.radom.pl\/wp-content\/uploads\/2023\/02\/Projekcje-filmu-Medjugorje-w-Resursie-1024x576-1-720x475.jpg",720,475,true]},"author_info":{"display_name":"xdar","author_link":"https:\/\/albert.radom.pl\/?author=1"},"category_info":"<a href=\"https:\/\/albert.radom.pl\/?cat=39\" rel=\"category\">Film<\/a> <a href=\"https:\/\/albert.radom.pl\/?cat=13\" rel=\"category\">Kultura i sztuka<\/a> <a href=\"https:\/\/albert.radom.pl\/?cat=14\" rel=\"category\">Polecamy<\/a>","tag_info":"Polecamy","comment_count":"0","_links":{"self":[{"href":"https:\/\/albert.radom.pl\/index.php?rest_route=\/wp\/v2\/posts\/1446","targetHints":{"allow":["GET"]}}],"collection":[{"href":"https:\/\/albert.radom.pl\/index.php?rest_route=\/wp\/v2\/posts"}],"about":[{"href":"https:\/\/albert.radom.pl\/index.php?rest_route=\/wp\/v2\/types\/post"}],"author":[{"embeddable":true,"href":"https:\/\/albert.radom.pl\/index.php?rest_route=\/wp\/v2\/users\/1"}],"replies":[{"embeddable":true,"href":"https:\/\/albert.radom.pl\/index.php?rest_route=%2Fwp%2Fv2%2Fcomments&post=1446"}],"version-history":[{"count":1,"href":"https:\/\/albert.radom.pl\/index.php?rest_route=\/wp\/v2\/posts\/1446\/revisions"}],"predecessor-version":[{"id":1447,"href":"https:\/\/albert.radom.pl\/index.php?rest_route=\/wp\/v2\/posts\/1446\/revisions\/1447"}],"wp:featuredmedia":[{"embeddable":true,"href":"https:\/\/albert.radom.pl\/index.php?rest_route=\/wp\/v2\/media\/1445"}],"wp:attachment":[{"href":"https:\/\/albert.radom.pl\/index.php?rest_route=%2Fwp%2Fv2%2Fmedia&parent=1446"}],"wp:term":[{"taxonomy":"category","embeddable":true,"href":"https:\/\/albert.radom.pl\/index.php?rest_route=%2Fwp%2Fv2%2Fcategories&post=1446"},{"taxonomy":"post_tag","embeddable":true,"href":"https:\/\/albert.radom.pl\/index.php?rest_route=%2Fwp%2Fv2%2Ftags&post=1446"}],"curies":[{"name":"wp","href":"https:\/\/api.w.org\/{rel}","templated":true}]}}