{"id":1452,"date":"2023-02-11T20:24:11","date_gmt":"2023-02-11T19:24:11","guid":{"rendered":"https:\/\/albert.radom.pl\/?p=1452"},"modified":"2023-02-18T15:08:45","modified_gmt":"2023-02-18T14:08:45","slug":"komunikat-biskupa-radomskiego","status":"publish","type":"post","link":"https:\/\/albert.radom.pl\/?p=1452","title":{"rendered":"Komunikat Biskupa Radomskiego"},"content":{"rendered":"<p style=\"font-weight: 400;\">W ostatnich dniach dotar\u0142a do nas wiadomo\u015b\u0107 o trz\u0119sieniu ziemi, kt\u00f3re mia\u0142o miejsce na terenie Turcji i Syrii. <!--more-->Odpowiadaj\u0105c na Apel Przewodnicz\u0105cego Konferencji Episkopatu Polski, prosz\u0119 o modlitw\u0119 za ofiary i poszkodowanych w tym katakli\u017amie, a tak\u017ce za tych, kt\u00f3rzy z ogromnym po\u015bwi\u0119ceniem pospieszyli im na ratunek. Jednocze\u015bnie prosz\u0119, aby w najbli\u017csz\u0105 niedziel\u0119, tj. 12 lutego, po ka\u017cdej Mszy \u015awi\u0119tej, by\u0142y zbierane ofiary do puszek na pomoc poszkodowanym. Zebrane \u015brodki zostan\u0105 przekazane potrzebuj\u0105cym za po\u015brednictwem Caritas Polska.<\/p>\n<p style=\"text-align: right;\"><span style=\"font-weight: 400;\">Wasz Biskup Marek<\/span><\/p>\n","protected":false},"excerpt":{"rendered":"<p>W ostatnich dniach dotar\u0142a do nas wiadomo\u015b\u0107 o trz\u0119sieniu ziemi, kt\u00f3re mia\u0142o miejsce na terenie&#8230;<\/p>\n","protected":false},"author":1,"featured_media":1453,"comment_status":"closed","ping_status":"closed","sticky":false,"template":"","format":"standard","meta":{"footnotes":""},"categories":[19,67,59],"tags":[],"class_list":["post-1452","post","type-post","status-publish","format-standard","has-post-thumbnail","hentry","category-aktualnosci","category-bp-marek-solarczyk","category-zycie-kosciola"],"featured_image_urls":{"full":["https:\/\/albert.radom.pl\/wp-content\/uploads\/2023\/02\/solarczyk-flickr-episkopat-768x512-1.jpg",768,512,false],"thumbnail":["https:\/\/albert.radom.pl\/wp-content\/uploads\/2023\/02\/solarczyk-flickr-episkopat-768x512-1-150x150.jpg",150,150,true],"medium":["https:\/\/albert.radom.pl\/wp-content\/uploads\/2023\/02\/solarczyk-flickr-episkopat-768x512-1-300x200.jpg",300,200,true],"medium_large":["https:\/\/albert.radom.pl\/wp-content\/uploads\/2023\/02\/solarczyk-flickr-episkopat-768x512-1.jpg",640,427,false],"large":["https:\/\/albert.radom.pl\/wp-content\/uploads\/2023\/02\/solarczyk-flickr-episkopat-768x512-1.jpg",640,427,false],"1536x1536":["https:\/\/albert.radom.pl\/wp-content\/uploads\/2023\/02\/solarczyk-flickr-episkopat-768x512-1.jpg",768,512,false],"2048x2048":["https:\/\/albert.radom.pl\/wp-content\/uploads\/2023\/02\/solarczyk-flickr-episkopat-768x512-1.jpg",768,512,false],"newsever-slider-full":["https:\/\/albert.radom.pl\/wp-content\/uploads\/2023\/02\/solarczyk-flickr-episkopat-768x512-1.jpg",768,512,false],"newsever-featured":["https:\/\/albert.radom.pl\/wp-content\/uploads\/2023\/02\/solarczyk-flickr-episkopat-768x512-1.jpg",768,512,false],"newsever-medium":["https:\/\/albert.radom.pl\/wp-content\/uploads\/2023\/02\/solarczyk-flickr-episkopat-768x512-1-720x475.jpg",720,475,true]},"author_info":{"display_name":"xdar","author_link":"https:\/\/albert.radom.pl\/?author=1"},"category_info":"<a href=\"https:\/\/albert.radom.pl\/?cat=19\" rel=\"category\">Aktualno\u015bci<\/a> <a href=\"https:\/\/albert.radom.pl\/?cat=67\" rel=\"category\">Bp Marek Solarczyk<\/a> <a href=\"https:\/\/albert.radom.pl\/?cat=59\" rel=\"category\">\u017bycie Ko\u015bcio\u0142a<\/a>","tag_info":"\u017bycie Ko\u015bcio\u0142a","comment_count":"0","_links":{"self":[{"href":"https:\/\/albert.radom.pl\/index.php?rest_route=\/wp\/v2\/posts\/1452","targetHints":{"allow":["GET"]}}],"collection":[{"href":"https:\/\/albert.radom.pl\/index.php?rest_route=\/wp\/v2\/posts"}],"about":[{"href":"https:\/\/albert.radom.pl\/index.php?rest_route=\/wp\/v2\/types\/post"}],"author":[{"embeddable":true,"href":"https:\/\/albert.radom.pl\/index.php?rest_route=\/wp\/v2\/users\/1"}],"replies":[{"embeddable":true,"href":"https:\/\/albert.radom.pl\/index.php?rest_route=%2Fwp%2Fv2%2Fcomments&post=1452"}],"version-history":[{"count":1,"href":"https:\/\/albert.radom.pl\/index.php?rest_route=\/wp\/v2\/posts\/1452\/revisions"}],"predecessor-version":[{"id":1454,"href":"https:\/\/albert.radom.pl\/index.php?rest_route=\/wp\/v2\/posts\/1452\/revisions\/1454"}],"wp:featuredmedia":[{"embeddable":true,"href":"https:\/\/albert.radom.pl\/index.php?rest_route=\/wp\/v2\/media\/1453"}],"wp:attachment":[{"href":"https:\/\/albert.radom.pl\/index.php?rest_route=%2Fwp%2Fv2%2Fmedia&parent=1452"}],"wp:term":[{"taxonomy":"category","embeddable":true,"href":"https:\/\/albert.radom.pl\/index.php?rest_route=%2Fwp%2Fv2%2Fcategories&post=1452"},{"taxonomy":"post_tag","embeddable":true,"href":"https:\/\/albert.radom.pl\/index.php?rest_route=%2Fwp%2Fv2%2Ftags&post=1452"}],"curies":[{"name":"wp","href":"https:\/\/api.w.org\/{rel}","templated":true}]}}