{"id":1455,"date":"2023-02-11T20:39:56","date_gmt":"2023-02-11T19:39:56","guid":{"rendered":"https:\/\/albert.radom.pl\/?p=1455"},"modified":"2023-02-11T20:39:56","modified_gmt":"2023-02-11T19:39:56","slug":"karabanio-zaprasza-na-pasje-jezusa-chrystusa","status":"publish","type":"post","link":"https:\/\/albert.radom.pl\/?p=1455","title":{"rendered":"KARABANIO zaprasza na Pasj\u0119 Jezusa Chrystusa"},"content":{"rendered":"<p style=\"font-weight: 400;\">Pragniemy zaprosi\u0107 wszystkich wiernych na Oratorium \u201ePasja Jezusa Chrystusa&#8221; autorstwa Mariusza Kowalskiego. <!--more-->Patronat honorowy nad wydarzeniem obj\u0105\u0142 Ksi\u0105dz Biskup Marek Solarczyk. Go\u015bciem specjalnym b\u0119dzie Zesp\u00f3\u0142 Karabanio.<\/p>\n<p><iframe loading=\"lazy\" title=\"KARABANIO ZAPRASZA NA ORATORIUM PASJA JEZUSA CHRYSTUSA\" width=\"640\" height=\"360\" src=\"https:\/\/www.youtube.com\/embed\/c2uQUgrnL6M?feature=oembed\" frameborder=\"0\" allow=\"accelerometer; autoplay; clipboard-write; encrypted-media; gyroscope; picture-in-picture; web-share\" referrerpolicy=\"strict-origin-when-cross-origin\" allowfullscreen><\/iframe><\/p>\n<p style=\"font-weight: 400;\">Koncerty pasyjne odb\u0119d\u0105 si\u0119:<br \/>\n&#8211; 5 marca, g. 16.00 w parafii \u015aw. Faustyny Kowalskiej w Groszowicach;<br \/>\n&#8211; 12 marca, g. 17.00 w parafii \u015bw. Jana Chrzciciela w Stromcu;<br \/>\n&#8211; 19 marca, g. 17.30 w parafii \u015aw. Jana Paw\u0142a II na Sadkowie;<br \/>\n&#8211; 26 marca, g .18.30 w ko\u015bciele Tr\u00f3jcy Przenaj\u015bwi\u0119tszej w Radomiu;<br \/>\n&#8211; 2 kwietnia, g. 18.00 w parafii \u015aw. Krzy\u017ca w Radomiu.<\/p>\n<p style=\"font-weight: 400; text-align: right;\">Marlena Kowalska<br \/>\n<em style=\"font-weight: 400;\">Zesp\u00f3\u0142 Karabanio<\/em><\/p>\n<p style=\"text-align: right;\"><img loading=\"lazy\" decoding=\"async\" class=\"aligncenter size-full wp-image-1457\" src=\"https:\/\/albert.radom.pl\/wp-content\/uploads\/2023\/02\/681f9dd2389575bd299f026e2f86a238_XL.jpg\" alt=\"\" width=\"940\" height=\"627\" srcset=\"https:\/\/albert.radom.pl\/wp-content\/uploads\/2023\/02\/681f9dd2389575bd299f026e2f86a238_XL.jpg 940w, https:\/\/albert.radom.pl\/wp-content\/uploads\/2023\/02\/681f9dd2389575bd299f026e2f86a238_XL-300x200.jpg 300w, https:\/\/albert.radom.pl\/wp-content\/uploads\/2023\/02\/681f9dd2389575bd299f026e2f86a238_XL-768x512.jpg 768w\" sizes=\"auto, (max-width: 940px) 100vw, 940px\" \/>Foto: Radio Plus Radom<\/p>\n<p><iframe loading=\"lazy\" title=\"KARABANIO TRZY WYJ\u0104TKOWE KONCERTY PRZED NAMI\" width=\"640\" height=\"360\" src=\"https:\/\/www.youtube.com\/embed\/G9AlAn9UohQ?feature=oembed\" frameborder=\"0\" allow=\"accelerometer; autoplay; clipboard-write; encrypted-media; gyroscope; picture-in-picture; web-share\" referrerpolicy=\"strict-origin-when-cross-origin\" allowfullscreen><\/iframe><\/p>\n","protected":false},"excerpt":{"rendered":"<p>Pragniemy zaprosi\u0107 wszystkich wiernych na Oratorium \u201ePasja Jezusa Chrystusa&#8221; autorstwa Mariusza Kowalskiego.<\/p>\n","protected":false},"author":1,"featured_media":1456,"comment_status":"closed","ping_status":"closed","sticky":false,"template":"","format":"standard","meta":{"footnotes":""},"categories":[19,13,14,17],"tags":[],"class_list":["post-1455","post","type-post","status-publish","format-standard","has-post-thumbnail","hentry","category-aktualnosci","category-kultura-i-sztuka","category-polecamy","category-warto-obejrzec"],"featured_image_urls":{"full":["https:\/\/albert.radom.pl\/wp-content\/uploads\/2023\/02\/images-6.jpeg",299,168,false],"thumbnail":["https:\/\/albert.radom.pl\/wp-content\/uploads\/2023\/02\/images-6-150x150.jpeg",150,150,true],"medium":["https:\/\/albert.radom.pl\/wp-content\/uploads\/2023\/02\/images-6.jpeg",299,168,false],"medium_large":["https:\/\/albert.radom.pl\/wp-content\/uploads\/2023\/02\/images-6.jpeg",299,168,false],"large":["https:\/\/albert.radom.pl\/wp-content\/uploads\/2023\/02\/images-6.jpeg",299,168,false],"1536x1536":["https:\/\/albert.radom.pl\/wp-content\/uploads\/2023\/02\/images-6.jpeg",299,168,false],"2048x2048":["https:\/\/albert.radom.pl\/wp-content\/uploads\/2023\/02\/images-6.jpeg",299,168,false],"newsever-slider-full":["https:\/\/albert.radom.pl\/wp-content\/uploads\/2023\/02\/images-6.jpeg",299,168,false],"newsever-featured":["https:\/\/albert.radom.pl\/wp-content\/uploads\/2023\/02\/images-6.jpeg",299,168,false],"newsever-medium":["https:\/\/albert.radom.pl\/wp-content\/uploads\/2023\/02\/images-6.jpeg",299,168,false]},"author_info":{"display_name":"xdar","author_link":"https:\/\/albert.radom.pl\/?author=1"},"category_info":"<a href=\"https:\/\/albert.radom.pl\/?cat=19\" rel=\"category\">Aktualno\u015bci<\/a> <a href=\"https:\/\/albert.radom.pl\/?cat=13\" rel=\"category\">Kultura i sztuka<\/a> <a href=\"https:\/\/albert.radom.pl\/?cat=14\" rel=\"category\">Polecamy<\/a> <a href=\"https:\/\/albert.radom.pl\/?cat=17\" rel=\"category\">Warto obejrze\u0107<\/a>","tag_info":"Warto obejrze\u0107","comment_count":"0","_links":{"self":[{"href":"https:\/\/albert.radom.pl\/index.php?rest_route=\/wp\/v2\/posts\/1455","targetHints":{"allow":["GET"]}}],"collection":[{"href":"https:\/\/albert.radom.pl\/index.php?rest_route=\/wp\/v2\/posts"}],"about":[{"href":"https:\/\/albert.radom.pl\/index.php?rest_route=\/wp\/v2\/types\/post"}],"author":[{"embeddable":true,"href":"https:\/\/albert.radom.pl\/index.php?rest_route=\/wp\/v2\/users\/1"}],"replies":[{"embeddable":true,"href":"https:\/\/albert.radom.pl\/index.php?rest_route=%2Fwp%2Fv2%2Fcomments&post=1455"}],"version-history":[{"count":1,"href":"https:\/\/albert.radom.pl\/index.php?rest_route=\/wp\/v2\/posts\/1455\/revisions"}],"predecessor-version":[{"id":1458,"href":"https:\/\/albert.radom.pl\/index.php?rest_route=\/wp\/v2\/posts\/1455\/revisions\/1458"}],"wp:featuredmedia":[{"embeddable":true,"href":"https:\/\/albert.radom.pl\/index.php?rest_route=\/wp\/v2\/media\/1456"}],"wp:attachment":[{"href":"https:\/\/albert.radom.pl\/index.php?rest_route=%2Fwp%2Fv2%2Fmedia&parent=1455"}],"wp:term":[{"taxonomy":"category","embeddable":true,"href":"https:\/\/albert.radom.pl\/index.php?rest_route=%2Fwp%2Fv2%2Fcategories&post=1455"},{"taxonomy":"post_tag","embeddable":true,"href":"https:\/\/albert.radom.pl\/index.php?rest_route=%2Fwp%2Fv2%2Ftags&post=1455"}],"curies":[{"name":"wp","href":"https:\/\/api.w.org\/{rel}","templated":true}]}}