{"id":1464,"date":"2023-02-18T15:28:27","date_gmt":"2023-02-18T14:28:27","guid":{"rendered":"https:\/\/albert.radom.pl\/?p=1464"},"modified":"2023-02-20T11:59:54","modified_gmt":"2023-02-20T10:59:54","slug":"apel-przewodniczacego-episkopatu-w-zwiazku-z-pierwsza-rocznica-wojny-w-ukrainie","status":"publish","type":"post","link":"https:\/\/albert.radom.pl\/?p=1464","title":{"rendered":"Apel Przewodnicz\u0105cego Episkopatu w zwi\u0105zku z pierwsz\u0105 rocznic\u0105 wojny w Ukrainie"},"content":{"rendered":"<p><strong>Ukrai\u0144cy wci\u0105\u017c potrzebuj\u0105 naszej pomocy \u2013 napisa\u0142 przewodnicz\u0105cy Konferencji Episkopatu Polski abp Stanis\u0142aw G\u0105decki w zwi\u0105zku z przypadaj\u0105c\u0105 24 lutego pierwsz\u0105 rocznic\u0105 rosyjskiej agresji na Ukrain\u0119. Przewodnicz\u0105cy Episkopatu zaapelowa\u0142 o modlitw\u0119 w intencji sprawiedliwego pokoju i wsparcie materialne dla cierpi\u0105cych z powodu wojny. <\/strong><!--more--><\/p>\n<p>Abp G\u0105decki w specjalnym apelu zwr\u00f3ci\u0142 si\u0119 z pro\u015bb\u0105 do biskup\u00f3w, kap\u0142an\u00f3w, os\u00f3b \u017cycia konsekrowanego i wszystkich wiernych \u015bwieckich o to, aby we wszystkich ko\u015bcio\u0142ach w Polsce 24 lutego, w pierwsz\u0105 rocznic\u0105 wybuchu wojny za wschodni\u0105 granic\u0105 Polski, \u201ewznie\u015b\u0107 modlitwy w intencji sprawiedliwego pokoju w Ukrainie, a w niedziel\u0119 26 lutego br., po ka\u017cdej Mszy \u015awi\u0119tej, zorganizowa\u0107 zbi\u00f3rk\u0119 \u015brodk\u00f3w finansowych\u201d.<\/p>\n<p>Przypomnia\u0142, \u017ce od 24 lutego ubieg\u0142ego roku granice Polski przekroczy\u0142o 8,5 mln uchod\u017ac\u00f3w wojennych, a du\u017ca cz\u0119\u015b\u0107 z nich znalaz\u0142a w naszej ojczy\u017anie pomoc i schronienie. \u201eKo\u015bci\u00f3\u0142 w Polsce, za po\u015brednictwem Caritas Polska i Caritas diecezjalnych udzieli\u0142 wsparcia w r\u00f3\u017cnej formie ponad 2 mln uchod\u017ac\u00f3w. Warto\u015b\u0107 pomocy w postaci udzielenia schronienia, posi\u0142k\u00f3w, paczek \u017cywno\u015bciowych i dar\u00f3w rzeczowych oraz wsparcia integracyjnego wynios\u0142a ok. 337 mln z\u0142. Od pierwszych dni wojny Caritas udziela wsparcia rzeczowego w Ukrainie, wysy\u0142aj\u0105c transporty pomocy humanitarnej o warto\u015bci ok. 260 mln z\u0142.\u201d<\/p>\n<p>\u201ePo roku bohaterskiej obrony Ukrainy wojna trwa nadal, przynosz\u0105c kolejne ofiary i dalsze zniszczenia\u201d \u2013 napisa\u0142 abp G\u0105decki, apeluj\u0105c o dalsz\u0105 pomoc wszystkim dotkni\u0119tym wojn\u0105.<\/p>\n<p>\u201eUfam, \u017ce dzi\u0119ki modlitwie \u2013 ju\u017c wkr\u00f3tce \u2013 b\u0119dziemy cieszy\u0107 si\u0119 sprawiedliwym pokojem w Ukrainie, a dzi\u0119ki naszemu wsparciu materialnemu, \u017caden z naszych braci i si\u00f3str Ukrai\u0144c\u00f3w nie pozostanie bez pomocy\u201d \u2013 napisa\u0142 Przewodnicz\u0105cy Episkopatu Polski.<\/p>\n<p><strong>Publikujemy pe\u0142ny tekst apelu:<\/strong><\/p>\n<p style=\"text-align: left;\">Warszawa, dnia 16 lutego 2023 roku<\/p>\n<p style=\"text-align: center;\"><strong>APEL<br \/>\nPRZEWODNICZ\u0104CEGO KONFERENCJI EPISKOPATU POLSKI<br \/>\nW ZWI\u0104ZKU Z PIERWSZ\u0104 ROCZNIC\u0104 <\/strong><strong>AGRESJI ROSYJSKIEJ NA UKRAIN\u0118<\/strong><\/p>\n<p>W pi\u0105tek 24 lutego br. minie rok od zbrodniczej napa\u015bci Rosji na Ukrain\u0119. Do tej pory wojna poch\u0142on\u0119\u0142a setki tysi\u0119cy os\u00f3b, nie tylko \u017co\u0142nierzy, ale r\u00f3wnie\u017c cywil\u00f3w, w tym kobiety, dzieci i osoby starsze. Miliony os\u00f3b straci\u0142y domy i zosta\u0142y zmuszone do ucieczki w poszukiwaniu pomocy i bezpiecznego schronienia.<\/p>\n<p>W ewangelicznym ge\u015bcie mi\u0142osiernego samarytanina, otworzyli\u015bmy z hojno\u015bci\u0105 nasze domy i serca. Granice Polski przekroczy\u0142o 8,5 mln uchod\u017ac\u00f3w wojennych, a du\u017ca cz\u0119\u015b\u0107 z nich znalaz\u0142a w naszej ojczy\u017anie pomoc i schronienie. Osoby prywatne oraz instytucje przyst\u0105pi\u0142y do niesienia pomocy potrzebuj\u0105cym.<\/p>\n<p>Ko\u015bci\u00f3\u0142 w Polsce, za po\u015brednictwem Caritas Polska i Caritas diecezjalnych udzieli\u0142 wsparcia w r\u00f3\u017cnej formie ponad 2 mln uchod\u017ac\u00f3w. Warto\u015b\u0107 pomocy w\u00a0postaci udzielenia schronienia, posi\u0142k\u00f3w, paczek \u017cywno\u015bciowych i dar\u00f3w rzeczowych oraz wsparcia integracyjnego wynios\u0142a ok. 337 mln z\u0142. Od pierwszych dni wojny Caritas udziela wsparcia rzeczowego w Ukrainie, wysy\u0142aj\u0105c transporty pomocy humanitarnej o warto\u015bci ok. 260 mln z\u0142.<\/p>\n<p>Po roku bohaterskiej obrony Ukrainy wojna trwa nadal, przynosz\u0105c kolejne ofiary i dalsze zniszczenia. Ukrai\u0144cy wci\u0105\u017c potrzebuj\u0105 naszej pomocy. Z tego powodu, zwracam si\u0119 z apelem do ksi\u0119\u017cy biskup\u00f3w, kap\u0142an\u00f3w, os\u00f3b \u017cycia konsekrowanego i wszystkich wiernych \u015bwieckich, aby w pi\u0105tek 24 lutego br. we\u00a0wszystkich ko\u015bcio\u0142ach w Polsce wznie\u015b\u0107 modlitwy w intencji sprawiedliwego pokoju w Ukrainie, a w niedziel\u0119 26 lutego br., po ka\u017cdej Mszy \u015awi\u0119tej,\u00a0 zorganizowa\u0107 zbi\u00f3rk\u0119 \u015brodk\u00f3w finansowych, kt\u00f3re za po\u015brednictwem Caritas Polska, zostan\u0105 przeznaczone na pomoc ofiarom wojny.<\/p>\n<p>Ufam, \u017ce dzi\u0119ki modlitwie \u2013 ju\u017c wkr\u00f3tce \u2013 b\u0119dziemy cieszy\u0107 si\u0119 sprawiedliwym pokojem w Ukrainie, a dzi\u0119ki naszemu wsparciu materialnemu, \u017caden z naszych braci i si\u00f3str Ukrai\u0144c\u00f3w nie pozostanie bez pomocy.<\/p>\n<p style=\"text-align: right;\">+ Stanis\u0142aw G\u0105decki<br \/>\n<em>Arcybiskup Metropolita Pozna\u0144ski<\/em><em><br \/>\nPrzewodnicz\u0105cy Konferencji Episkopatu Polski<\/em><\/p>\n","protected":false},"excerpt":{"rendered":"<p>Ukrai\u0144cy wci\u0105\u017c potrzebuj\u0105 naszej pomocy \u2013 napisa\u0142 przewodnicz\u0105cy Konferencji Episkopatu Polski abp Stanis\u0142aw G\u0105decki w&#8230;<\/p>\n","protected":false},"author":1,"featured_media":1465,"comment_status":"closed","ping_status":"closed","sticky":false,"template":"","format":"standard","meta":{"footnotes":""},"categories":[19,59],"tags":[],"class_list":["post-1464","post","type-post","status-publish","format-standard","has-post-thumbnail","hentry","category-aktualnosci","category-zycie-kosciola"],"featured_image_urls":{"full":["https:\/\/albert.radom.pl\/wp-content\/uploads\/2023\/02\/APEL2023-1068x712-1.jpg",1068,712,false],"thumbnail":["https:\/\/albert.radom.pl\/wp-content\/uploads\/2023\/02\/APEL2023-1068x712-1-150x150.jpg",150,150,true],"medium":["https:\/\/albert.radom.pl\/wp-content\/uploads\/2023\/02\/APEL2023-1068x712-1-300x200.jpg",300,200,true],"medium_large":["https:\/\/albert.radom.pl\/wp-content\/uploads\/2023\/02\/APEL2023-1068x712-1-768x512.jpg",640,427,true],"large":["https:\/\/albert.radom.pl\/wp-content\/uploads\/2023\/02\/APEL2023-1068x712-1-1024x683.jpg",640,427,true],"1536x1536":["https:\/\/albert.radom.pl\/wp-content\/uploads\/2023\/02\/APEL2023-1068x712-1.jpg",1068,712,false],"2048x2048":["https:\/\/albert.radom.pl\/wp-content\/uploads\/2023\/02\/APEL2023-1068x712-1.jpg",1068,712,false],"newsever-slider-full":["https:\/\/albert.radom.pl\/wp-content\/uploads\/2023\/02\/APEL2023-1068x712-1.jpg",1068,712,false],"newsever-featured":["https:\/\/albert.radom.pl\/wp-content\/uploads\/2023\/02\/APEL2023-1068x712-1-1024x683.jpg",1024,683,true],"newsever-medium":["https:\/\/albert.radom.pl\/wp-content\/uploads\/2023\/02\/APEL2023-1068x712-1-720x475.jpg",720,475,true]},"author_info":{"display_name":"xdar","author_link":"https:\/\/albert.radom.pl\/?author=1"},"category_info":"<a href=\"https:\/\/albert.radom.pl\/?cat=19\" rel=\"category\">Aktualno\u015bci<\/a> <a href=\"https:\/\/albert.radom.pl\/?cat=59\" rel=\"category\">\u017bycie Ko\u015bcio\u0142a<\/a>","tag_info":"\u017bycie Ko\u015bcio\u0142a","comment_count":"0","_links":{"self":[{"href":"https:\/\/albert.radom.pl\/index.php?rest_route=\/wp\/v2\/posts\/1464","targetHints":{"allow":["GET"]}}],"collection":[{"href":"https:\/\/albert.radom.pl\/index.php?rest_route=\/wp\/v2\/posts"}],"about":[{"href":"https:\/\/albert.radom.pl\/index.php?rest_route=\/wp\/v2\/types\/post"}],"author":[{"embeddable":true,"href":"https:\/\/albert.radom.pl\/index.php?rest_route=\/wp\/v2\/users\/1"}],"replies":[{"embeddable":true,"href":"https:\/\/albert.radom.pl\/index.php?rest_route=%2Fwp%2Fv2%2Fcomments&post=1464"}],"version-history":[{"count":1,"href":"https:\/\/albert.radom.pl\/index.php?rest_route=\/wp\/v2\/posts\/1464\/revisions"}],"predecessor-version":[{"id":1466,"href":"https:\/\/albert.radom.pl\/index.php?rest_route=\/wp\/v2\/posts\/1464\/revisions\/1466"}],"wp:featuredmedia":[{"embeddable":true,"href":"https:\/\/albert.radom.pl\/index.php?rest_route=\/wp\/v2\/media\/1465"}],"wp:attachment":[{"href":"https:\/\/albert.radom.pl\/index.php?rest_route=%2Fwp%2Fv2%2Fmedia&parent=1464"}],"wp:term":[{"taxonomy":"category","embeddable":true,"href":"https:\/\/albert.radom.pl\/index.php?rest_route=%2Fwp%2Fv2%2Fcategories&post=1464"},{"taxonomy":"post_tag","embeddable":true,"href":"https:\/\/albert.radom.pl\/index.php?rest_route=%2Fwp%2Fv2%2Ftags&post=1464"}],"curies":[{"name":"wp","href":"https:\/\/api.w.org\/{rel}","templated":true}]}}