{"id":1467,"date":"2023-02-18T15:30:59","date_gmt":"2023-02-18T14:30:59","guid":{"rendered":"https:\/\/albert.radom.pl\/?p=1467"},"modified":"2023-03-09T18:09:49","modified_gmt":"2023-03-09T17:09:49","slug":"film-opiekun","status":"publish","type":"post","link":"https:\/\/albert.radom.pl\/?p=1467","title":{"rendered":"Film \u201eOpiekun\u201d"},"content":{"rendered":"<p><strong>Znakomicie zapowiadaj\u0105ca si\u0119 skrzypaczka filharmonii i jej m\u0105\u017c, ambitny dziennikarz lokalnego radia, przechodz\u0105 kryzys ma\u0142\u017ce\u0144ski. Przez narastaj\u0105ce problemy i ci\u0105g\u0142y brak pieni\u0119dzy Dominika (Karolina Chapko) zaczyna interesowa\u0107 si\u0119 bogatym biznesmenem (Rados\u0142aw Pazura), a Robert (Rafa\u0142 Zawierucha) nie radzi sobie z rozpadem rodziny.<\/strong><!--more--><\/p>\n<p>Gdy dostaje od szefa zadanie opowiedzenia niecodziennych historii pielgrzym\u00f3w przybywaj\u0105cych do pobliskiego sanktuarium \u015bw. J\u00f3zefa, twierdz\u0105cych, \u017ce przydarzy\u0142 im si\u0119 cud, odkrywa, \u017ce tak\u017ce jego historia ma wiele wsp\u00f3lnego z milcz\u0105cym opiekunem \u015awi\u0119tej Rodziny. Czy w kulminacyjnym momencie, gdy b\u0119dzie musia\u0142 podj\u0105\u0107 decyzj\u0119, kt\u00f3ra zawa\u017cy na losach jego rodziny, zachowa si\u0119 jak\u2026 \u015bw. J\u00f3zef?<\/p>\n<p>\u201eOpiekun\u201d to film z elementami dokumentu, w kt\u00f3rym oparta na faktach historia rodzinna Roberta i Dominiki staje si\u0119 pretekstem do g\u0142\u0119bszej opowie\u015bci o ewangelicznej postaci ziemskiego opiekuna Jezusa i roli, jak\u0105 odegra\u0142 w \u017cyciu wielu wsp\u00f3\u0142czesnych ludzi.<\/p>\n<p><iframe loading=\"lazy\" title=\"OPIEKUN | Zwiastun HD | w kinach od 24 lutego!\" width=\"640\" height=\"360\" src=\"https:\/\/www.youtube.com\/embed\/33vMjxfos0E?feature=oembed\" frameborder=\"0\" allow=\"accelerometer; autoplay; clipboard-write; encrypted-media; gyroscope; picture-in-picture; web-share\" referrerpolicy=\"strict-origin-when-cross-origin\" allowfullscreen><\/iframe><\/p>\n","protected":false},"excerpt":{"rendered":"<p>Znakomicie zapowiadaj\u0105ca si\u0119 skrzypaczka filharmonii i jej m\u0105\u017c, ambitny dziennikarz lokalnego radia, przechodz\u0105 kryzys ma\u0142\u017ce\u0144ski&#8230;.<\/p>\n","protected":false},"author":1,"featured_media":1468,"comment_status":"closed","ping_status":"closed","sticky":false,"template":"","format":"standard","meta":{"footnotes":""},"categories":[19,39,13,14,17],"tags":[],"class_list":["post-1467","post","type-post","status-publish","format-standard","has-post-thumbnail","hentry","category-aktualnosci","category-film","category-kultura-i-sztuka","category-polecamy","category-warto-obejrzec"],"featured_image_urls":{"full":["https:\/\/albert.radom.pl\/wp-content\/uploads\/2023\/02\/Opiekun-plakat-72dpi-1-scaled-1.jpg",1784,2560,false],"thumbnail":["https:\/\/albert.radom.pl\/wp-content\/uploads\/2023\/02\/Opiekun-plakat-72dpi-1-scaled-1-150x150.jpg",150,150,true],"medium":["https:\/\/albert.radom.pl\/wp-content\/uploads\/2023\/02\/Opiekun-plakat-72dpi-1-scaled-1-209x300.jpg",209,300,true],"medium_large":["https:\/\/albert.radom.pl\/wp-content\/uploads\/2023\/02\/Opiekun-plakat-72dpi-1-scaled-1-768x1102.jpg",640,918,true],"large":["https:\/\/albert.radom.pl\/wp-content\/uploads\/2023\/02\/Opiekun-plakat-72dpi-1-scaled-1-714x1024.jpg",640,918,true],"1536x1536":["https:\/\/albert.radom.pl\/wp-content\/uploads\/2023\/02\/Opiekun-plakat-72dpi-1-scaled-1-1070x1536.jpg",1070,1536,true],"2048x2048":["https:\/\/albert.radom.pl\/wp-content\/uploads\/2023\/02\/Opiekun-plakat-72dpi-1-scaled-1-1427x2048.jpg",1427,2048,true],"newsever-slider-full":["https:\/\/albert.radom.pl\/wp-content\/uploads\/2023\/02\/Opiekun-plakat-72dpi-1-scaled-1-1280x845.jpg",1280,845,true],"newsever-featured":["https:\/\/albert.radom.pl\/wp-content\/uploads\/2023\/02\/Opiekun-plakat-72dpi-1-scaled-1-1024x1469.jpg",1024,1469,true],"newsever-medium":["https:\/\/albert.radom.pl\/wp-content\/uploads\/2023\/02\/Opiekun-plakat-72dpi-1-scaled-1-720x475.jpg",720,475,true]},"author_info":{"display_name":"xdar","author_link":"https:\/\/albert.radom.pl\/?author=1"},"category_info":"<a href=\"https:\/\/albert.radom.pl\/?cat=19\" rel=\"category\">Aktualno\u015bci<\/a> <a href=\"https:\/\/albert.radom.pl\/?cat=39\" rel=\"category\">Film<\/a> <a href=\"https:\/\/albert.radom.pl\/?cat=13\" rel=\"category\">Kultura i sztuka<\/a> <a href=\"https:\/\/albert.radom.pl\/?cat=14\" rel=\"category\">Polecamy<\/a> <a href=\"https:\/\/albert.radom.pl\/?cat=17\" rel=\"category\">Warto obejrze\u0107<\/a>","tag_info":"Warto obejrze\u0107","comment_count":"0","_links":{"self":[{"href":"https:\/\/albert.radom.pl\/index.php?rest_route=\/wp\/v2\/posts\/1467","targetHints":{"allow":["GET"]}}],"collection":[{"href":"https:\/\/albert.radom.pl\/index.php?rest_route=\/wp\/v2\/posts"}],"about":[{"href":"https:\/\/albert.radom.pl\/index.php?rest_route=\/wp\/v2\/types\/post"}],"author":[{"embeddable":true,"href":"https:\/\/albert.radom.pl\/index.php?rest_route=\/wp\/v2\/users\/1"}],"replies":[{"embeddable":true,"href":"https:\/\/albert.radom.pl\/index.php?rest_route=%2Fwp%2Fv2%2Fcomments&post=1467"}],"version-history":[{"count":2,"href":"https:\/\/albert.radom.pl\/index.php?rest_route=\/wp\/v2\/posts\/1467\/revisions"}],"predecessor-version":[{"id":1506,"href":"https:\/\/albert.radom.pl\/index.php?rest_route=\/wp\/v2\/posts\/1467\/revisions\/1506"}],"wp:featuredmedia":[{"embeddable":true,"href":"https:\/\/albert.radom.pl\/index.php?rest_route=\/wp\/v2\/media\/1468"}],"wp:attachment":[{"href":"https:\/\/albert.radom.pl\/index.php?rest_route=%2Fwp%2Fv2%2Fmedia&parent=1467"}],"wp:term":[{"taxonomy":"category","embeddable":true,"href":"https:\/\/albert.radom.pl\/index.php?rest_route=%2Fwp%2Fv2%2Fcategories&post=1467"},{"taxonomy":"post_tag","embeddable":true,"href":"https:\/\/albert.radom.pl\/index.php?rest_route=%2Fwp%2Fv2%2Ftags&post=1467"}],"curies":[{"name":"wp","href":"https:\/\/api.w.org\/{rel}","templated":true}]}}