{"id":1493,"date":"2023-02-23T20:26:48","date_gmt":"2023-02-23T19:26:48","guid":{"rendered":"https:\/\/albert.radom.pl\/?p=1493"},"modified":"2023-02-23T20:26:48","modified_gmt":"2023-02-23T19:26:48","slug":"wycieczka-do-krakowa","status":"publish","type":"post","link":"https:\/\/albert.radom.pl\/?p=1493","title":{"rendered":"Wycieczka do Krakowa"},"content":{"rendered":"<div data-reader-unique-id=\"1\">\n<p data-reader-unique-id=\"2\">Grupa m\u0142odzie\u017cy z naszej parafii wybra\u0142a si\u0119 na wycieczk\u0119 do Krakowa.<\/p>\n<\/div>\n<p><!--more--><\/p>\n<div data-reader-unique-id=\"3\">\n<p data-reader-unique-id=\"4\">To by\u0142 autokarowy wyjazd z opiekunami wikariuszem ks. Karolem Kosteckim i dk. Bartoszem Janikiem, kt\u00f3ry w tej parafii odbywa praktyki duszpasterskie przed \u015bwi\u0119ceniami kap\u0142a\u0144skimi.<\/p>\n<p data-reader-unique-id=\"5\">&#8211; W programie wyjazdu znalaz\u0142y si\u0119 sanktuaria \u015bw. Jana Paw\u0142a II oraz Bo\u017cego Mi\u0142osierdzia w \u0141agiewnikach, gdzie prze\u017cywali\u015bmy Eucharysti\u0119. Nast\u0119pnie udali\u015bmy si\u0119 do centrum Krakowa. Tam, przechodz\u0105c traktem kr\u00f3lewskim, poznawali\u015bmy histori\u0119 miasta i niezwyk\u0142ych miejsc Star\u00f3wki. Odkrywanie tych miejsc Kr\u00f3lewskiego Miasta by\u0142o doskona\u0142\u0105 okazj\u0105, by poznawa\u0107 nie tylko jego histori\u0119, ale r\u00f3wnie\u017c by pog\u0142\u0119bi\u0107 swoj\u0105 wiar\u0119 poprzez nawiedzenie miejsc bardzo dla niej wa\u017cnych &#8211; m\u00f3wi ks. Karol.<\/p>\n<div id='gallery-1' class='gallery galleryid-1493 gallery-columns-3 gallery-size-medium'><figure class='gallery-item'>\n\t\t\t<div class='gallery-icon landscape'>\n\t\t\t\t<a href='https:\/\/albert.radom.pl\/wp-content\/uploads\/2023\/02\/krakow2023-01.jpeg'><img loading=\"lazy\" decoding=\"async\" width=\"300\" height=\"225\" src=\"https:\/\/albert.radom.pl\/wp-content\/uploads\/2023\/02\/krakow2023-01-300x225.jpeg\" class=\"attachment-medium size-medium\" alt=\"\" srcset=\"https:\/\/albert.radom.pl\/wp-content\/uploads\/2023\/02\/krakow2023-01-300x225.jpeg 300w, https:\/\/albert.radom.pl\/wp-content\/uploads\/2023\/02\/krakow2023-01-1024x768.jpeg 1024w, https:\/\/albert.radom.pl\/wp-content\/uploads\/2023\/02\/krakow2023-01-768x576.jpeg 768w, https:\/\/albert.radom.pl\/wp-content\/uploads\/2023\/02\/krakow2023-01.jpeg 1200w\" sizes=\"auto, (max-width: 300px) 100vw, 300px\" \/><\/a>\n\t\t\t<\/div><\/figure><figure class='gallery-item'>\n\t\t\t<div class='gallery-icon landscape'>\n\t\t\t\t<a href='https:\/\/albert.radom.pl\/wp-content\/uploads\/2023\/02\/krakow2023-02.jpeg'><img loading=\"lazy\" decoding=\"async\" width=\"300\" height=\"225\" src=\"https:\/\/albert.radom.pl\/wp-content\/uploads\/2023\/02\/krakow2023-02-300x225.jpeg\" class=\"attachment-medium size-medium\" alt=\"\" srcset=\"https:\/\/albert.radom.pl\/wp-content\/uploads\/2023\/02\/krakow2023-02-300x225.jpeg 300w, https:\/\/albert.radom.pl\/wp-content\/uploads\/2023\/02\/krakow2023-02-1024x768.jpeg 1024w, https:\/\/albert.radom.pl\/wp-content\/uploads\/2023\/02\/krakow2023-02-768x576.jpeg 768w, https:\/\/albert.radom.pl\/wp-content\/uploads\/2023\/02\/krakow2023-02.jpeg 1200w\" sizes=\"auto, (max-width: 300px) 100vw, 300px\" \/><\/a>\n\t\t\t<\/div><\/figure><figure class='gallery-item'>\n\t\t\t<div class='gallery-icon landscape'>\n\t\t\t\t<a href='https:\/\/albert.radom.pl\/wp-content\/uploads\/2023\/02\/krakow2023-03.jpeg'><img loading=\"lazy\" decoding=\"async\" width=\"300\" height=\"225\" src=\"https:\/\/albert.radom.pl\/wp-content\/uploads\/2023\/02\/krakow2023-03-300x225.jpeg\" class=\"attachment-medium size-medium\" alt=\"\" srcset=\"https:\/\/albert.radom.pl\/wp-content\/uploads\/2023\/02\/krakow2023-03-300x225.jpeg 300w, https:\/\/albert.radom.pl\/wp-content\/uploads\/2023\/02\/krakow2023-03-1024x768.jpeg 1024w, https:\/\/albert.radom.pl\/wp-content\/uploads\/2023\/02\/krakow2023-03-768x576.jpeg 768w, https:\/\/albert.radom.pl\/wp-content\/uploads\/2023\/02\/krakow2023-03.jpeg 1200w\" sizes=\"auto, (max-width: 300px) 100vw, 300px\" \/><\/a>\n\t\t\t<\/div><\/figure>\n\t\t<\/div>\n\n<\/div>\n","protected":false},"excerpt":{"rendered":"<p>Grupa m\u0142odzie\u017cy z naszej parafii wybra\u0142a si\u0119 na wycieczk\u0119 do Krakowa.<\/p>\n","protected":false},"author":1,"featured_media":1494,"comment_status":"closed","ping_status":"closed","sticky":false,"template":"","format":"standard","meta":{"footnotes":""},"categories":[19,8,43],"tags":[],"class_list":["post-1493","post","type-post","status-publish","format-standard","has-post-thumbnail","hentry","category-aktualnosci","category-grupy-parafialne","category-liturgiczna-sluzba-oltarza"],"featured_image_urls":{"full":["https:\/\/albert.radom.pl\/wp-content\/uploads\/2023\/02\/krakow2023-01.jpeg",1200,900,false],"thumbnail":["https:\/\/albert.radom.pl\/wp-content\/uploads\/2023\/02\/krakow2023-01-150x150.jpeg",150,150,true],"medium":["https:\/\/albert.radom.pl\/wp-content\/uploads\/2023\/02\/krakow2023-01-300x225.jpeg",300,225,true],"medium_large":["https:\/\/albert.radom.pl\/wp-content\/uploads\/2023\/02\/krakow2023-01-768x576.jpeg",640,480,true],"large":["https:\/\/albert.radom.pl\/wp-content\/uploads\/2023\/02\/krakow2023-01-1024x768.jpeg",640,480,true],"1536x1536":["https:\/\/albert.radom.pl\/wp-content\/uploads\/2023\/02\/krakow2023-01.jpeg",1200,900,false],"2048x2048":["https:\/\/albert.radom.pl\/wp-content\/uploads\/2023\/02\/krakow2023-01.jpeg",1200,900,false],"newsever-slider-full":["https:\/\/albert.radom.pl\/wp-content\/uploads\/2023\/02\/krakow2023-01-1200x845.jpeg",1200,845,true],"newsever-featured":["https:\/\/albert.radom.pl\/wp-content\/uploads\/2023\/02\/krakow2023-01-1024x768.jpeg",1024,768,true],"newsever-medium":["https:\/\/albert.radom.pl\/wp-content\/uploads\/2023\/02\/krakow2023-01-720x475.jpeg",720,475,true]},"author_info":{"display_name":"xdar","author_link":"https:\/\/albert.radom.pl\/?author=1"},"category_info":"<a href=\"https:\/\/albert.radom.pl\/?cat=19\" rel=\"category\">Aktualno\u015bci<\/a> <a href=\"https:\/\/albert.radom.pl\/?cat=8\" rel=\"category\">Grupy parafialne<\/a> <a href=\"https:\/\/albert.radom.pl\/?cat=43\" rel=\"category\">Liturgiczna S\u0142u\u017cba O\u0142tarza<\/a>","tag_info":"Liturgiczna S\u0142u\u017cba O\u0142tarza","comment_count":"0","_links":{"self":[{"href":"https:\/\/albert.radom.pl\/index.php?rest_route=\/wp\/v2\/posts\/1493","targetHints":{"allow":["GET"]}}],"collection":[{"href":"https:\/\/albert.radom.pl\/index.php?rest_route=\/wp\/v2\/posts"}],"about":[{"href":"https:\/\/albert.radom.pl\/index.php?rest_route=\/wp\/v2\/types\/post"}],"author":[{"embeddable":true,"href":"https:\/\/albert.radom.pl\/index.php?rest_route=\/wp\/v2\/users\/1"}],"replies":[{"embeddable":true,"href":"https:\/\/albert.radom.pl\/index.php?rest_route=%2Fwp%2Fv2%2Fcomments&post=1493"}],"version-history":[{"count":1,"href":"https:\/\/albert.radom.pl\/index.php?rest_route=\/wp\/v2\/posts\/1493\/revisions"}],"predecessor-version":[{"id":1497,"href":"https:\/\/albert.radom.pl\/index.php?rest_route=\/wp\/v2\/posts\/1493\/revisions\/1497"}],"wp:featuredmedia":[{"embeddable":true,"href":"https:\/\/albert.radom.pl\/index.php?rest_route=\/wp\/v2\/media\/1494"}],"wp:attachment":[{"href":"https:\/\/albert.radom.pl\/index.php?rest_route=%2Fwp%2Fv2%2Fmedia&parent=1493"}],"wp:term":[{"taxonomy":"category","embeddable":true,"href":"https:\/\/albert.radom.pl\/index.php?rest_route=%2Fwp%2Fv2%2Fcategories&post=1493"},{"taxonomy":"post_tag","embeddable":true,"href":"https:\/\/albert.radom.pl\/index.php?rest_route=%2Fwp%2Fv2%2Ftags&post=1493"}],"curies":[{"name":"wp","href":"https:\/\/api.w.org\/{rel}","templated":true}]}}