{"id":1498,"date":"2023-02-23T20:31:31","date_gmt":"2023-02-23T19:31:31","guid":{"rendered":"https:\/\/albert.radom.pl\/?p=1498"},"modified":"2023-02-23T20:32:01","modified_gmt":"2023-02-23T19:32:01","slug":"rozpoczecie-wielkiego-postu","status":"publish","type":"post","link":"https:\/\/albert.radom.pl\/?p=1498","title":{"rendered":"Rozpocz\u0119cie Wielkiego Postu"},"content":{"rendered":"<p>Liturgi\u0105 \u015arody Popielcowej rozpocz\u0119li\u015bmy uroczy\u015bcie tegoroczny <a href=\"https:\/\/albert.radom.pl\/?p=1484\">Wielki Post<\/a>.<!--more--><\/p>\n<p>Wieczornej Mszy \u015bw. podczas kt\u00f3rej bardzo licznie zgromadzi\u0142a si\u0119 wsp\u00f3lnota parafialna, przewodniczy\u0142 Proboszcz ks. Marek Janas, a homilie wyg\u0142osi\u0142 ks. Karol Kostecki.<\/p>\n<div id='gallery-1' class='gallery galleryid-1498 gallery-columns-4 gallery-size-thumbnail'><figure class='gallery-item'>\n\t\t\t<div class='gallery-icon portrait'>\n\t\t\t\t<a href='https:\/\/albert.radom.pl\/wp-content\/uploads\/2023\/02\/popielec2023-01.jpeg'><img loading=\"lazy\" decoding=\"async\" width=\"150\" height=\"150\" src=\"https:\/\/albert.radom.pl\/wp-content\/uploads\/2023\/02\/popielec2023-01-150x150.jpeg\" class=\"attachment-thumbnail size-thumbnail\" alt=\"\" \/><\/a>\n\t\t\t<\/div><\/figure><figure class='gallery-item'>\n\t\t\t<div class='gallery-icon portrait'>\n\t\t\t\t<a href='https:\/\/albert.radom.pl\/wp-content\/uploads\/2023\/02\/popielec2023-02.jpeg'><img loading=\"lazy\" decoding=\"async\" width=\"150\" height=\"150\" src=\"https:\/\/albert.radom.pl\/wp-content\/uploads\/2023\/02\/popielec2023-02-150x150.jpeg\" class=\"attachment-thumbnail size-thumbnail\" alt=\"\" \/><\/a>\n\t\t\t<\/div><\/figure><figure class='gallery-item'>\n\t\t\t<div class='gallery-icon portrait'>\n\t\t\t\t<a href='https:\/\/albert.radom.pl\/wp-content\/uploads\/2023\/02\/popielec2023-03.jpeg'><img loading=\"lazy\" decoding=\"async\" width=\"150\" height=\"150\" src=\"https:\/\/albert.radom.pl\/wp-content\/uploads\/2023\/02\/popielec2023-03-150x150.jpeg\" class=\"attachment-thumbnail size-thumbnail\" alt=\"\" \/><\/a>\n\t\t\t<\/div><\/figure><figure class='gallery-item'>\n\t\t\t<div class='gallery-icon portrait'>\n\t\t\t\t<a href='https:\/\/albert.radom.pl\/wp-content\/uploads\/2023\/02\/popielec2023-04.jpeg'><img loading=\"lazy\" decoding=\"async\" width=\"150\" height=\"150\" src=\"https:\/\/albert.radom.pl\/wp-content\/uploads\/2023\/02\/popielec2023-04-150x150.jpeg\" class=\"attachment-thumbnail size-thumbnail\" alt=\"\" \/><\/a>\n\t\t\t<\/div><\/figure>\n\t\t<\/div>\n\n","protected":false},"excerpt":{"rendered":"<p>Liturgi\u0105 \u015arody Popielcowej rozpocz\u0119li\u015bmy uroczy\u015bcie tegoroczny Wielki Post.<\/p>\n","protected":false},"author":1,"featured_media":1501,"comment_status":"closed","ping_status":"closed","sticky":false,"template":"","format":"standard","meta":{"footnotes":""},"categories":[19,70],"tags":[],"class_list":["post-1498","post","type-post","status-publish","format-standard","has-post-thumbnail","hentry","category-aktualnosci","category-wielki-post"],"featured_image_urls":{"full":["https:\/\/albert.radom.pl\/wp-content\/uploads\/2023\/02\/popielec2023-03.jpeg",900,1200,false],"thumbnail":["https:\/\/albert.radom.pl\/wp-content\/uploads\/2023\/02\/popielec2023-03-150x150.jpeg",150,150,true],"medium":["https:\/\/albert.radom.pl\/wp-content\/uploads\/2023\/02\/popielec2023-03-225x300.jpeg",225,300,true],"medium_large":["https:\/\/albert.radom.pl\/wp-content\/uploads\/2023\/02\/popielec2023-03-768x1024.jpeg",640,853,true],"large":["https:\/\/albert.radom.pl\/wp-content\/uploads\/2023\/02\/popielec2023-03-768x1024.jpeg",640,853,true],"1536x1536":["https:\/\/albert.radom.pl\/wp-content\/uploads\/2023\/02\/popielec2023-03.jpeg",900,1200,false],"2048x2048":["https:\/\/albert.radom.pl\/wp-content\/uploads\/2023\/02\/popielec2023-03.jpeg",900,1200,false],"newsever-slider-full":["https:\/\/albert.radom.pl\/wp-content\/uploads\/2023\/02\/popielec2023-03-900x845.jpeg",900,845,true],"newsever-featured":["https:\/\/albert.radom.pl\/wp-content\/uploads\/2023\/02\/popielec2023-03.jpeg",900,1200,false],"newsever-medium":["https:\/\/albert.radom.pl\/wp-content\/uploads\/2023\/02\/popielec2023-03-720x475.jpeg",720,475,true]},"author_info":{"display_name":"xdar","author_link":"https:\/\/albert.radom.pl\/?author=1"},"category_info":"<a href=\"https:\/\/albert.radom.pl\/?cat=19\" rel=\"category\">Aktualno\u015bci<\/a> <a href=\"https:\/\/albert.radom.pl\/?cat=70\" rel=\"category\">Wielki Post<\/a>","tag_info":"Wielki Post","comment_count":"0","_links":{"self":[{"href":"https:\/\/albert.radom.pl\/index.php?rest_route=\/wp\/v2\/posts\/1498","targetHints":{"allow":["GET"]}}],"collection":[{"href":"https:\/\/albert.radom.pl\/index.php?rest_route=\/wp\/v2\/posts"}],"about":[{"href":"https:\/\/albert.radom.pl\/index.php?rest_route=\/wp\/v2\/types\/post"}],"author":[{"embeddable":true,"href":"https:\/\/albert.radom.pl\/index.php?rest_route=\/wp\/v2\/users\/1"}],"replies":[{"embeddable":true,"href":"https:\/\/albert.radom.pl\/index.php?rest_route=%2Fwp%2Fv2%2Fcomments&post=1498"}],"version-history":[{"count":2,"href":"https:\/\/albert.radom.pl\/index.php?rest_route=\/wp\/v2\/posts\/1498\/revisions"}],"predecessor-version":[{"id":1504,"href":"https:\/\/albert.radom.pl\/index.php?rest_route=\/wp\/v2\/posts\/1498\/revisions\/1504"}],"wp:featuredmedia":[{"embeddable":true,"href":"https:\/\/albert.radom.pl\/index.php?rest_route=\/wp\/v2\/media\/1501"}],"wp:attachment":[{"href":"https:\/\/albert.radom.pl\/index.php?rest_route=%2Fwp%2Fv2%2Fmedia&parent=1498"}],"wp:term":[{"taxonomy":"category","embeddable":true,"href":"https:\/\/albert.radom.pl\/index.php?rest_route=%2Fwp%2Fv2%2Fcategories&post=1498"},{"taxonomy":"post_tag","embeddable":true,"href":"https:\/\/albert.radom.pl\/index.php?rest_route=%2Fwp%2Fv2%2Ftags&post=1498"}],"curies":[{"name":"wp","href":"https:\/\/api.w.org\/{rel}","templated":true}]}}