{"id":2200,"date":"2023-04-09T15:57:17","date_gmt":"2023-04-09T13:57:17","guid":{"rendered":"https:\/\/albert.radom.pl\/?p=2200"},"modified":"2023-04-17T11:07:58","modified_gmt":"2023-04-17T09:07:58","slug":"wielkanoc-2023-zyczenia","status":"publish","type":"post","link":"https:\/\/albert.radom.pl\/?p=2200","title":{"rendered":"Wielkanoc 2023 &#8211; \u017bYCZENIA"},"content":{"rendered":"<p style=\"text-align: right;\"><em><strong>Ja jestem Zmartwychwstaniem i \u017cyciem.<\/strong><\/em><br \/>\n<em><strong>Kto we Mnie wierzy, cho\u0107by i umar\u0142, \u017cy\u0107 b\u0119dzie.<\/strong><\/em><br \/>\n<strong>J 11,25-26<\/strong><!--more--><\/p>\n<blockquote>\n<p style=\"text-align: center;\"><strong>Tajemnica \u015bmierci i Zmartwychwstania Syna Bo\u017cego<br \/>\nukazuje nam prawd\u0119<br \/>\no niesko\u0144czonej mi\u0142o\u015bci Boga do cz\u0142owieka.<\/strong><\/p>\n<p style=\"text-align: center;\"><strong>Pan nasz Jezus Chrystus<br \/>\npoprzez swoj\u0105 odkupie\u0144cz\u0105 \u015bmier\u0107<br \/>\nniweczy dramat grzechu pierworodnego<br \/>\ni czyni nas na nowo dzie\u0107mi Boga.<\/strong><\/p>\n<p style=\"text-align: center;\"><strong>Pokonawszy \u015bmier\u0107<br \/>\npozostawi\u0142 nam obietnic\u0119,<br \/>\n\u017ce i my zmartwychwstaniemy.<\/strong><\/p>\n<p style=\"text-align: center;\"><strong>To w Nim tkwi nasza nadzieja wiecznego zbawienia<br \/>\ni si\u0142a do stawania si\u0119 nowym cz\u0142owiekiem.<\/strong><\/p>\n<p style=\"text-align: center;\"><strong>Niech Zmartwychwsta\u0142y Chrystus<br \/>\nobdarza wszystkich drogich Parafian i Go\u015bci<br \/>\nwszelkimi \u0142askami i umocni w wierze, nadziei i mi\u0142o\u015bci.<\/strong><\/p>\n<p style=\"text-align: right;\"><em>W imieniu swoim oraz wszystkich kap\u0142an\u00f3w <\/em><br \/>\n<em>pos\u0142uguj\u0105cych w naszej parafii<\/em><br \/>\n<em><strong>ks. kan. Marek Janas, proboszcz<\/strong><\/em><\/p>\n<p style=\"text-align: center;\"><img loading=\"lazy\" decoding=\"async\" class=\"aligncenter size-full wp-image-2205\" src=\"https:\/\/albert.radom.pl\/wp-content\/uploads\/2023\/04\/80d7180b-4793-4578-a2cd-941568fa94b2.jpg\" alt=\"\" width=\"754\" height=\"720\" srcset=\"https:\/\/albert.radom.pl\/wp-content\/uploads\/2023\/04\/80d7180b-4793-4578-a2cd-941568fa94b2.jpg 754w, https:\/\/albert.radom.pl\/wp-content\/uploads\/2023\/04\/80d7180b-4793-4578-a2cd-941568fa94b2-300x286.jpg 300w\" sizes=\"auto, (max-width: 754px) 100vw, 754px\" \/><\/p>\n<\/blockquote>\n","protected":false},"excerpt":{"rendered":"<p>Ja jestem Zmartwychwstaniem i \u017cyciem. Kto we Mnie wierzy, cho\u0107by i umar\u0142, \u017cy\u0107 b\u0119dzie. J&#8230;<\/p>\n","protected":false},"author":1,"featured_media":2201,"comment_status":"closed","ping_status":"closed","sticky":false,"template":"","format":"standard","meta":{"footnotes":""},"categories":[19,72],"tags":[],"class_list":["post-2200","post","type-post","status-publish","format-standard","has-post-thumbnail","hentry","category-aktualnosci","category-wielkanoc"],"featured_image_urls":{"full":["https:\/\/albert.radom.pl\/wp-content\/uploads\/2023\/04\/ikona_zmartwychwstaly.jpg",1107,1518,false],"thumbnail":["https:\/\/albert.radom.pl\/wp-content\/uploads\/2023\/04\/ikona_zmartwychwstaly-150x150.jpg",150,150,true],"medium":["https:\/\/albert.radom.pl\/wp-content\/uploads\/2023\/04\/ikona_zmartwychwstaly-219x300.jpg",219,300,true],"medium_large":["https:\/\/albert.radom.pl\/wp-content\/uploads\/2023\/04\/ikona_zmartwychwstaly-768x1053.jpg",640,878,true],"large":["https:\/\/albert.radom.pl\/wp-content\/uploads\/2023\/04\/ikona_zmartwychwstaly-747x1024.jpg",640,877,true],"1536x1536":["https:\/\/albert.radom.pl\/wp-content\/uploads\/2023\/04\/ikona_zmartwychwstaly.jpg",1107,1518,false],"2048x2048":["https:\/\/albert.radom.pl\/wp-content\/uploads\/2023\/04\/ikona_zmartwychwstaly.jpg",1107,1518,false],"newsever-slider-full":["https:\/\/albert.radom.pl\/wp-content\/uploads\/2023\/04\/ikona_zmartwychwstaly-1107x845.jpg",1107,845,true],"newsever-featured":["https:\/\/albert.radom.pl\/wp-content\/uploads\/2023\/04\/ikona_zmartwychwstaly-1024x1404.jpg",1024,1404,true],"newsever-medium":["https:\/\/albert.radom.pl\/wp-content\/uploads\/2023\/04\/ikona_zmartwychwstaly-720x475.jpg",720,475,true]},"author_info":{"display_name":"xdar","author_link":"https:\/\/albert.radom.pl\/?author=1"},"category_info":"<a href=\"https:\/\/albert.radom.pl\/?cat=19\" rel=\"category\">Aktualno\u015bci<\/a> <a href=\"https:\/\/albert.radom.pl\/?cat=72\" rel=\"category\">Wielkanoc<\/a>","tag_info":"Wielkanoc","comment_count":"0","_links":{"self":[{"href":"https:\/\/albert.radom.pl\/index.php?rest_route=\/wp\/v2\/posts\/2200","targetHints":{"allow":["GET"]}}],"collection":[{"href":"https:\/\/albert.radom.pl\/index.php?rest_route=\/wp\/v2\/posts"}],"about":[{"href":"https:\/\/albert.radom.pl\/index.php?rest_route=\/wp\/v2\/types\/post"}],"author":[{"embeddable":true,"href":"https:\/\/albert.radom.pl\/index.php?rest_route=\/wp\/v2\/users\/1"}],"replies":[{"embeddable":true,"href":"https:\/\/albert.radom.pl\/index.php?rest_route=%2Fwp%2Fv2%2Fcomments&post=2200"}],"version-history":[{"count":4,"href":"https:\/\/albert.radom.pl\/index.php?rest_route=\/wp\/v2\/posts\/2200\/revisions"}],"predecessor-version":[{"id":2206,"href":"https:\/\/albert.radom.pl\/index.php?rest_route=\/wp\/v2\/posts\/2200\/revisions\/2206"}],"wp:featuredmedia":[{"embeddable":true,"href":"https:\/\/albert.radom.pl\/index.php?rest_route=\/wp\/v2\/media\/2201"}],"wp:attachment":[{"href":"https:\/\/albert.radom.pl\/index.php?rest_route=%2Fwp%2Fv2%2Fmedia&parent=2200"}],"wp:term":[{"taxonomy":"category","embeddable":true,"href":"https:\/\/albert.radom.pl\/index.php?rest_route=%2Fwp%2Fv2%2Fcategories&post=2200"},{"taxonomy":"post_tag","embeddable":true,"href":"https:\/\/albert.radom.pl\/index.php?rest_route=%2Fwp%2Fv2%2Ftags&post=2200"}],"curies":[{"name":"wp","href":"https:\/\/api.w.org\/{rel}","templated":true}]}}