{"id":221,"date":"2023-09-04T22:41:51","date_gmt":"2023-09-04T20:41:51","guid":{"rendered":"https:\/\/albert.lucasso.pl\/?p=221"},"modified":"2024-09-25T13:19:20","modified_gmt":"2024-09-25T11:19:20","slug":"kurs-przedmalzenski","status":"publish","type":"post","link":"https:\/\/albert.radom.pl\/?p=221","title":{"rendered":"Kurs przedma\u0142\u017ce\u0144ski &#8211; rozpocz\u0119cie 12 pa\u017adziernika"},"content":{"rendered":"<p>Rozk\u0142ad temat\u00f3w na kursie przedma\u0142\u017ce\u0144skim\u00a0<strong>12 &#8211; 26 pa\u017adziernika 2024 r.<\/strong><br \/>\n<!--more--><\/p>\n<p><strong>12.10.2024<\/strong><\/p>\n<p>Ma\u0142\u017ce\u0144stwo jako powo\u0142anie &#8211; Kamila i \u0141ukasz \u015alusarczyk<br \/>\nPoznanie siebie w narzecze\u0144stwie &#8211; Kamila i \u0141ukasz \u015alusarczyk<br \/>\nAspekt prawny zawarcia ma\u0142\u017ce\u0144stwa &#8211; ks. Kamil Borkowski<br \/>\nZamys\u0142 Pana Boga wzgl\u0119dem ma\u0142\u017ce\u0144stwa i rodziny &#8211; ks. Kamil Borkowski<\/p>\n<p><strong>19.10.2024<\/strong><br \/>\nMa\u0142\u017ce\u0144stwo jako sakrament &#8211; ks. Jacek Wieczorek<br \/>\nLiturgia \u015blubu &#8211; ks. Jacek Wieczorek<br \/>\nRozw\u00f3j i zagro\u017cenia mi\u0142o\u015bci ma\u0142\u017ce\u0144skiej &#8211; Gra\u017cyna Zalewska<br \/>\nEtyka \u017cycia ma\u0142\u017ce\u0144skiego &#8211; Gra\u017cyna Zalewska<\/p>\n<p><strong>26.10.2024<\/strong><\/p>\n<p>Rodzina Ko\u015bcio\u0142em domowym &#8211; Marta i Mateusz Kwieci\u0144scy<br \/>\nZasady funkcjonowania ma\u0142\u017ce\u0144stwa i rodziny &#8211; Marta i Mateusz Kwieci\u0144scy<\/p>\n<p><strong>26.10.2024<\/strong><br \/>\nDzie\u0144 skupienia dla narzeczonych &#8211; Parafia \u015aw. Brata Alberta<\/p>\n<p><strong>Uwagi:<\/strong><\/p>\n<ul>\n<li>Obowi\u0105zuje obecno\u015b\u0107 na ka\u017cdym spotkaniu.<\/li>\n<li>Prosimy pami\u0119ta\u0107 o zaopatrzeniu narzeczonych w wyprawki.<\/li>\n<li>Spotkania w parafii \u015aw. Brata Alberta w Radomiu w wyznaczone soboty. Rozpocz\u0119cie spotkania o godz. 9.00.<\/li>\n<li>Ksi\u0105dz odpowiedzialny za Kurs ks. Kamil Borkowski<\/li>\n<li>Rozpocz\u0119cie kolejnej tury spotka\u0144 planowane jest na stycze\u0144\/luty 2024r.<\/li>\n<\/ul>\n<p>&nbsp;<\/p>\n<p style=\"font-weight: 400;\"><span style=\"text-decoration: underline;\"><strong>Szczeg\u00f3\u0142owy plan spotka\u0144<\/strong><\/span><\/p>\n<p style=\"font-weight: 400;\"><strong>12 pa\u017adziernika 2024 r.<\/strong><\/p>\n<p style=\"font-weight: 400;\">Godz. 9.00 \u00a0\u00a0\u00a0\u00a0 Msza \u015awi\u0119ta na rozpocz\u0119cie kursu z kazaniem na temat: Zamys\u0142 Pana Boga wzgl\u0119dem ma\u0142\u017ce\u0144stwa i rodziny.<\/p>\n<p style=\"font-weight: 400;\">Godz. 10.00\u00a0\u00a0\u00a0 Sprawy organizacyjne i realizacja tematu: Aspekt prawny zawarcia ma\u0142\u017ce\u0144stwa.<\/p>\n<p style=\"font-weight: 400;\">Godz. 11.00\u00a0\u00a0\u00a0 Realizacja temat\u00f3w: Ma\u0142\u017ce\u0144stwo jako powo\u0142anie i Poznanie siebie w narzecze\u0144stwie. (czas ok 1,5 godziny)<\/p>\n<p style=\"font-weight: 400;\">\n<p style=\"font-weight: 400;\"><strong>19 pa\u017adziernika 2024 r.<\/strong><\/p>\n<p style=\"font-weight: 400;\">Godz. 9.00\u00a0\u00a0\u00a0\u00a0\u00a0 Realizacja temat\u00f3w Rozw\u00f3j i zagro\u017cenia mi\u0142o\u015bci ma\u0142\u017ce\u0144skiej i Etyka \u017cycia ma\u0142\u017ce\u0144skiego.<\/p>\n<p style=\"font-weight: 400;\">Godz. 10.30\u00a0\u00a0\u00a0 Realizacja temat\u00f3w Ma\u0142\u017ce\u0144stwo jako sakrament i Liturgia \u015blubu.<\/p>\n<p style=\"font-weight: 400;\">\n<p style=\"font-weight: 400;\"><strong>26 pa\u017adziernika 2024 r.<\/strong><\/p>\n<p style=\"font-weight: 400;\">Godz. 9.00\u00a0\u00a0\u00a0\u00a0\u00a0 Realizacja temat\u00f3w: Rodzina Ko\u015bcio\u0142em domowym i Zasady funkcjonowania ma\u0142\u017ce\u0144stwa i rodziny.<\/p>\n<p style=\"font-weight: 400;\">Godz. 10.30\u00a0\u00a0\u00a0 Dzie\u0144 skupienia \u00a0(czas ok 2 godziny)<\/p>\n","protected":false},"excerpt":{"rendered":"<p>Rozk\u0142ad temat\u00f3w na kursie przedma\u0142\u017ce\u0144skim\u00a012 &#8211; 26 pa\u017adziernika 2024 r.<\/p>\n","protected":false},"author":1,"featured_media":220,"comment_status":"closed","ping_status":"open","sticky":false,"template":"","format":"standard","meta":{"footnotes":""},"categories":[25,29],"tags":[],"class_list":["post-221","post","type-post","status-publish","format-standard","has-post-thumbnail","hentry","category-dla-narzeczonych","category-malzenstwo"],"featured_image_urls":{"full":["https:\/\/albert.radom.pl\/wp-content\/uploads\/2022\/09\/smigiel.com-kurs.jpg",512,287,false],"thumbnail":["https:\/\/albert.radom.pl\/wp-content\/uploads\/2022\/09\/smigiel.com-kurs-150x150.jpg",150,150,true],"medium":["https:\/\/albert.radom.pl\/wp-content\/uploads\/2022\/09\/smigiel.com-kurs-300x168.jpg",300,168,true],"medium_large":["https:\/\/albert.radom.pl\/wp-content\/uploads\/2022\/09\/smigiel.com-kurs.jpg",512,287,false],"large":["https:\/\/albert.radom.pl\/wp-content\/uploads\/2022\/09\/smigiel.com-kurs.jpg",512,287,false],"1536x1536":["https:\/\/albert.radom.pl\/wp-content\/uploads\/2022\/09\/smigiel.com-kurs.jpg",512,287,false],"2048x2048":["https:\/\/albert.radom.pl\/wp-content\/uploads\/2022\/09\/smigiel.com-kurs.jpg",512,287,false],"newsever-slider-full":["https:\/\/albert.radom.pl\/wp-content\/uploads\/2022\/09\/smigiel.com-kurs.jpg",512,287,false],"newsever-featured":["https:\/\/albert.radom.pl\/wp-content\/uploads\/2022\/09\/smigiel.com-kurs.jpg",512,287,false],"newsever-medium":["https:\/\/albert.radom.pl\/wp-content\/uploads\/2022\/09\/smigiel.com-kurs.jpg",512,287,false]},"author_info":{"display_name":"xdar","author_link":"https:\/\/albert.radom.pl\/?author=1"},"category_info":"<a href=\"https:\/\/albert.radom.pl\/?cat=25\" rel=\"category\">Dla narzeczonych<\/a> <a href=\"https:\/\/albert.radom.pl\/?cat=29\" rel=\"category\">Ma\u0142\u017ce\u0144stwo<\/a>","tag_info":"Ma\u0142\u017ce\u0144stwo","comment_count":"0","_links":{"self":[{"href":"https:\/\/albert.radom.pl\/index.php?rest_route=\/wp\/v2\/posts\/221","targetHints":{"allow":["GET"]}}],"collection":[{"href":"https:\/\/albert.radom.pl\/index.php?rest_route=\/wp\/v2\/posts"}],"about":[{"href":"https:\/\/albert.radom.pl\/index.php?rest_route=\/wp\/v2\/types\/post"}],"author":[{"embeddable":true,"href":"https:\/\/albert.radom.pl\/index.php?rest_route=\/wp\/v2\/users\/1"}],"replies":[{"embeddable":true,"href":"https:\/\/albert.radom.pl\/index.php?rest_route=%2Fwp%2Fv2%2Fcomments&post=221"}],"version-history":[{"count":7,"href":"https:\/\/albert.radom.pl\/index.php?rest_route=\/wp\/v2\/posts\/221\/revisions"}],"predecessor-version":[{"id":6005,"href":"https:\/\/albert.radom.pl\/index.php?rest_route=\/wp\/v2\/posts\/221\/revisions\/6005"}],"wp:featuredmedia":[{"embeddable":true,"href":"https:\/\/albert.radom.pl\/index.php?rest_route=\/wp\/v2\/media\/220"}],"wp:attachment":[{"href":"https:\/\/albert.radom.pl\/index.php?rest_route=%2Fwp%2Fv2%2Fmedia&parent=221"}],"wp:term":[{"taxonomy":"category","embeddable":true,"href":"https:\/\/albert.radom.pl\/index.php?rest_route=%2Fwp%2Fv2%2Fcategories&post=221"},{"taxonomy":"post_tag","embeddable":true,"href":"https:\/\/albert.radom.pl\/index.php?rest_route=%2Fwp%2Fv2%2Ftags&post=221"}],"curies":[{"name":"wp","href":"https:\/\/api.w.org\/{rel}","templated":true}]}}