{"id":2228,"date":"2023-04-17T12:07:59","date_gmt":"2023-04-17T10:07:59","guid":{"rendered":"https:\/\/albert.radom.pl\/?p=2228"},"modified":"2023-04-17T12:07:59","modified_gmt":"2023-04-17T10:07:59","slug":"godzina-milosierdzia","status":"publish","type":"post","link":"https:\/\/albert.radom.pl\/?p=2228","title":{"rendered":"Godzina Mi\u0142osierdzia"},"content":{"rendered":"<p>W II Niedziel\u0119 Wielkanocn\u0105 prze\u017cywali\u015bmy w naszej parafii Nabo\u017ce\u0144stwo 40-godzinne. <!--more--><\/p>\n<p>Przez ca\u0142y dzie\u0144 do Mszy wieczornej mogli\u015bmy adorowa\u0107 Pana Jezusa w Naj\u015bwi\u0119tszym Sakramencie. O godz. 15.00 zawierzyli\u015bmy w Koronce nasz\u0105 parafi\u0119, rodziny i nas samych Mo\u017cemy Mi\u0142osierdziu.<\/p>\n<div id='gallery-1' class='gallery galleryid-2228 gallery-columns-3 gallery-size-thumbnail'><figure class='gallery-item'>\n\t\t\t<div class='gallery-icon landscape'>\n\t\t\t\t<a href='https:\/\/albert.radom.pl\/wp-content\/uploads\/2023\/04\/341790242_924501018889930_430990923504719089_n.jpg'><img loading=\"lazy\" decoding=\"async\" width=\"150\" height=\"150\" src=\"https:\/\/albert.radom.pl\/wp-content\/uploads\/2023\/04\/341790242_924501018889930_430990923504719089_n-150x150.jpg\" class=\"attachment-thumbnail size-thumbnail\" alt=\"\" \/><\/a>\n\t\t\t<\/div><\/figure><figure class='gallery-item'>\n\t\t\t<div class='gallery-icon landscape'>\n\t\t\t\t<a href='https:\/\/albert.radom.pl\/wp-content\/uploads\/2023\/04\/341844061_107790795626836_7606289178932079982_n.jpg'><img loading=\"lazy\" decoding=\"async\" width=\"150\" height=\"150\" src=\"https:\/\/albert.radom.pl\/wp-content\/uploads\/2023\/04\/341844061_107790795626836_7606289178932079982_n-150x150.jpg\" class=\"attachment-thumbnail size-thumbnail\" alt=\"\" \/><\/a>\n\t\t\t<\/div><\/figure><figure class='gallery-item'>\n\t\t\t<div class='gallery-icon landscape'>\n\t\t\t\t<a href='https:\/\/albert.radom.pl\/wp-content\/uploads\/2023\/04\/341906017_223929126891756_8624125546237496012_n.jpg'><img loading=\"lazy\" decoding=\"async\" width=\"150\" height=\"150\" src=\"https:\/\/albert.radom.pl\/wp-content\/uploads\/2023\/04\/341906017_223929126891756_8624125546237496012_n-150x150.jpg\" class=\"attachment-thumbnail size-thumbnail\" alt=\"\" \/><\/a>\n\t\t\t<\/div><\/figure>\n\t\t<\/div>\n\n","protected":false},"excerpt":{"rendered":"<p>W II Niedziel\u0119 Wielkanocn\u0105 prze\u017cywali\u015bmy w naszej parafii Nabo\u017ce\u0144stwo 40-godzinne.<\/p>\n","protected":false},"author":1,"featured_media":2223,"comment_status":"closed","ping_status":"closed","sticky":false,"template":"","format":"standard","meta":{"footnotes":""},"categories":[19],"tags":[],"class_list":["post-2228","post","type-post","status-publish","format-standard","has-post-thumbnail","hentry","category-aktualnosci"],"featured_image_urls":{"full":["https:\/\/albert.radom.pl\/wp-content\/uploads\/2023\/04\/341844061_107790795626836_7606289178932079982_n.jpg",1440,1080,false],"thumbnail":["https:\/\/albert.radom.pl\/wp-content\/uploads\/2023\/04\/341844061_107790795626836_7606289178932079982_n-150x150.jpg",150,150,true],"medium":["https:\/\/albert.radom.pl\/wp-content\/uploads\/2023\/04\/341844061_107790795626836_7606289178932079982_n-300x225.jpg",300,225,true],"medium_large":["https:\/\/albert.radom.pl\/wp-content\/uploads\/2023\/04\/341844061_107790795626836_7606289178932079982_n-768x576.jpg",640,480,true],"large":["https:\/\/albert.radom.pl\/wp-content\/uploads\/2023\/04\/341844061_107790795626836_7606289178932079982_n-1024x768.jpg",640,480,true],"1536x1536":["https:\/\/albert.radom.pl\/wp-content\/uploads\/2023\/04\/341844061_107790795626836_7606289178932079982_n.jpg",1440,1080,false],"2048x2048":["https:\/\/albert.radom.pl\/wp-content\/uploads\/2023\/04\/341844061_107790795626836_7606289178932079982_n.jpg",1440,1080,false],"newsever-slider-full":["https:\/\/albert.radom.pl\/wp-content\/uploads\/2023\/04\/341844061_107790795626836_7606289178932079982_n-1280x845.jpg",1280,845,true],"newsever-featured":["https:\/\/albert.radom.pl\/wp-content\/uploads\/2023\/04\/341844061_107790795626836_7606289178932079982_n-1024x768.jpg",1024,768,true],"newsever-medium":["https:\/\/albert.radom.pl\/wp-content\/uploads\/2023\/04\/341844061_107790795626836_7606289178932079982_n-720x475.jpg",720,475,true]},"author_info":{"display_name":"xdar","author_link":"https:\/\/albert.radom.pl\/?author=1"},"category_info":"<a href=\"https:\/\/albert.radom.pl\/?cat=19\" rel=\"category\">Aktualno\u015bci<\/a>","tag_info":"Aktualno\u015bci","comment_count":"0","_links":{"self":[{"href":"https:\/\/albert.radom.pl\/index.php?rest_route=\/wp\/v2\/posts\/2228","targetHints":{"allow":["GET"]}}],"collection":[{"href":"https:\/\/albert.radom.pl\/index.php?rest_route=\/wp\/v2\/posts"}],"about":[{"href":"https:\/\/albert.radom.pl\/index.php?rest_route=\/wp\/v2\/types\/post"}],"author":[{"embeddable":true,"href":"https:\/\/albert.radom.pl\/index.php?rest_route=\/wp\/v2\/users\/1"}],"replies":[{"embeddable":true,"href":"https:\/\/albert.radom.pl\/index.php?rest_route=%2Fwp%2Fv2%2Fcomments&post=2228"}],"version-history":[{"count":1,"href":"https:\/\/albert.radom.pl\/index.php?rest_route=\/wp\/v2\/posts\/2228\/revisions"}],"predecessor-version":[{"id":2229,"href":"https:\/\/albert.radom.pl\/index.php?rest_route=\/wp\/v2\/posts\/2228\/revisions\/2229"}],"wp:featuredmedia":[{"embeddable":true,"href":"https:\/\/albert.radom.pl\/index.php?rest_route=\/wp\/v2\/media\/2223"}],"wp:attachment":[{"href":"https:\/\/albert.radom.pl\/index.php?rest_route=%2Fwp%2Fv2%2Fmedia&parent=2228"}],"wp:term":[{"taxonomy":"category","embeddable":true,"href":"https:\/\/albert.radom.pl\/index.php?rest_route=%2Fwp%2Fv2%2Fcategories&post=2228"},{"taxonomy":"post_tag","embeddable":true,"href":"https:\/\/albert.radom.pl\/index.php?rest_route=%2Fwp%2Fv2%2Ftags&post=2228"}],"curies":[{"name":"wp","href":"https:\/\/api.w.org\/{rel}","templated":true}]}}