{"id":2325,"date":"2023-05-06T18:26:27","date_gmt":"2023-05-06T16:26:27","guid":{"rendered":"https:\/\/albert.radom.pl\/?p=2325"},"modified":"2023-06-03T09:07:22","modified_gmt":"2023-06-03T07:07:22","slug":"11-ogolnopolska-pielgrzymka-rozancowa-na-jasna-gore","status":"publish","type":"post","link":"https:\/\/albert.radom.pl\/?p=2325","title":{"rendered":"11. Og\u00f3lnopolska Pielgrzymka R\u00f3\u017ca\u0144cowa na Jasn\u0105 G\u00f3r\u0119"},"content":{"rendered":"<p>W dniach 2-3 czerwca 2023 roku na Jasnej G\u00f3rze odb\u0119dzie si\u0119 XI Og\u00f3lnopolska Pielgrzymka \u017bR i RR, pod has\u0142em: \u201eR\u00f3\u017caniec si\u0142\u0105 chorych i cierpi\u0105cych\u201d. Zapisy w naszej parafii w kancelarii. Zapraszamy Siostry R\u00f3\u017ca\u0144cowe i wszystkich ch\u0119tnych.<\/p>\n<p style=\"text-align: center;\"><img loading=\"lazy\" decoding=\"async\" class=\"aligncenter size-full wp-image-2326\" src=\"https:\/\/albert.radom.pl\/wp-content\/uploads\/2023\/05\/JG_plakat_1_6-MG2.jpg\" alt=\"\" width=\"726\" height=\"1024\" srcset=\"https:\/\/albert.radom.pl\/wp-content\/uploads\/2023\/05\/JG_plakat_1_6-MG2.jpg 726w, https:\/\/albert.radom.pl\/wp-content\/uploads\/2023\/05\/JG_plakat_1_6-MG2-213x300.jpg 213w\" sizes=\"auto, (max-width: 726px) 100vw, 726px\" \/><\/p>\n","protected":false},"excerpt":{"rendered":"<p>W dniach 2-3 czerwca 2023 roku na Jasnej G\u00f3rze odb\u0119dzie si\u0119 XI Og\u00f3lnopolska Pielgrzymka \u017bR&#8230;<\/p>\n","protected":false},"author":1,"featured_media":2324,"comment_status":"closed","ping_status":"closed","sticky":false,"template":"","format":"standard","meta":{"footnotes":""},"categories":[9],"tags":[],"class_list":["post-2325","post","type-post","status-publish","format-standard","has-post-thumbnail","hentry","category-archiwum"],"featured_image_urls":{"full":["https:\/\/albert.radom.pl\/wp-content\/uploads\/2023\/05\/JG_baner.jpeg",723,534,false],"thumbnail":["https:\/\/albert.radom.pl\/wp-content\/uploads\/2023\/05\/JG_baner-150x150.jpeg",150,150,true],"medium":["https:\/\/albert.radom.pl\/wp-content\/uploads\/2023\/05\/JG_baner-300x222.jpeg",300,222,true],"medium_large":["https:\/\/albert.radom.pl\/wp-content\/uploads\/2023\/05\/JG_baner.jpeg",640,473,false],"large":["https:\/\/albert.radom.pl\/wp-content\/uploads\/2023\/05\/JG_baner.jpeg",640,473,false],"1536x1536":["https:\/\/albert.radom.pl\/wp-content\/uploads\/2023\/05\/JG_baner.jpeg",723,534,false],"2048x2048":["https:\/\/albert.radom.pl\/wp-content\/uploads\/2023\/05\/JG_baner.jpeg",723,534,false],"newsever-slider-full":["https:\/\/albert.radom.pl\/wp-content\/uploads\/2023\/05\/JG_baner.jpeg",723,534,false],"newsever-featured":["https:\/\/albert.radom.pl\/wp-content\/uploads\/2023\/05\/JG_baner.jpeg",723,534,false],"newsever-medium":["https:\/\/albert.radom.pl\/wp-content\/uploads\/2023\/05\/JG_baner-720x475.jpeg",720,475,true]},"author_info":{"display_name":"xdar","author_link":"https:\/\/albert.radom.pl\/?author=1"},"category_info":"<a href=\"https:\/\/albert.radom.pl\/?cat=9\" rel=\"category\">Archiwum<\/a>","tag_info":"Archiwum","comment_count":"0","_links":{"self":[{"href":"https:\/\/albert.radom.pl\/index.php?rest_route=\/wp\/v2\/posts\/2325","targetHints":{"allow":["GET"]}}],"collection":[{"href":"https:\/\/albert.radom.pl\/index.php?rest_route=\/wp\/v2\/posts"}],"about":[{"href":"https:\/\/albert.radom.pl\/index.php?rest_route=\/wp\/v2\/types\/post"}],"author":[{"embeddable":true,"href":"https:\/\/albert.radom.pl\/index.php?rest_route=\/wp\/v2\/users\/1"}],"replies":[{"embeddable":true,"href":"https:\/\/albert.radom.pl\/index.php?rest_route=%2Fwp%2Fv2%2Fcomments&post=2325"}],"version-history":[{"count":1,"href":"https:\/\/albert.radom.pl\/index.php?rest_route=\/wp\/v2\/posts\/2325\/revisions"}],"predecessor-version":[{"id":2327,"href":"https:\/\/albert.radom.pl\/index.php?rest_route=\/wp\/v2\/posts\/2325\/revisions\/2327"}],"wp:featuredmedia":[{"embeddable":true,"href":"https:\/\/albert.radom.pl\/index.php?rest_route=\/wp\/v2\/media\/2324"}],"wp:attachment":[{"href":"https:\/\/albert.radom.pl\/index.php?rest_route=%2Fwp%2Fv2%2Fmedia&parent=2325"}],"wp:term":[{"taxonomy":"category","embeddable":true,"href":"https:\/\/albert.radom.pl\/index.php?rest_route=%2Fwp%2Fv2%2Fcategories&post=2325"},{"taxonomy":"post_tag","embeddable":true,"href":"https:\/\/albert.radom.pl\/index.php?rest_route=%2Fwp%2Fv2%2Ftags&post=2325"}],"curies":[{"name":"wp","href":"https:\/\/api.w.org\/{rel}","templated":true}]}}