{"id":2330,"date":"2023-05-06T18:35:01","date_gmt":"2023-05-06T16:35:01","guid":{"rendered":"https:\/\/albert.radom.pl\/?p=2330"},"modified":"2023-05-09T18:51:13","modified_gmt":"2023-05-09T16:51:13","slug":"wystawa-o-biskupach-ziemi-radomskiej","status":"publish","type":"post","link":"https:\/\/albert.radom.pl\/?p=2330","title":{"rendered":"Wystawa o Biskupach ziemi radomskiej"},"content":{"rendered":"<p>Muzeum im. Jacka Malczewskiego w Radomiu we wsp\u00f3\u0142pracy z Diecezj\u0105 Radomsk\u0105 przygotowa\u0142o wystaw\u0119 \u201eAby \u015blady ich st\u00f3p przetrwa\u0142y. Biskupi ziemi radomskiej\u201d. <!--more-->Ekspozycja jest po\u015bwi\u0119cona osobom zmar\u0142ych biskup\u00f3w diecezji radomskiej oraz biskupom pochodz\u0105cym z ziemi radomskiej. Wernisa\u017c wystawy odb\u0119dzie si\u0119 9 maja 2023 r. o godz. 16.00 w budynku Muzeum im. Jacka Malczewskiego w Radomiu (Rynek 11). Patronem honorowym wystawy jest Biskup Radomski Marek Solarczyk. Zach\u0119camy do odwiedzenia wystawy<\/p>\n","protected":false},"excerpt":{"rendered":"<p>Muzeum im. Jacka Malczewskiego w Radomiu we wsp\u00f3\u0142pracy z Diecezj\u0105 Radomsk\u0105 przygotowa\u0142o wystaw\u0119 \u201eAby \u015blady&#8230;<\/p>\n","protected":false},"author":1,"featured_media":2329,"comment_status":"closed","ping_status":"closed","sticky":false,"template":"","format":"standard","meta":{"footnotes":""},"categories":[13,14],"tags":[],"class_list":["post-2330","post","type-post","status-publish","format-standard","has-post-thumbnail","hentry","category-kultura-i-sztuka","category-polecamy"],"featured_image_urls":{"full":["https:\/\/albert.radom.pl\/wp-content\/uploads\/2023\/05\/Muzeum_Jacka_Malczewskiego_1_sp-1024x682-1.jpg",1024,682,false],"thumbnail":["https:\/\/albert.radom.pl\/wp-content\/uploads\/2023\/05\/Muzeum_Jacka_Malczewskiego_1_sp-1024x682-1-150x150.jpg",150,150,true],"medium":["https:\/\/albert.radom.pl\/wp-content\/uploads\/2023\/05\/Muzeum_Jacka_Malczewskiego_1_sp-1024x682-1-300x200.jpg",300,200,true],"medium_large":["https:\/\/albert.radom.pl\/wp-content\/uploads\/2023\/05\/Muzeum_Jacka_Malczewskiego_1_sp-1024x682-1-768x512.jpg",640,427,true],"large":["https:\/\/albert.radom.pl\/wp-content\/uploads\/2023\/05\/Muzeum_Jacka_Malczewskiego_1_sp-1024x682-1.jpg",640,426,false],"1536x1536":["https:\/\/albert.radom.pl\/wp-content\/uploads\/2023\/05\/Muzeum_Jacka_Malczewskiego_1_sp-1024x682-1.jpg",1024,682,false],"2048x2048":["https:\/\/albert.radom.pl\/wp-content\/uploads\/2023\/05\/Muzeum_Jacka_Malczewskiego_1_sp-1024x682-1.jpg",1024,682,false],"newsever-slider-full":["https:\/\/albert.radom.pl\/wp-content\/uploads\/2023\/05\/Muzeum_Jacka_Malczewskiego_1_sp-1024x682-1.jpg",1024,682,false],"newsever-featured":["https:\/\/albert.radom.pl\/wp-content\/uploads\/2023\/05\/Muzeum_Jacka_Malczewskiego_1_sp-1024x682-1.jpg",1024,682,false],"newsever-medium":["https:\/\/albert.radom.pl\/wp-content\/uploads\/2023\/05\/Muzeum_Jacka_Malczewskiego_1_sp-1024x682-1-720x475.jpg",720,475,true]},"author_info":{"display_name":"xdar","author_link":"https:\/\/albert.radom.pl\/?author=1"},"category_info":"<a href=\"https:\/\/albert.radom.pl\/?cat=13\" rel=\"category\">Kultura i sztuka<\/a> <a href=\"https:\/\/albert.radom.pl\/?cat=14\" rel=\"category\">Polecamy<\/a>","tag_info":"Polecamy","comment_count":"0","_links":{"self":[{"href":"https:\/\/albert.radom.pl\/index.php?rest_route=\/wp\/v2\/posts\/2330","targetHints":{"allow":["GET"]}}],"collection":[{"href":"https:\/\/albert.radom.pl\/index.php?rest_route=\/wp\/v2\/posts"}],"about":[{"href":"https:\/\/albert.radom.pl\/index.php?rest_route=\/wp\/v2\/types\/post"}],"author":[{"embeddable":true,"href":"https:\/\/albert.radom.pl\/index.php?rest_route=\/wp\/v2\/users\/1"}],"replies":[{"embeddable":true,"href":"https:\/\/albert.radom.pl\/index.php?rest_route=%2Fwp%2Fv2%2Fcomments&post=2330"}],"version-history":[{"count":1,"href":"https:\/\/albert.radom.pl\/index.php?rest_route=\/wp\/v2\/posts\/2330\/revisions"}],"predecessor-version":[{"id":2331,"href":"https:\/\/albert.radom.pl\/index.php?rest_route=\/wp\/v2\/posts\/2330\/revisions\/2331"}],"wp:featuredmedia":[{"embeddable":true,"href":"https:\/\/albert.radom.pl\/index.php?rest_route=\/wp\/v2\/media\/2329"}],"wp:attachment":[{"href":"https:\/\/albert.radom.pl\/index.php?rest_route=%2Fwp%2Fv2%2Fmedia&parent=2330"}],"wp:term":[{"taxonomy":"category","embeddable":true,"href":"https:\/\/albert.radom.pl\/index.php?rest_route=%2Fwp%2Fv2%2Fcategories&post=2330"},{"taxonomy":"post_tag","embeddable":true,"href":"https:\/\/albert.radom.pl\/index.php?rest_route=%2Fwp%2Fv2%2Ftags&post=2330"}],"curies":[{"name":"wp","href":"https:\/\/api.w.org\/{rel}","templated":true}]}}