{"id":2333,"date":"2023-04-22T21:22:36","date_gmt":"2023-04-22T19:22:36","guid":{"rendered":"https:\/\/albert.radom.pl\/?p=2333"},"modified":"2023-05-07T08:37:30","modified_gmt":"2023-05-07T06:37:30","slug":"bierzmowanie-mlodziezy-klas-osmych","status":"publish","type":"post","link":"https:\/\/albert.radom.pl\/?p=2333","title":{"rendered":"Bierzmowanie m\u0142odzie\u017cy klas \u00f3smych"},"content":{"rendered":"<p>W sobotnie po\u0142udnie w naszej parafialnej \u015bwi\u0105tyni odby\u0142a si\u0119 uroczysto\u015b\u0107 bierzmowania naszej m\u0142odzie\u017cy, kt\u00f3rej przewodniczy\u0142 Pasterz naszej diecezji Ksi\u0105dz Biskup Marek Solarczyk. <!--more-->Na pocz\u0105tku Mszy \u015awi\u0119tej Ksi\u0105dz Proboszcz oraz rodzice m\u0142odych poprosili o udzielenie tego sakramentu. Grup\u0119 ponad czterdziestu m\u0142odych ludzi przygotowywa\u0142 ks. Karol. Na zako\u0144czenie uroczysto\u015bci przem\u00f3wili sami m\u0142odzi:<br \/>\n\u201eDar sakramentu bierzmowania to przede wszystkim dar umocnienia naszej wiary. \u00a0Wszystko to sta\u0142o si\u0119 mo\u017cliwe dzi\u0119ki twojej Ksi\u0119\u017ce Biskupie pos\u0142udze. Dlatego pragniemy wyrazi\u0107 wdzi\u0119czno\u015b\u0107 nas wszystkich za Twoj\u0105 obecno\u015b\u0107 i pouczenie. Dzi\u0119kujemy za s\u0142owo umocnienia i twoje b\u0142ogos\u0142awie\u0144stwo. Pami\u0119taj\u0105c o zbli\u017caj\u0105cych si\u0119 imieninach Ksi\u0119dza Biskupa \u017cyczymy du\u017co si\u0142 i wytrwa\u0142o\u015bci w pasterzowaniu nasz\u0105 diecezj\u0105. Niech \u015bw. Marek, patron Ksi\u0119dza Biskupa, wspiera na drodze Biskupiej pos\u0142ugi. S\u0142owo podzi\u0119kowania kierujemy r\u00f3wnie\u017c wobec obecnych tu kap\u0142an\u00f3w. Dzi\u0119kujemy Ksi\u0119dzu Proboszczowi Markowi, r\u00f3wnie\u017c niebawem prze\u017cywaj\u0105cemu swoje imieniny, Ksi\u0119dzu Seniorowi, kap\u0142anom pos\u0142uguj\u0105cym w naszej parafii oraz diakonowi za trosk\u0119 o nasze zbawienie i pod\u0105\u017canie z nami drogami Ewangelii. W spos\u00f3b szczeg\u00f3lny dzi\u0119kujemy naszym katechetom oraz ks. Karolowi, kt\u00f3rzy towarzyszyli nam w tej drodze przygotowania do sakramentu bierzmowania: za niestrudzon\u0105 i wymagaj\u0105c\u0105 opiek\u0119 nad nami. Dzi\u0119kujemy naszym rodzicom, za wychowanie i przekazany nam dar wiary, za trosk\u0119 o nas i ka\u017cdy gest mi\u0142o\u015bci. Naszym \u015bwiadkom bierzmowania, rodze\u0144stwu, rodzicom chrzestnym, babciom oraz dziadkom za towarzyszenie nam i pomoc w rozwijaniu naszej wiary.<br \/>\nDzi\u0119kujemy wszystkim, kt\u00f3rzy przyczynili si\u0119 do u\u015bwietnienia tej uroczysto\u015bci: ministrantom, scholi, pani organistce i panu ko\u015bcielnemu.<br \/>\nNiech Pan B\u00f3g wynagrodzi wasz trud i udziela swego b\u0142ogos\u0142awie\u0144stwa.\u201d<\/p>\n<p style=\"text-align: right;\"><a href=\"https:\/\/www.icloud.com\/sharedalbum\/#B13Grq0zw9seTTG\" target=\"_blank\" rel=\"noopener\"><strong>Kliknij, aby obejrze\u0107 FOTOGALERI\u0118<\/strong><\/a><\/p>\n","protected":false},"excerpt":{"rendered":"<p>W sobotnie po\u0142udnie w naszej parafialnej \u015bwi\u0105tyni odby\u0142a si\u0119 uroczysto\u015b\u0107 bierzmowania naszej m\u0142odzie\u017cy, kt\u00f3rej przewodniczy\u0142&#8230;<\/p>\n","protected":false},"author":1,"featured_media":2334,"comment_status":"closed","ping_status":"closed","sticky":false,"template":"","format":"standard","meta":{"footnotes":""},"categories":[19,67,12],"tags":[],"class_list":["post-2333","post","type-post","status-publish","format-standard","has-post-thumbnail","hentry","category-aktualnosci","category-bp-marek-solarczyk","category-galeria"],"featured_image_urls":{"full":["https:\/\/albert.radom.pl\/wp-content\/uploads\/2023\/05\/DSC_0172.jpg",2305,1537,false],"thumbnail":["https:\/\/albert.radom.pl\/wp-content\/uploads\/2023\/05\/DSC_0172-150x150.jpg",150,150,true],"medium":["https:\/\/albert.radom.pl\/wp-content\/uploads\/2023\/05\/DSC_0172-300x200.jpg",300,200,true],"medium_large":["https:\/\/albert.radom.pl\/wp-content\/uploads\/2023\/05\/DSC_0172-768x512.jpg",640,427,true],"large":["https:\/\/albert.radom.pl\/wp-content\/uploads\/2023\/05\/DSC_0172-1024x683.jpg",640,427,true],"1536x1536":["https:\/\/albert.radom.pl\/wp-content\/uploads\/2023\/05\/DSC_0172-1536x1024.jpg",1536,1024,true],"2048x2048":["https:\/\/albert.radom.pl\/wp-content\/uploads\/2023\/05\/DSC_0172-2048x1366.jpg",2048,1366,true],"newsever-slider-full":["https:\/\/albert.radom.pl\/wp-content\/uploads\/2023\/05\/DSC_0172-1280x845.jpg",1280,845,true],"newsever-featured":["https:\/\/albert.radom.pl\/wp-content\/uploads\/2023\/05\/DSC_0172-1024x683.jpg",1024,683,true],"newsever-medium":["https:\/\/albert.radom.pl\/wp-content\/uploads\/2023\/05\/DSC_0172-720x475.jpg",720,475,true]},"author_info":{"display_name":"xdar","author_link":"https:\/\/albert.radom.pl\/?author=1"},"category_info":"<a href=\"https:\/\/albert.radom.pl\/?cat=19\" rel=\"category\">Aktualno\u015bci<\/a> <a href=\"https:\/\/albert.radom.pl\/?cat=67\" rel=\"category\">Bp Marek Solarczyk<\/a> <a href=\"https:\/\/albert.radom.pl\/?cat=12\" rel=\"category\">Galerie<\/a>","tag_info":"Galerie","comment_count":"0","_links":{"self":[{"href":"https:\/\/albert.radom.pl\/index.php?rest_route=\/wp\/v2\/posts\/2333","targetHints":{"allow":["GET"]}}],"collection":[{"href":"https:\/\/albert.radom.pl\/index.php?rest_route=\/wp\/v2\/posts"}],"about":[{"href":"https:\/\/albert.radom.pl\/index.php?rest_route=\/wp\/v2\/types\/post"}],"author":[{"embeddable":true,"href":"https:\/\/albert.radom.pl\/index.php?rest_route=\/wp\/v2\/users\/1"}],"replies":[{"embeddable":true,"href":"https:\/\/albert.radom.pl\/index.php?rest_route=%2Fwp%2Fv2%2Fcomments&post=2333"}],"version-history":[{"count":3,"href":"https:\/\/albert.radom.pl\/index.php?rest_route=\/wp\/v2\/posts\/2333\/revisions"}],"predecessor-version":[{"id":2363,"href":"https:\/\/albert.radom.pl\/index.php?rest_route=\/wp\/v2\/posts\/2333\/revisions\/2363"}],"wp:featuredmedia":[{"embeddable":true,"href":"https:\/\/albert.radom.pl\/index.php?rest_route=\/wp\/v2\/media\/2334"}],"wp:attachment":[{"href":"https:\/\/albert.radom.pl\/index.php?rest_route=%2Fwp%2Fv2%2Fmedia&parent=2333"}],"wp:term":[{"taxonomy":"category","embeddable":true,"href":"https:\/\/albert.radom.pl\/index.php?rest_route=%2Fwp%2Fv2%2Fcategories&post=2333"},{"taxonomy":"post_tag","embeddable":true,"href":"https:\/\/albert.radom.pl\/index.php?rest_route=%2Fwp%2Fv2%2Ftags&post=2333"}],"curies":[{"name":"wp","href":"https:\/\/api.w.org\/{rel}","templated":true}]}}