{"id":2388,"date":"2023-05-09T05:21:55","date_gmt":"2023-05-09T03:21:55","guid":{"rendered":"https:\/\/albert.radom.pl\/?p=2388"},"modified":"2023-05-09T18:28:01","modified_gmt":"2023-05-09T16:28:01","slug":"renowacja-krzyza-misyjnego","status":"publish","type":"post","link":"https:\/\/albert.radom.pl\/?p=2388","title":{"rendered":"Renowacja Krzy\u017ca Misyjnego"},"content":{"rendered":"<p>Wielkimi krokami zbli\u017caj\u0105 si\u0119 obchody Jubileuszu 40-lecia naszej Parafii.<!--more--> W dniach 11-18 czerwca br. b\u0119dziemy prze\u017cywali Misje Parafialne, kt\u00f3re maj\u0105 nas przygotowa\u0107 duchowo na to wa\u017cne wydarzenie. W dniu wczorajszym Rycerze Kolumba rozpocz\u0119li renowacj\u0119 Krzy\u017ca Misyjnego, przy kt\u00f3rym odb\u0119dzie si\u0119 Nabo\u017ce\u0144stwo zako\u0144czenia Misji. Dzi\u0119kujemy Braciom Rycerzom za zaanga\u017cowanie, \u017cyczliwo\u015b\u0107 i wszelk\u0105 pomoc.<\/p>\n<p style=\"text-align: center;\"><img loading=\"lazy\" decoding=\"async\" class=\"aligncenter size-large wp-image-2366\" src=\"https:\/\/albert.radom.pl\/wp-content\/uploads\/2023\/05\/IMG_3318-768x1024.jpg\" alt=\"\" width=\"640\" height=\"853\" srcset=\"https:\/\/albert.radom.pl\/wp-content\/uploads\/2023\/05\/IMG_3318-768x1024.jpg 768w, https:\/\/albert.radom.pl\/wp-content\/uploads\/2023\/05\/IMG_3318-225x300.jpg 225w, https:\/\/albert.radom.pl\/wp-content\/uploads\/2023\/05\/IMG_3318.jpg 900w\" sizes=\"auto, (max-width: 640px) 100vw, 640px\" \/><\/p>\n","protected":false},"excerpt":{"rendered":"<p>Wielkimi krokami zbli\u017caj\u0105 si\u0119 obchody Jubileuszu 40-lecia naszej Parafii.<\/p>\n","protected":false},"author":1,"featured_media":2365,"comment_status":"closed","ping_status":"closed","sticky":false,"template":"","format":"standard","meta":{"footnotes":""},"categories":[19,56,34],"tags":[],"class_list":["post-2388","post","type-post","status-publish","format-standard","has-post-thumbnail","hentry","category-aktualnosci","category-misje-parafialne","category-rycerze-kolumba"],"featured_image_urls":{"full":["https:\/\/albert.radom.pl\/wp-content\/uploads\/2023\/05\/IMG_3317.jpg",900,1200,false],"thumbnail":["https:\/\/albert.radom.pl\/wp-content\/uploads\/2023\/05\/IMG_3317-150x150.jpg",150,150,true],"medium":["https:\/\/albert.radom.pl\/wp-content\/uploads\/2023\/05\/IMG_3317-225x300.jpg",225,300,true],"medium_large":["https:\/\/albert.radom.pl\/wp-content\/uploads\/2023\/05\/IMG_3317-768x1024.jpg",640,853,true],"large":["https:\/\/albert.radom.pl\/wp-content\/uploads\/2023\/05\/IMG_3317-768x1024.jpg",640,853,true],"1536x1536":["https:\/\/albert.radom.pl\/wp-content\/uploads\/2023\/05\/IMG_3317.jpg",900,1200,false],"2048x2048":["https:\/\/albert.radom.pl\/wp-content\/uploads\/2023\/05\/IMG_3317.jpg",900,1200,false],"newsever-slider-full":["https:\/\/albert.radom.pl\/wp-content\/uploads\/2023\/05\/IMG_3317-900x845.jpg",900,845,true],"newsever-featured":["https:\/\/albert.radom.pl\/wp-content\/uploads\/2023\/05\/IMG_3317.jpg",900,1200,false],"newsever-medium":["https:\/\/albert.radom.pl\/wp-content\/uploads\/2023\/05\/IMG_3317-720x475.jpg",720,475,true]},"author_info":{"display_name":"xdar","author_link":"https:\/\/albert.radom.pl\/?author=1"},"category_info":"<a href=\"https:\/\/albert.radom.pl\/?cat=19\" rel=\"category\">Aktualno\u015bci<\/a> <a href=\"https:\/\/albert.radom.pl\/?cat=56\" rel=\"category\">Misje parafialne<\/a> <a href=\"https:\/\/albert.radom.pl\/?cat=34\" rel=\"category\">Rycerze Kolumba<\/a>","tag_info":"Rycerze Kolumba","comment_count":"0","_links":{"self":[{"href":"https:\/\/albert.radom.pl\/index.php?rest_route=\/wp\/v2\/posts\/2388","targetHints":{"allow":["GET"]}}],"collection":[{"href":"https:\/\/albert.radom.pl\/index.php?rest_route=\/wp\/v2\/posts"}],"about":[{"href":"https:\/\/albert.radom.pl\/index.php?rest_route=\/wp\/v2\/types\/post"}],"author":[{"embeddable":true,"href":"https:\/\/albert.radom.pl\/index.php?rest_route=\/wp\/v2\/users\/1"}],"replies":[{"embeddable":true,"href":"https:\/\/albert.radom.pl\/index.php?rest_route=%2Fwp%2Fv2%2Fcomments&post=2388"}],"version-history":[{"count":2,"href":"https:\/\/albert.radom.pl\/index.php?rest_route=\/wp\/v2\/posts\/2388\/revisions"}],"predecessor-version":[{"id":2390,"href":"https:\/\/albert.radom.pl\/index.php?rest_route=\/wp\/v2\/posts\/2388\/revisions\/2390"}],"wp:featuredmedia":[{"embeddable":true,"href":"https:\/\/albert.radom.pl\/index.php?rest_route=\/wp\/v2\/media\/2365"}],"wp:attachment":[{"href":"https:\/\/albert.radom.pl\/index.php?rest_route=%2Fwp%2Fv2%2Fmedia&parent=2388"}],"wp:term":[{"taxonomy":"category","embeddable":true,"href":"https:\/\/albert.radom.pl\/index.php?rest_route=%2Fwp%2Fv2%2Fcategories&post=2388"},{"taxonomy":"post_tag","embeddable":true,"href":"https:\/\/albert.radom.pl\/index.php?rest_route=%2Fwp%2Fv2%2Ftags&post=2388"}],"curies":[{"name":"wp","href":"https:\/\/api.w.org\/{rel}","templated":true}]}}