{"id":2391,"date":"2023-05-06T22:43:10","date_gmt":"2023-05-06T20:43:10","guid":{"rendered":"https:\/\/albert.radom.pl\/?p=2391"},"modified":"2023-05-09T18:50:14","modified_gmt":"2023-05-09T16:50:14","slug":"pielgrzymowali-na-rowerach-do-kowali","status":"publish","type":"post","link":"https:\/\/albert.radom.pl\/?p=2391","title":{"rendered":"Pielgrzymowali na rowerach do Kowali"},"content":{"rendered":"<p>Akcja Katolicka Diecezji Radomskiej podobnie jak w roku ubieg\u0142ym zorganizowa\u0142a cykl pierwszosobotnich rowerowych pielgrzymek. Po raz pierwszy pielgrzymi wyruszyli w tras\u0119 w pierwsz\u0105 sobot\u0119 maja. \u00a0Udali si\u0119 do parafii \u015bw. Wojciecha w Kowalia wyruszyli sprzed naszego ko\u015bcio\u0142a \u015bw. Brata Alberta.<\/p>\n<p style=\"text-align: right;\">Wi\u0119cej na <a href=\"https:\/\/radom.gosc.pl\/doc\/8252847.Pielgrzymowali-na-rowerach-do-Kowali#Galerie\" target=\"_blank\" rel=\"noopener\">radom.gosc.pl<\/a><\/p>\n","protected":false},"excerpt":{"rendered":"<p>Akcja Katolicka Diecezji Radomskiej podobnie jak w roku ubieg\u0142ym zorganizowa\u0142a cykl pierwszosobotnich rowerowych pielgrzymek. Po&#8230;<\/p>\n","protected":false},"author":1,"featured_media":2392,"comment_status":"closed","ping_status":"closed","sticky":false,"template":"","format":"standard","meta":{"footnotes":""},"categories":[19],"tags":[],"class_list":["post-2391","post","type-post","status-publish","format-standard","has-post-thumbnail","hentry","category-aktualnosci"],"featured_image_urls":{"full":["https:\/\/albert.radom.pl\/wp-content\/uploads\/2023\/05\/397173_4AQM_AK_pielgrzymka_82.webp",765,497,false],"thumbnail":["https:\/\/albert.radom.pl\/wp-content\/uploads\/2023\/05\/397173_4AQM_AK_pielgrzymka_82-150x150.webp",150,150,true],"medium":["https:\/\/albert.radom.pl\/wp-content\/uploads\/2023\/05\/397173_4AQM_AK_pielgrzymka_82-300x195.webp",300,195,true],"medium_large":["https:\/\/albert.radom.pl\/wp-content\/uploads\/2023\/05\/397173_4AQM_AK_pielgrzymka_82.webp",640,416,false],"large":["https:\/\/albert.radom.pl\/wp-content\/uploads\/2023\/05\/397173_4AQM_AK_pielgrzymka_82.webp",640,416,false],"1536x1536":["https:\/\/albert.radom.pl\/wp-content\/uploads\/2023\/05\/397173_4AQM_AK_pielgrzymka_82.webp",765,497,false],"2048x2048":["https:\/\/albert.radom.pl\/wp-content\/uploads\/2023\/05\/397173_4AQM_AK_pielgrzymka_82.webp",765,497,false],"newsever-slider-full":["https:\/\/albert.radom.pl\/wp-content\/uploads\/2023\/05\/397173_4AQM_AK_pielgrzymka_82.webp",765,497,false],"newsever-featured":["https:\/\/albert.radom.pl\/wp-content\/uploads\/2023\/05\/397173_4AQM_AK_pielgrzymka_82.webp",765,497,false],"newsever-medium":["https:\/\/albert.radom.pl\/wp-content\/uploads\/2023\/05\/397173_4AQM_AK_pielgrzymka_82-720x475.webp",720,475,true]},"author_info":{"display_name":"xdar","author_link":"https:\/\/albert.radom.pl\/?author=1"},"category_info":"<a href=\"https:\/\/albert.radom.pl\/?cat=19\" rel=\"category\">Aktualno\u015bci<\/a>","tag_info":"Aktualno\u015bci","comment_count":"0","_links":{"self":[{"href":"https:\/\/albert.radom.pl\/index.php?rest_route=\/wp\/v2\/posts\/2391","targetHints":{"allow":["GET"]}}],"collection":[{"href":"https:\/\/albert.radom.pl\/index.php?rest_route=\/wp\/v2\/posts"}],"about":[{"href":"https:\/\/albert.radom.pl\/index.php?rest_route=\/wp\/v2\/types\/post"}],"author":[{"embeddable":true,"href":"https:\/\/albert.radom.pl\/index.php?rest_route=\/wp\/v2\/users\/1"}],"replies":[{"embeddable":true,"href":"https:\/\/albert.radom.pl\/index.php?rest_route=%2Fwp%2Fv2%2Fcomments&post=2391"}],"version-history":[{"count":1,"href":"https:\/\/albert.radom.pl\/index.php?rest_route=\/wp\/v2\/posts\/2391\/revisions"}],"predecessor-version":[{"id":2393,"href":"https:\/\/albert.radom.pl\/index.php?rest_route=\/wp\/v2\/posts\/2391\/revisions\/2393"}],"wp:featuredmedia":[{"embeddable":true,"href":"https:\/\/albert.radom.pl\/index.php?rest_route=\/wp\/v2\/media\/2392"}],"wp:attachment":[{"href":"https:\/\/albert.radom.pl\/index.php?rest_route=%2Fwp%2Fv2%2Fmedia&parent=2391"}],"wp:term":[{"taxonomy":"category","embeddable":true,"href":"https:\/\/albert.radom.pl\/index.php?rest_route=%2Fwp%2Fv2%2Fcategories&post=2391"},{"taxonomy":"post_tag","embeddable":true,"href":"https:\/\/albert.radom.pl\/index.php?rest_route=%2Fwp%2Fv2%2Ftags&post=2391"}],"curies":[{"name":"wp","href":"https:\/\/api.w.org\/{rel}","templated":true}]}}