{"id":2451,"date":"2023-05-14T15:33:56","date_gmt":"2023-05-14T13:33:56","guid":{"rendered":"https:\/\/albert.radom.pl\/?p=2451"},"modified":"2023-05-14T15:39:29","modified_gmt":"2023-05-14T13:39:29","slug":"pierwsza-komunia-swieta","status":"publish","type":"post","link":"https:\/\/albert.radom.pl\/?p=2451","title":{"rendered":"Pierwsza Komunia \u015awi\u0119ta"},"content":{"rendered":"<p>Dzisiejszej niedzieli prze\u017cywali\u015bmy wielk\u0105 rado\u015b\u0107 przyj\u0119cia po raz pierwszy Komunii \u015bw. przez dzieci naszej parafii. Rado\u015b\u0107 by\u0142a podw\u00f3jna, gdy\u017c podw\u00f3jna by\u0142a uroczysto\u015b\u0107. <!--more-->Na Mszy \u015bw. o godz. 9 do I Komunii przyst\u0105pi\u0142o 27. dzieci z klas 3 szk\u00f3\u0142 powszechnych, natomiast o godz. 11 &#8211; 9. dzieci ze szk\u00f3\u0142 specjalnych.<\/p>\n<p>Serdecznie dzi\u0119kujemy wszystkim, kt\u00f3rzy zadbali o duchowe i zewn\u0119trzne przygotowanie uroczysto\u015bci I Komunii \u015bw: Dzi\u0119kuj\u0119 rodzicom, ksi\u0119\u017com, katechetom, Pani Organistce Ewie, Panu Ko\u015bcielnemu Tadeuszowi, wszystkim, kt\u00f3rzy zadbali o przygotowanie ko\u015bcio\u0142a (sprz\u0105tanie, pranie dywan\u00f3w i chodnik\u00f3w, dekoracje kwiatowe). Bardzo dzi\u0119kujemy wszystkim rodzicom, a zw\u0142aszcza przedstawicielom rodzic\u00f3w, kt\u00f3rzy nie szcz\u0119dzili czasu i zaanga\u017cowania w przygotowaniach dzisiejszej uroczysto\u015bci. Bardzo serdecznie dzi\u0119kuje ksi\u0119dzu Karolowi za ca\u0142oroczne przygotowanie dzieci do tej uroczysto\u015bci.<\/p>\n<p>&nbsp;<\/p>\n<p><strong>I Komunia dzieci klas 3. szk\u00f3\u0142 powszechnych<\/strong><\/p>\n<div id='gallery-1' class='gallery galleryid-2451 gallery-columns-4 gallery-size-thumbnail'><figure class='gallery-item'>\n\t\t\t<div class='gallery-icon portrait'>\n\t\t\t\t<a href='https:\/\/albert.radom.pl\/wp-content\/uploads\/2023\/05\/I-KOM-23-01.jpeg'><img loading=\"lazy\" decoding=\"async\" width=\"150\" height=\"150\" src=\"https:\/\/albert.radom.pl\/wp-content\/uploads\/2023\/05\/I-KOM-23-01-150x150.jpeg\" class=\"attachment-thumbnail size-thumbnail\" alt=\"\" \/><\/a>\n\t\t\t<\/div><\/figure><figure class='gallery-item'>\n\t\t\t<div class='gallery-icon portrait'>\n\t\t\t\t<a href='https:\/\/albert.radom.pl\/wp-content\/uploads\/2023\/05\/I-KOM-23-02.jpeg'><img loading=\"lazy\" decoding=\"async\" width=\"150\" height=\"150\" src=\"https:\/\/albert.radom.pl\/wp-content\/uploads\/2023\/05\/I-KOM-23-02-150x150.jpeg\" class=\"attachment-thumbnail size-thumbnail\" alt=\"\" \/><\/a>\n\t\t\t<\/div><\/figure><figure class='gallery-item'>\n\t\t\t<div class='gallery-icon portrait'>\n\t\t\t\t<a href='https:\/\/albert.radom.pl\/wp-content\/uploads\/2023\/05\/I-KOM-23-03.jpeg'><img loading=\"lazy\" decoding=\"async\" width=\"150\" height=\"150\" src=\"https:\/\/albert.radom.pl\/wp-content\/uploads\/2023\/05\/I-KOM-23-03-150x150.jpeg\" class=\"attachment-thumbnail size-thumbnail\" alt=\"\" \/><\/a>\n\t\t\t<\/div><\/figure><figure class='gallery-item'>\n\t\t\t<div class='gallery-icon portrait'>\n\t\t\t\t<a href='https:\/\/albert.radom.pl\/wp-content\/uploads\/2023\/05\/I-KOM-23-04.jpeg'><img loading=\"lazy\" decoding=\"async\" width=\"150\" height=\"150\" src=\"https:\/\/albert.radom.pl\/wp-content\/uploads\/2023\/05\/I-KOM-23-04-150x150.jpeg\" class=\"attachment-thumbnail size-thumbnail\" alt=\"\" \/><\/a>\n\t\t\t<\/div><\/figure><figure class='gallery-item'>\n\t\t\t<div class='gallery-icon portrait'>\n\t\t\t\t<a href='https:\/\/albert.radom.pl\/wp-content\/uploads\/2023\/05\/I-KOM-23-05.jpeg'><img loading=\"lazy\" decoding=\"async\" width=\"150\" height=\"150\" src=\"https:\/\/albert.radom.pl\/wp-content\/uploads\/2023\/05\/I-KOM-23-05-150x150.jpeg\" class=\"attachment-thumbnail size-thumbnail\" alt=\"\" \/><\/a>\n\t\t\t<\/div><\/figure><figure class='gallery-item'>\n\t\t\t<div class='gallery-icon portrait'>\n\t\t\t\t<a href='https:\/\/albert.radom.pl\/wp-content\/uploads\/2023\/05\/I-KOM-23-06.jpeg'><img loading=\"lazy\" decoding=\"async\" width=\"150\" height=\"150\" src=\"https:\/\/albert.radom.pl\/wp-content\/uploads\/2023\/05\/I-KOM-23-06-150x150.jpeg\" class=\"attachment-thumbnail size-thumbnail\" alt=\"\" \/><\/a>\n\t\t\t<\/div><\/figure><figure class='gallery-item'>\n\t\t\t<div class='gallery-icon portrait'>\n\t\t\t\t<a href='https:\/\/albert.radom.pl\/wp-content\/uploads\/2023\/05\/I-KOM-23-07.jpeg'><img loading=\"lazy\" decoding=\"async\" width=\"150\" height=\"150\" src=\"https:\/\/albert.radom.pl\/wp-content\/uploads\/2023\/05\/I-KOM-23-07-150x150.jpeg\" class=\"attachment-thumbnail size-thumbnail\" alt=\"\" \/><\/a>\n\t\t\t<\/div><\/figure><figure class='gallery-item'>\n\t\t\t<div class='gallery-icon portrait'>\n\t\t\t\t<a href='https:\/\/albert.radom.pl\/wp-content\/uploads\/2023\/05\/I-KOM-23-08.jpeg'><img loading=\"lazy\" decoding=\"async\" width=\"150\" height=\"150\" src=\"https:\/\/albert.radom.pl\/wp-content\/uploads\/2023\/05\/I-KOM-23-08-150x150.jpeg\" class=\"attachment-thumbnail size-thumbnail\" alt=\"\" \/><\/a>\n\t\t\t<\/div><\/figure><figure class='gallery-item'>\n\t\t\t<div class='gallery-icon portrait'>\n\t\t\t\t<a href='https:\/\/albert.radom.pl\/wp-content\/uploads\/2023\/05\/I-KOM-23-09.jpeg'><img loading=\"lazy\" decoding=\"async\" width=\"150\" height=\"150\" src=\"https:\/\/albert.radom.pl\/wp-content\/uploads\/2023\/05\/I-KOM-23-09-150x150.jpeg\" class=\"attachment-thumbnail size-thumbnail\" alt=\"\" \/><\/a>\n\t\t\t<\/div><\/figure><figure class='gallery-item'>\n\t\t\t<div class='gallery-icon portrait'>\n\t\t\t\t<a href='https:\/\/albert.radom.pl\/wp-content\/uploads\/2023\/05\/I-KOM-23-10.jpeg'><img loading=\"lazy\" decoding=\"async\" width=\"150\" height=\"150\" src=\"https:\/\/albert.radom.pl\/wp-content\/uploads\/2023\/05\/I-KOM-23-10-150x150.jpeg\" class=\"attachment-thumbnail size-thumbnail\" alt=\"\" \/><\/a>\n\t\t\t<\/div><\/figure><figure class='gallery-item'>\n\t\t\t<div class='gallery-icon landscape'>\n\t\t\t\t<a href='https:\/\/albert.radom.pl\/wp-content\/uploads\/2023\/05\/I-KOM-23-11.jpeg'><img loading=\"lazy\" decoding=\"async\" width=\"150\" height=\"150\" src=\"https:\/\/albert.radom.pl\/wp-content\/uploads\/2023\/05\/I-KOM-23-11-150x150.jpeg\" class=\"attachment-thumbnail size-thumbnail\" alt=\"\" \/><\/a>\n\t\t\t<\/div><\/figure>\n\t\t<\/div>\n\n<p><strong>I Komunia dzieci ze szk\u00f3\u0142 specjalnych<\/strong><\/p>\n<div id='gallery-2' class='gallery galleryid-2451 gallery-columns-4 gallery-size-thumbnail'><figure class='gallery-item'>\n\t\t\t<div class='gallery-icon landscape'>\n\t\t\t\t<a href='https:\/\/albert.radom.pl\/wp-content\/uploads\/2023\/05\/346998360_964639674577314_6893007411756907475_n.jpg'><img loading=\"lazy\" decoding=\"async\" width=\"150\" height=\"150\" src=\"https:\/\/albert.radom.pl\/wp-content\/uploads\/2023\/05\/346998360_964639674577314_6893007411756907475_n-150x150.jpg\" class=\"attachment-thumbnail size-thumbnail\" alt=\"\" \/><\/a>\n\t\t\t<\/div><\/figure><figure class='gallery-item'>\n\t\t\t<div class='gallery-icon landscape'>\n\t\t\t\t<a href='https:\/\/albert.radom.pl\/wp-content\/uploads\/2023\/05\/346848278_901103740986921_2564881688805543411_n.jpg'><img loading=\"lazy\" decoding=\"async\" width=\"150\" height=\"150\" src=\"https:\/\/albert.radom.pl\/wp-content\/uploads\/2023\/05\/346848278_901103740986921_2564881688805543411_n-150x150.jpg\" class=\"attachment-thumbnail size-thumbnail\" alt=\"\" \/><\/a>\n\t\t\t<\/div><\/figure><figure class='gallery-item'>\n\t\t\t<div class='gallery-icon landscape'>\n\t\t\t\t<a href='https:\/\/albert.radom.pl\/wp-content\/uploads\/2023\/05\/346845148_792408682114992_1179705491434296245_n.jpg'><img loading=\"lazy\" decoding=\"async\" width=\"150\" height=\"150\" src=\"https:\/\/albert.radom.pl\/wp-content\/uploads\/2023\/05\/346845148_792408682114992_1179705491434296245_n-150x150.jpg\" class=\"attachment-thumbnail size-thumbnail\" alt=\"\" \/><\/a>\n\t\t\t<\/div><\/figure><figure class='gallery-item'>\n\t\t\t<div class='gallery-icon landscape'>\n\t\t\t\t<a href='https:\/\/albert.radom.pl\/wp-content\/uploads\/2023\/05\/345459098_1280676742799187_7429406964507601770_n.jpg'><img loading=\"lazy\" decoding=\"async\" width=\"150\" height=\"150\" src=\"https:\/\/albert.radom.pl\/wp-content\/uploads\/2023\/05\/345459098_1280676742799187_7429406964507601770_n-150x150.jpg\" class=\"attachment-thumbnail size-thumbnail\" alt=\"\" \/><\/a>\n\t\t\t<\/div><\/figure><figure class='gallery-item'>\n\t\t\t<div class='gallery-icon landscape'>\n\t\t\t\t<a href='https:\/\/albert.radom.pl\/wp-content\/uploads\/2023\/05\/346803607_2406724252834068_3743210624138828613_n.jpg'><img loading=\"lazy\" decoding=\"async\" width=\"150\" height=\"150\" src=\"https:\/\/albert.radom.pl\/wp-content\/uploads\/2023\/05\/346803607_2406724252834068_3743210624138828613_n-150x150.jpg\" class=\"attachment-thumbnail size-thumbnail\" alt=\"\" \/><\/a>\n\t\t\t<\/div><\/figure><figure class='gallery-item'>\n\t\t\t<div class='gallery-icon landscape'>\n\t\t\t\t<a href='https:\/\/albert.radom.pl\/wp-content\/uploads\/2023\/05\/346983660_3536520003299961_8974564768031170040_n.jpg'><img loading=\"lazy\" decoding=\"async\" width=\"150\" height=\"150\" src=\"https:\/\/albert.radom.pl\/wp-content\/uploads\/2023\/05\/346983660_3536520003299961_8974564768031170040_n-150x150.jpg\" class=\"attachment-thumbnail size-thumbnail\" alt=\"\" \/><\/a>\n\t\t\t<\/div><\/figure><figure class='gallery-item'>\n\t\t\t<div class='gallery-icon landscape'>\n\t\t\t\t<a href='https:\/\/albert.radom.pl\/wp-content\/uploads\/2023\/05\/346882166_1463516431121040_592397397749082995_n.jpg'><img loading=\"lazy\" decoding=\"async\" width=\"150\" height=\"150\" src=\"https:\/\/albert.radom.pl\/wp-content\/uploads\/2023\/05\/346882166_1463516431121040_592397397749082995_n-150x150.jpg\" class=\"attachment-thumbnail size-thumbnail\" alt=\"\" \/><\/a>\n\t\t\t<\/div><\/figure>\n\t\t<\/div>\n\n","protected":false},"excerpt":{"rendered":"<p>Dzisiejszej niedzieli prze\u017cywali\u015bmy wielk\u0105 rado\u015b\u0107 przyj\u0119cia po raz pierwszy Komunii \u015bw. przez dzieci naszej parafii&#8230;.<\/p>\n","protected":false},"author":1,"featured_media":2453,"comment_status":"closed","ping_status":"closed","sticky":false,"template":"","format":"standard","meta":{"footnotes":""},"categories":[19,12],"tags":[],"class_list":["post-2451","post","type-post","status-publish","format-standard","has-post-thumbnail","hentry","category-aktualnosci","category-galeria"],"featured_image_urls":{"full":["https:\/\/albert.radom.pl\/wp-content\/uploads\/2023\/05\/I-KOM-23-02.jpeg",900,1200,false],"thumbnail":["https:\/\/albert.radom.pl\/wp-content\/uploads\/2023\/05\/I-KOM-23-02-150x150.jpeg",150,150,true],"medium":["https:\/\/albert.radom.pl\/wp-content\/uploads\/2023\/05\/I-KOM-23-02-225x300.jpeg",225,300,true],"medium_large":["https:\/\/albert.radom.pl\/wp-content\/uploads\/2023\/05\/I-KOM-23-02-768x1024.jpeg",640,853,true],"large":["https:\/\/albert.radom.pl\/wp-content\/uploads\/2023\/05\/I-KOM-23-02-768x1024.jpeg",640,853,true],"1536x1536":["https:\/\/albert.radom.pl\/wp-content\/uploads\/2023\/05\/I-KOM-23-02.jpeg",900,1200,false],"2048x2048":["https:\/\/albert.radom.pl\/wp-content\/uploads\/2023\/05\/I-KOM-23-02.jpeg",900,1200,false],"newsever-slider-full":["https:\/\/albert.radom.pl\/wp-content\/uploads\/2023\/05\/I-KOM-23-02-900x845.jpeg",900,845,true],"newsever-featured":["https:\/\/albert.radom.pl\/wp-content\/uploads\/2023\/05\/I-KOM-23-02.jpeg",900,1200,false],"newsever-medium":["https:\/\/albert.radom.pl\/wp-content\/uploads\/2023\/05\/I-KOM-23-02-720x475.jpeg",720,475,true]},"author_info":{"display_name":"xdar","author_link":"https:\/\/albert.radom.pl\/?author=1"},"category_info":"<a href=\"https:\/\/albert.radom.pl\/?cat=19\" rel=\"category\">Aktualno\u015bci<\/a> <a href=\"https:\/\/albert.radom.pl\/?cat=12\" rel=\"category\">Galerie<\/a>","tag_info":"Galerie","comment_count":"0","_links":{"self":[{"href":"https:\/\/albert.radom.pl\/index.php?rest_route=\/wp\/v2\/posts\/2451","targetHints":{"allow":["GET"]}}],"collection":[{"href":"https:\/\/albert.radom.pl\/index.php?rest_route=\/wp\/v2\/posts"}],"about":[{"href":"https:\/\/albert.radom.pl\/index.php?rest_route=\/wp\/v2\/types\/post"}],"author":[{"embeddable":true,"href":"https:\/\/albert.radom.pl\/index.php?rest_route=\/wp\/v2\/users\/1"}],"replies":[{"embeddable":true,"href":"https:\/\/albert.radom.pl\/index.php?rest_route=%2Fwp%2Fv2%2Fcomments&post=2451"}],"version-history":[{"count":4,"href":"https:\/\/albert.radom.pl\/index.php?rest_route=\/wp\/v2\/posts\/2451\/revisions"}],"predecessor-version":[{"id":2473,"href":"https:\/\/albert.radom.pl\/index.php?rest_route=\/wp\/v2\/posts\/2451\/revisions\/2473"}],"wp:featuredmedia":[{"embeddable":true,"href":"https:\/\/albert.radom.pl\/index.php?rest_route=\/wp\/v2\/media\/2453"}],"wp:attachment":[{"href":"https:\/\/albert.radom.pl\/index.php?rest_route=%2Fwp%2Fv2%2Fmedia&parent=2451"}],"wp:term":[{"taxonomy":"category","embeddable":true,"href":"https:\/\/albert.radom.pl\/index.php?rest_route=%2Fwp%2Fv2%2Fcategories&post=2451"},{"taxonomy":"post_tag","embeddable":true,"href":"https:\/\/albert.radom.pl\/index.php?rest_route=%2Fwp%2Fv2%2Ftags&post=2451"}],"curies":[{"name":"wp","href":"https:\/\/api.w.org\/{rel}","templated":true}]}}