{"id":2614,"date":"2023-06-04T23:19:42","date_gmt":"2023-06-04T21:19:42","guid":{"rendered":"https:\/\/albert.radom.pl\/?p=2614"},"modified":"2023-06-07T14:31:28","modified_gmt":"2023-06-07T12:31:28","slug":"dzien-dziecka","status":"publish","type":"post","link":"https:\/\/albert.radom.pl\/?p=2614","title":{"rendered":"Dzie\u0144 Dziecka"},"content":{"rendered":"<p>Przed\u0142u\u017caj\u0105c \u015bwi\u0119towanie Dnia Dziecka nasi wspaniali Rycerze Kolumba, w niedziel\u0119 po Mszy \u015awi\u0119tej o 11:00 przygotowali dla najm\u0142odszych s\u0142odziusie\u0144k\u0105 wat\u0119 cukrow\u0105 oraz popcorn. <!--more-->Rado\u015b\u0107 dzieci jest dla nas priorytetem dlatego dzi\u0119kujemy Braciom Rycerzom za przygotowanie tej niespodzianki.<\/p>\n<div id='gallery-1' class='gallery galleryid-2614 gallery-columns-4 gallery-size-thumbnail'><figure class='gallery-item'>\n\t\t\t<div class='gallery-icon landscape'>\n\t\t\t\t<a href='https:\/\/albert.radom.pl\/wp-content\/uploads\/2023\/06\/Dzien_dziecka_04-05-2023001.jpg'><img loading=\"lazy\" decoding=\"async\" width=\"150\" height=\"150\" src=\"https:\/\/albert.radom.pl\/wp-content\/uploads\/2023\/06\/Dzien_dziecka_04-05-2023001-150x150.jpg\" class=\"attachment-thumbnail size-thumbnail\" alt=\"\" \/><\/a>\n\t\t\t<\/div><\/figure><figure class='gallery-item'>\n\t\t\t<div class='gallery-icon landscape'>\n\t\t\t\t<a href='https:\/\/albert.radom.pl\/wp-content\/uploads\/2023\/06\/Dzien_dziecka_04-05-2023002.jpg'><img loading=\"lazy\" decoding=\"async\" width=\"150\" height=\"150\" src=\"https:\/\/albert.radom.pl\/wp-content\/uploads\/2023\/06\/Dzien_dziecka_04-05-2023002-150x150.jpg\" class=\"attachment-thumbnail size-thumbnail\" alt=\"\" \/><\/a>\n\t\t\t<\/div><\/figure><figure class='gallery-item'>\n\t\t\t<div class='gallery-icon landscape'>\n\t\t\t\t<a href='https:\/\/albert.radom.pl\/wp-content\/uploads\/2023\/06\/Dzien_dziecka_04-05-2023003.jpg'><img loading=\"lazy\" decoding=\"async\" width=\"150\" height=\"150\" src=\"https:\/\/albert.radom.pl\/wp-content\/uploads\/2023\/06\/Dzien_dziecka_04-05-2023003-150x150.jpg\" class=\"attachment-thumbnail size-thumbnail\" alt=\"\" \/><\/a>\n\t\t\t<\/div><\/figure><figure class='gallery-item'>\n\t\t\t<div class='gallery-icon landscape'>\n\t\t\t\t<a href='https:\/\/albert.radom.pl\/wp-content\/uploads\/2023\/06\/Dzien_dziecka_04-05-2023004.jpg'><img loading=\"lazy\" decoding=\"async\" width=\"150\" height=\"150\" src=\"https:\/\/albert.radom.pl\/wp-content\/uploads\/2023\/06\/Dzien_dziecka_04-05-2023004-150x150.jpg\" class=\"attachment-thumbnail size-thumbnail\" alt=\"\" \/><\/a>\n\t\t\t<\/div><\/figure><figure class='gallery-item'>\n\t\t\t<div class='gallery-icon landscape'>\n\t\t\t\t<a href='https:\/\/albert.radom.pl\/wp-content\/uploads\/2023\/06\/Dzien_dziecka_04-05-2023005.jpg'><img loading=\"lazy\" decoding=\"async\" width=\"150\" height=\"150\" src=\"https:\/\/albert.radom.pl\/wp-content\/uploads\/2023\/06\/Dzien_dziecka_04-05-2023005-150x150.jpg\" class=\"attachment-thumbnail size-thumbnail\" alt=\"\" \/><\/a>\n\t\t\t<\/div><\/figure><figure class='gallery-item'>\n\t\t\t<div class='gallery-icon landscape'>\n\t\t\t\t<a href='https:\/\/albert.radom.pl\/wp-content\/uploads\/2023\/06\/Dzien_dziecka_04-05-2023006.jpg'><img loading=\"lazy\" decoding=\"async\" width=\"150\" height=\"150\" src=\"https:\/\/albert.radom.pl\/wp-content\/uploads\/2023\/06\/Dzien_dziecka_04-05-2023006-150x150.jpg\" class=\"attachment-thumbnail size-thumbnail\" alt=\"\" \/><\/a>\n\t\t\t<\/div><\/figure><figure class='gallery-item'>\n\t\t\t<div class='gallery-icon landscape'>\n\t\t\t\t<a href='https:\/\/albert.radom.pl\/wp-content\/uploads\/2023\/06\/Dzien_dziecka_04-05-2023007.jpg'><img loading=\"lazy\" decoding=\"async\" width=\"150\" height=\"150\" src=\"https:\/\/albert.radom.pl\/wp-content\/uploads\/2023\/06\/Dzien_dziecka_04-05-2023007-150x150.jpg\" class=\"attachment-thumbnail size-thumbnail\" alt=\"\" \/><\/a>\n\t\t\t<\/div><\/figure><figure class='gallery-item'>\n\t\t\t<div class='gallery-icon portrait'>\n\t\t\t\t<a href='https:\/\/albert.radom.pl\/wp-content\/uploads\/2023\/06\/Dzien_dziecka_04-05-2023008.jpg'><img loading=\"lazy\" decoding=\"async\" width=\"150\" height=\"150\" src=\"https:\/\/albert.radom.pl\/wp-content\/uploads\/2023\/06\/Dzien_dziecka_04-05-2023008-150x150.jpg\" class=\"attachment-thumbnail size-thumbnail\" alt=\"\" \/><\/a>\n\t\t\t<\/div><\/figure><figure class='gallery-item'>\n\t\t\t<div class='gallery-icon landscape'>\n\t\t\t\t<a href='https:\/\/albert.radom.pl\/wp-content\/uploads\/2023\/06\/Dzien_dziecka_04-05-2023010.jpg'><img loading=\"lazy\" decoding=\"async\" width=\"150\" height=\"150\" src=\"https:\/\/albert.radom.pl\/wp-content\/uploads\/2023\/06\/Dzien_dziecka_04-05-2023010-150x150.jpg\" class=\"attachment-thumbnail size-thumbnail\" alt=\"\" \/><\/a>\n\t\t\t<\/div><\/figure><figure class='gallery-item'>\n\t\t\t<div class='gallery-icon portrait'>\n\t\t\t\t<a href='https:\/\/albert.radom.pl\/wp-content\/uploads\/2023\/06\/Dzien_dziecka_04-05-2023011.jpg'><img loading=\"lazy\" decoding=\"async\" width=\"150\" height=\"150\" src=\"https:\/\/albert.radom.pl\/wp-content\/uploads\/2023\/06\/Dzien_dziecka_04-05-2023011-150x150.jpg\" class=\"attachment-thumbnail size-thumbnail\" alt=\"\" \/><\/a>\n\t\t\t<\/div><\/figure><figure class='gallery-item'>\n\t\t\t<div class='gallery-icon landscape'>\n\t\t\t\t<a href='https:\/\/albert.radom.pl\/wp-content\/uploads\/2023\/06\/Dzien_dziecka_04-05-2023012.jpg'><img loading=\"lazy\" decoding=\"async\" width=\"150\" height=\"150\" src=\"https:\/\/albert.radom.pl\/wp-content\/uploads\/2023\/06\/Dzien_dziecka_04-05-2023012-150x150.jpg\" class=\"attachment-thumbnail size-thumbnail\" alt=\"\" \/><\/a>\n\t\t\t<\/div><\/figure>\n\t\t<\/div>\n\n","protected":false},"excerpt":{"rendered":"<p>Przed\u0142u\u017caj\u0105c \u015bwi\u0119towanie Dnia Dziecka nasi wspaniali Rycerze Kolumba, w niedziel\u0119 po Mszy \u015awi\u0119tej o 11:00&#8230;<\/p>\n","protected":false},"author":1,"featured_media":2617,"comment_status":"closed","ping_status":"closed","sticky":false,"template":"","format":"standard","meta":{"footnotes":""},"categories":[19,12,34],"tags":[],"class_list":["post-2614","post","type-post","status-publish","format-standard","has-post-thumbnail","hentry","category-aktualnosci","category-galeria","category-rycerze-kolumba"],"featured_image_urls":{"full":["https:\/\/albert.radom.pl\/wp-content\/uploads\/2023\/06\/Dzien_dziecka_04-05-2023003.jpg",1200,814,false],"thumbnail":["https:\/\/albert.radom.pl\/wp-content\/uploads\/2023\/06\/Dzien_dziecka_04-05-2023003-150x150.jpg",150,150,true],"medium":["https:\/\/albert.radom.pl\/wp-content\/uploads\/2023\/06\/Dzien_dziecka_04-05-2023003-300x204.jpg",300,204,true],"medium_large":["https:\/\/albert.radom.pl\/wp-content\/uploads\/2023\/06\/Dzien_dziecka_04-05-2023003-768x521.jpg",640,434,true],"large":["https:\/\/albert.radom.pl\/wp-content\/uploads\/2023\/06\/Dzien_dziecka_04-05-2023003-1024x695.jpg",640,434,true],"1536x1536":["https:\/\/albert.radom.pl\/wp-content\/uploads\/2023\/06\/Dzien_dziecka_04-05-2023003.jpg",1200,814,false],"2048x2048":["https:\/\/albert.radom.pl\/wp-content\/uploads\/2023\/06\/Dzien_dziecka_04-05-2023003.jpg",1200,814,false],"newsever-slider-full":["https:\/\/albert.radom.pl\/wp-content\/uploads\/2023\/06\/Dzien_dziecka_04-05-2023003.jpg",1200,814,false],"newsever-featured":["https:\/\/albert.radom.pl\/wp-content\/uploads\/2023\/06\/Dzien_dziecka_04-05-2023003-1024x695.jpg",1024,695,true],"newsever-medium":["https:\/\/albert.radom.pl\/wp-content\/uploads\/2023\/06\/Dzien_dziecka_04-05-2023003-720x475.jpg",720,475,true]},"author_info":{"display_name":"xdar","author_link":"https:\/\/albert.radom.pl\/?author=1"},"category_info":"<a href=\"https:\/\/albert.radom.pl\/?cat=19\" rel=\"category\">Aktualno\u015bci<\/a> <a href=\"https:\/\/albert.radom.pl\/?cat=12\" rel=\"category\">Galerie<\/a> <a href=\"https:\/\/albert.radom.pl\/?cat=34\" rel=\"category\">Rycerze Kolumba<\/a>","tag_info":"Rycerze Kolumba","comment_count":"0","_links":{"self":[{"href":"https:\/\/albert.radom.pl\/index.php?rest_route=\/wp\/v2\/posts\/2614","targetHints":{"allow":["GET"]}}],"collection":[{"href":"https:\/\/albert.radom.pl\/index.php?rest_route=\/wp\/v2\/posts"}],"about":[{"href":"https:\/\/albert.radom.pl\/index.php?rest_route=\/wp\/v2\/types\/post"}],"author":[{"embeddable":true,"href":"https:\/\/albert.radom.pl\/index.php?rest_route=\/wp\/v2\/users\/1"}],"replies":[{"embeddable":true,"href":"https:\/\/albert.radom.pl\/index.php?rest_route=%2Fwp%2Fv2%2Fcomments&post=2614"}],"version-history":[{"count":1,"href":"https:\/\/albert.radom.pl\/index.php?rest_route=\/wp\/v2\/posts\/2614\/revisions"}],"predecessor-version":[{"id":2626,"href":"https:\/\/albert.radom.pl\/index.php?rest_route=\/wp\/v2\/posts\/2614\/revisions\/2626"}],"wp:featuredmedia":[{"embeddable":true,"href":"https:\/\/albert.radom.pl\/index.php?rest_route=\/wp\/v2\/media\/2617"}],"wp:attachment":[{"href":"https:\/\/albert.radom.pl\/index.php?rest_route=%2Fwp%2Fv2%2Fmedia&parent=2614"}],"wp:term":[{"taxonomy":"category","embeddable":true,"href":"https:\/\/albert.radom.pl\/index.php?rest_route=%2Fwp%2Fv2%2Fcategories&post=2614"},{"taxonomy":"post_tag","embeddable":true,"href":"https:\/\/albert.radom.pl\/index.php?rest_route=%2Fwp%2Fv2%2Ftags&post=2614"}],"curies":[{"name":"wp","href":"https:\/\/api.w.org\/{rel}","templated":true}]}}