{"id":2819,"date":"2023-06-12T12:44:56","date_gmt":"2023-06-12T10:44:56","guid":{"rendered":"https:\/\/albert.radom.pl\/?p=2819"},"modified":"2023-06-12T12:44:56","modified_gmt":"2023-06-12T10:44:56","slug":"zapraszamy-na-apele-misyjne","status":"publish","type":"post","link":"https:\/\/albert.radom.pl\/?p=2819","title":{"rendered":"Zapraszamy na Apele Misyjne"},"content":{"rendered":"<p>W czasie Misji \u015awi\u0119tych ka\u017cdego dnia gromadzimy si\u0119 na Apelu Jasnog\u00f3rskim o godz. 21.00. Na zako\u0144czenie Apelu misjonarze rozsy\u0142aj\u0105 wiernych, aby zanie\u015bli do dom\u00f3w \u015bwiece ze \u015bwiat\u0142em Chrystusa.<\/p>\n<p>We wtorek 13.06 p\u00f3jdziemy procesj\u0105 fatimsk\u0105, po\u0142\u0105czon\u0105 z modlitw\u0105 za zmar\u0142ych. Zwie\u0144czymy j\u0105 Apelem Jasnog\u00f3rskim na stopniach \u015bwi\u0105tyni.<\/p>\n<p>Gor\u0105co zapraszamy do wsp\u00f3lnej modlitwy. Prosimy, aby na Apele przynosi\u0107 ze sob\u0105 \u015bwiece.<\/p>\n<div id='gallery-1' class='gallery galleryid-2819 gallery-columns-5 gallery-size-thumbnail'><figure class='gallery-item'>\n\t\t\t<div class='gallery-icon portrait'>\n\t\t\t\t<a href='https:\/\/albert.radom.pl\/wp-content\/uploads\/2023\/06\/apmis-dz1-05-rotated.jpeg'><img loading=\"lazy\" decoding=\"async\" width=\"150\" height=\"150\" src=\"https:\/\/albert.radom.pl\/wp-content\/uploads\/2023\/06\/apmis-dz1-05-150x150.jpeg\" class=\"attachment-thumbnail size-thumbnail\" alt=\"\" \/><\/a>\n\t\t\t<\/div><\/figure><figure class='gallery-item'>\n\t\t\t<div class='gallery-icon landscape'>\n\t\t\t\t<a href='https:\/\/albert.radom.pl\/wp-content\/uploads\/2023\/06\/apmis-dz1-01.jpeg'><img loading=\"lazy\" decoding=\"async\" width=\"150\" height=\"150\" src=\"https:\/\/albert.radom.pl\/wp-content\/uploads\/2023\/06\/apmis-dz1-01-150x150.jpeg\" class=\"attachment-thumbnail size-thumbnail\" alt=\"\" \/><\/a>\n\t\t\t<\/div><\/figure><figure class='gallery-item'>\n\t\t\t<div class='gallery-icon landscape'>\n\t\t\t\t<a href='https:\/\/albert.radom.pl\/wp-content\/uploads\/2023\/06\/apmis-dz1-02.jpeg'><img loading=\"lazy\" decoding=\"async\" width=\"150\" height=\"150\" src=\"https:\/\/albert.radom.pl\/wp-content\/uploads\/2023\/06\/apmis-dz1-02-150x150.jpeg\" class=\"attachment-thumbnail size-thumbnail\" alt=\"\" \/><\/a>\n\t\t\t<\/div><\/figure><figure class='gallery-item'>\n\t\t\t<div class='gallery-icon landscape'>\n\t\t\t\t<a href='https:\/\/albert.radom.pl\/wp-content\/uploads\/2023\/06\/apmis-dz1-03.jpeg'><img loading=\"lazy\" decoding=\"async\" width=\"150\" height=\"150\" src=\"https:\/\/albert.radom.pl\/wp-content\/uploads\/2023\/06\/apmis-dz1-03-150x150.jpeg\" class=\"attachment-thumbnail size-thumbnail\" alt=\"\" \/><\/a>\n\t\t\t<\/div><\/figure><figure class='gallery-item'>\n\t\t\t<div class='gallery-icon landscape'>\n\t\t\t\t<a href='https:\/\/albert.radom.pl\/wp-content\/uploads\/2023\/06\/apmis-dz1-04.jpeg'><img loading=\"lazy\" decoding=\"async\" width=\"150\" height=\"150\" src=\"https:\/\/albert.radom.pl\/wp-content\/uploads\/2023\/06\/apmis-dz1-04-150x150.jpeg\" class=\"attachment-thumbnail size-thumbnail\" alt=\"\" \/><\/a>\n\t\t\t<\/div><\/figure>\n\t\t<\/div>\n\n","protected":false},"excerpt":{"rendered":"<p>W czasie Misji \u015awi\u0119tych ka\u017cdego dnia gromadzimy si\u0119 na Apelu Jasnog\u00f3rskim o godz. 21.00. Na&#8230;<\/p>\n","protected":false},"author":1,"featured_media":2824,"comment_status":"closed","ping_status":"closed","sticky":false,"template":"","format":"standard","meta":{"footnotes":""},"categories":[19,12,73,74],"tags":[],"class_list":["post-2819","post","type-post","status-publish","format-standard","has-post-thumbnail","hentry","category-aktualnosci","category-galeria","category-jubileusz-40-lecia","category-misje"],"featured_image_urls":{"full":["https:\/\/albert.radom.pl\/wp-content\/uploads\/2023\/06\/apmis-dz1-04.jpeg",1200,801,false],"thumbnail":["https:\/\/albert.radom.pl\/wp-content\/uploads\/2023\/06\/apmis-dz1-04-150x150.jpeg",150,150,true],"medium":["https:\/\/albert.radom.pl\/wp-content\/uploads\/2023\/06\/apmis-dz1-04-300x200.jpeg",300,200,true],"medium_large":["https:\/\/albert.radom.pl\/wp-content\/uploads\/2023\/06\/apmis-dz1-04-768x513.jpeg",640,428,true],"large":["https:\/\/albert.radom.pl\/wp-content\/uploads\/2023\/06\/apmis-dz1-04-1024x684.jpeg",640,428,true],"1536x1536":["https:\/\/albert.radom.pl\/wp-content\/uploads\/2023\/06\/apmis-dz1-04.jpeg",1200,801,false],"2048x2048":["https:\/\/albert.radom.pl\/wp-content\/uploads\/2023\/06\/apmis-dz1-04.jpeg",1200,801,false],"newsever-slider-full":["https:\/\/albert.radom.pl\/wp-content\/uploads\/2023\/06\/apmis-dz1-04.jpeg",1200,801,false],"newsever-featured":["https:\/\/albert.radom.pl\/wp-content\/uploads\/2023\/06\/apmis-dz1-04-1024x684.jpeg",1024,684,true],"newsever-medium":["https:\/\/albert.radom.pl\/wp-content\/uploads\/2023\/06\/apmis-dz1-04-720x475.jpeg",720,475,true]},"author_info":{"display_name":"xdar","author_link":"https:\/\/albert.radom.pl\/?author=1"},"category_info":"<a href=\"https:\/\/albert.radom.pl\/?cat=19\" rel=\"category\">Aktualno\u015bci<\/a> <a href=\"https:\/\/albert.radom.pl\/?cat=12\" rel=\"category\">Galerie<\/a> <a href=\"https:\/\/albert.radom.pl\/?cat=73\" rel=\"category\">Jubileusz 40-lecia<\/a> <a href=\"https:\/\/albert.radom.pl\/?cat=74\" rel=\"category\">Misje<\/a>","tag_info":"Misje","comment_count":"0","_links":{"self":[{"href":"https:\/\/albert.radom.pl\/index.php?rest_route=\/wp\/v2\/posts\/2819","targetHints":{"allow":["GET"]}}],"collection":[{"href":"https:\/\/albert.radom.pl\/index.php?rest_route=\/wp\/v2\/posts"}],"about":[{"href":"https:\/\/albert.radom.pl\/index.php?rest_route=\/wp\/v2\/types\/post"}],"author":[{"embeddable":true,"href":"https:\/\/albert.radom.pl\/index.php?rest_route=\/wp\/v2\/users\/1"}],"replies":[{"embeddable":true,"href":"https:\/\/albert.radom.pl\/index.php?rest_route=%2Fwp%2Fv2%2Fcomments&post=2819"}],"version-history":[{"count":1,"href":"https:\/\/albert.radom.pl\/index.php?rest_route=\/wp\/v2\/posts\/2819\/revisions"}],"predecessor-version":[{"id":2826,"href":"https:\/\/albert.radom.pl\/index.php?rest_route=\/wp\/v2\/posts\/2819\/revisions\/2826"}],"wp:featuredmedia":[{"embeddable":true,"href":"https:\/\/albert.radom.pl\/index.php?rest_route=\/wp\/v2\/media\/2824"}],"wp:attachment":[{"href":"https:\/\/albert.radom.pl\/index.php?rest_route=%2Fwp%2Fv2%2Fmedia&parent=2819"}],"wp:term":[{"taxonomy":"category","embeddable":true,"href":"https:\/\/albert.radom.pl\/index.php?rest_route=%2Fwp%2Fv2%2Fcategories&post=2819"},{"taxonomy":"post_tag","embeddable":true,"href":"https:\/\/albert.radom.pl\/index.php?rest_route=%2Fwp%2Fv2%2Ftags&post=2819"}],"curies":[{"name":"wp","href":"https:\/\/api.w.org\/{rel}","templated":true}]}}