{"id":2924,"date":"2023-06-17T14:11:48","date_gmt":"2023-06-17T12:11:48","guid":{"rendered":"https:\/\/albert.radom.pl\/?p=2924"},"modified":"2023-06-19T10:23:01","modified_gmt":"2023-06-19T08:23:01","slug":"misje-swiete-dzien-rodziny","status":"publish","type":"post","link":"https:\/\/albert.radom.pl\/?p=2924","title":{"rendered":"Misje \u015awi\u0119te &#8211; Dzie\u0144 Rodziny"},"content":{"rendered":"<p>Dzi\u015b w czasie Misji \u015awi\u0119tych prze\u017cyli\u015bmy dzie\u0144 modlitwy za ma\u0142\u017conk\u00f3w. \u00a0Ma\u0142\u017conkowie odnawiali swoje przyrzeczenia ma\u0142\u017ce\u0144skie, obdarowywali si\u0119 b\u0142ogos\u0142awie\u0144stwem wyra\u017caj\u0105c przy tym wzajemne podzi\u0119kowania i przeprosiny. Mamy nadziej\u0119, \u017ce ten pi\u0119kny gest wzmocni mi\u0142o\u015b\u0107 ma\u0142\u017conk\u00f3w naszej parafii.<\/p>\n<div id='gallery-1' class='gallery galleryid-2924 gallery-columns-5 gallery-size-thumbnail'><figure class='gallery-item'>\n\t\t\t<div class='gallery-icon landscape'>\n\t\t\t\t<a href='https:\/\/albert.radom.pl\/wp-content\/uploads\/2023\/06\/354057292_571755988462272_3280225141004565626_n.jpg'><img loading=\"lazy\" decoding=\"async\" width=\"150\" height=\"150\" src=\"https:\/\/albert.radom.pl\/wp-content\/uploads\/2023\/06\/354057292_571755988462272_3280225141004565626_n-150x150.jpg\" class=\"attachment-thumbnail size-thumbnail\" alt=\"\" \/><\/a>\n\t\t\t<\/div><\/figure><figure class='gallery-item'>\n\t\t\t<div class='gallery-icon landscape'>\n\t\t\t\t<a href='https:\/\/albert.radom.pl\/wp-content\/uploads\/2023\/06\/354060260_571755985128939_744129834569921038_n.jpg'><img loading=\"lazy\" decoding=\"async\" width=\"150\" height=\"150\" src=\"https:\/\/albert.radom.pl\/wp-content\/uploads\/2023\/06\/354060260_571755985128939_744129834569921038_n-150x150.jpg\" class=\"attachment-thumbnail size-thumbnail\" alt=\"\" \/><\/a>\n\t\t\t<\/div><\/figure><figure class='gallery-item'>\n\t\t\t<div class='gallery-icon landscape'>\n\t\t\t\t<a href='https:\/\/albert.radom.pl\/wp-content\/uploads\/2023\/06\/354256633_571755995128938_2775982772083672766_n.jpg'><img loading=\"lazy\" decoding=\"async\" width=\"150\" height=\"150\" src=\"https:\/\/albert.radom.pl\/wp-content\/uploads\/2023\/06\/354256633_571755995128938_2775982772083672766_n-150x150.jpg\" class=\"attachment-thumbnail size-thumbnail\" alt=\"\" \/><\/a>\n\t\t\t<\/div><\/figure><figure class='gallery-item'>\n\t\t\t<div class='gallery-icon landscape'>\n\t\t\t\t<a href='https:\/\/albert.radom.pl\/wp-content\/uploads\/2023\/06\/354594760_571755991795605_616953763863726368_n.jpg'><img loading=\"lazy\" decoding=\"async\" width=\"150\" height=\"150\" src=\"https:\/\/albert.radom.pl\/wp-content\/uploads\/2023\/06\/354594760_571755991795605_616953763863726368_n-150x150.jpg\" class=\"attachment-thumbnail size-thumbnail\" alt=\"\" \/><\/a>\n\t\t\t<\/div><\/figure><figure class='gallery-item'>\n\t\t\t<div class='gallery-icon landscape'>\n\t\t\t\t<a href='https:\/\/albert.radom.pl\/wp-content\/uploads\/2023\/06\/354829798_571755998462271_6297798420114653409_n.jpg'><img loading=\"lazy\" decoding=\"async\" width=\"150\" height=\"150\" src=\"https:\/\/albert.radom.pl\/wp-content\/uploads\/2023\/06\/354829798_571755998462271_6297798420114653409_n-150x150.jpg\" class=\"attachment-thumbnail size-thumbnail\" alt=\"\" \/><\/a>\n\t\t\t<\/div><\/figure>\n\t\t<\/div>\n\n<p>Z kolei na Mszy o godz. 11.00 odby\u0142o si\u0119 b\u0142ogos\u0142awie\u0144stwo dzieci przedszkolnych, rodzic\u00f3w oczekuj\u0105cych potomstwa, oraz ma\u0142\u017conk\u00f3w prosz\u0105cych o potomstwo. Sta\u0142y owocem Misji \u00a0b\u0119dzie w naszej parafii b\u0142ogos\u0142awie\u0144stwo dzieci, kt\u00f3rego b\u0119dziemy udzielali w ka\u017cda niedziel\u0119, na Mszy o godz. 11.00 w czasie dzi\u0119kczynienia po Komunii \u015bw.<\/p>\n<div id='gallery-2' class='gallery galleryid-2924 gallery-columns-5 gallery-size-thumbnail'><figure class='gallery-item'>\n\t\t\t<div class='gallery-icon portrait'>\n\t\t\t\t<a href='https:\/\/albert.radom.pl\/wp-content\/uploads\/2023\/06\/354229981_571781868459684_2500742847861884038_n.jpg'><img loading=\"lazy\" decoding=\"async\" width=\"150\" height=\"150\" src=\"https:\/\/albert.radom.pl\/wp-content\/uploads\/2023\/06\/354229981_571781868459684_2500742847861884038_n-150x150.jpg\" class=\"attachment-thumbnail size-thumbnail\" alt=\"\" \/><\/a>\n\t\t\t<\/div><\/figure><figure class='gallery-item'>\n\t\t\t<div class='gallery-icon portrait'>\n\t\t\t\t<a href='https:\/\/albert.radom.pl\/wp-content\/uploads\/2023\/06\/354247004_571781875126350_5097531042483112259_n.jpg'><img loading=\"lazy\" decoding=\"async\" width=\"150\" height=\"150\" src=\"https:\/\/albert.radom.pl\/wp-content\/uploads\/2023\/06\/354247004_571781875126350_5097531042483112259_n-150x150.jpg\" class=\"attachment-thumbnail size-thumbnail\" alt=\"\" \/><\/a>\n\t\t\t<\/div><\/figure><figure class='gallery-item'>\n\t\t\t<div class='gallery-icon portrait'>\n\t\t\t\t<a href='https:\/\/albert.radom.pl\/wp-content\/uploads\/2023\/06\/354572233_571781878459683_1539827904397848191_n.jpg'><img loading=\"lazy\" decoding=\"async\" width=\"150\" height=\"150\" src=\"https:\/\/albert.radom.pl\/wp-content\/uploads\/2023\/06\/354572233_571781878459683_1539827904397848191_n-150x150.jpg\" class=\"attachment-thumbnail size-thumbnail\" alt=\"\" \/><\/a>\n\t\t\t<\/div><\/figure><figure class='gallery-item'>\n\t\t\t<div class='gallery-icon portrait'>\n\t\t\t\t<a href='https:\/\/albert.radom.pl\/wp-content\/uploads\/2023\/06\/354601296_571781865126351_2176368667978499404_n.jpg'><img loading=\"lazy\" decoding=\"async\" width=\"150\" height=\"150\" src=\"https:\/\/albert.radom.pl\/wp-content\/uploads\/2023\/06\/354601296_571781865126351_2176368667978499404_n-150x150.jpg\" class=\"attachment-thumbnail size-thumbnail\" alt=\"\" \/><\/a>\n\t\t\t<\/div><\/figure><figure class='gallery-item'>\n\t\t\t<div class='gallery-icon portrait'>\n\t\t\t\t<a href='https:\/\/albert.radom.pl\/wp-content\/uploads\/2023\/06\/354876796_571781871793017_6389155497628939314_n.jpg'><img loading=\"lazy\" decoding=\"async\" width=\"150\" height=\"150\" src=\"https:\/\/albert.radom.pl\/wp-content\/uploads\/2023\/06\/354876796_571781871793017_6389155497628939314_n-150x150.jpg\" class=\"attachment-thumbnail size-thumbnail\" alt=\"\" \/><\/a>\n\t\t\t<\/div><\/figure>\n\t\t<\/div>\n\n<p>&nbsp;<\/p>\n","protected":false},"excerpt":{"rendered":"<p>Dzi\u015b w czasie Misji \u015awi\u0119tych prze\u017cyli\u015bmy dzie\u0144 modlitwy za ma\u0142\u017conk\u00f3w. \u00a0Ma\u0142\u017conkowie odnawiali swoje przyrzeczenia ma\u0142\u017ce\u0144skie,&#8230;<\/p>\n","protected":false},"author":1,"featured_media":2934,"comment_status":"closed","ping_status":"closed","sticky":false,"template":"","format":"standard","meta":{"footnotes":""},"categories":[19,74],"tags":[],"class_list":["post-2924","post","type-post","status-publish","format-standard","has-post-thumbnail","hentry","category-aktualnosci","category-misje"],"featured_image_urls":{"full":["https:\/\/albert.radom.pl\/wp-content\/uploads\/2023\/06\/354876796_571781871793017_6389155497628939314_n.jpg",1440,1800,false],"thumbnail":["https:\/\/albert.radom.pl\/wp-content\/uploads\/2023\/06\/354876796_571781871793017_6389155497628939314_n-150x150.jpg",150,150,true],"medium":["https:\/\/albert.radom.pl\/wp-content\/uploads\/2023\/06\/354876796_571781871793017_6389155497628939314_n-240x300.jpg",240,300,true],"medium_large":["https:\/\/albert.radom.pl\/wp-content\/uploads\/2023\/06\/354876796_571781871793017_6389155497628939314_n-768x960.jpg",640,800,true],"large":["https:\/\/albert.radom.pl\/wp-content\/uploads\/2023\/06\/354876796_571781871793017_6389155497628939314_n-819x1024.jpg",640,800,true],"1536x1536":["https:\/\/albert.radom.pl\/wp-content\/uploads\/2023\/06\/354876796_571781871793017_6389155497628939314_n-1229x1536.jpg",1229,1536,true],"2048x2048":["https:\/\/albert.radom.pl\/wp-content\/uploads\/2023\/06\/354876796_571781871793017_6389155497628939314_n.jpg",1440,1800,false],"newsever-slider-full":["https:\/\/albert.radom.pl\/wp-content\/uploads\/2023\/06\/354876796_571781871793017_6389155497628939314_n-1280x845.jpg",1280,845,true],"newsever-featured":["https:\/\/albert.radom.pl\/wp-content\/uploads\/2023\/06\/354876796_571781871793017_6389155497628939314_n-1024x1280.jpg",1024,1280,true],"newsever-medium":["https:\/\/albert.radom.pl\/wp-content\/uploads\/2023\/06\/354876796_571781871793017_6389155497628939314_n-720x475.jpg",720,475,true]},"author_info":{"display_name":"xdar","author_link":"https:\/\/albert.radom.pl\/?author=1"},"category_info":"<a href=\"https:\/\/albert.radom.pl\/?cat=19\" rel=\"category\">Aktualno\u015bci<\/a> <a href=\"https:\/\/albert.radom.pl\/?cat=74\" rel=\"category\">Misje<\/a>","tag_info":"Misje","comment_count":"0","_links":{"self":[{"href":"https:\/\/albert.radom.pl\/index.php?rest_route=\/wp\/v2\/posts\/2924","targetHints":{"allow":["GET"]}}],"collection":[{"href":"https:\/\/albert.radom.pl\/index.php?rest_route=\/wp\/v2\/posts"}],"about":[{"href":"https:\/\/albert.radom.pl\/index.php?rest_route=\/wp\/v2\/types\/post"}],"author":[{"embeddable":true,"href":"https:\/\/albert.radom.pl\/index.php?rest_route=\/wp\/v2\/users\/1"}],"replies":[{"embeddable":true,"href":"https:\/\/albert.radom.pl\/index.php?rest_route=%2Fwp%2Fv2%2Fcomments&post=2924"}],"version-history":[{"count":1,"href":"https:\/\/albert.radom.pl\/index.php?rest_route=\/wp\/v2\/posts\/2924\/revisions"}],"predecessor-version":[{"id":2935,"href":"https:\/\/albert.radom.pl\/index.php?rest_route=\/wp\/v2\/posts\/2924\/revisions\/2935"}],"wp:featuredmedia":[{"embeddable":true,"href":"https:\/\/albert.radom.pl\/index.php?rest_route=\/wp\/v2\/media\/2934"}],"wp:attachment":[{"href":"https:\/\/albert.radom.pl\/index.php?rest_route=%2Fwp%2Fv2%2Fmedia&parent=2924"}],"wp:term":[{"taxonomy":"category","embeddable":true,"href":"https:\/\/albert.radom.pl\/index.php?rest_route=%2Fwp%2Fv2%2Fcategories&post=2924"},{"taxonomy":"post_tag","embeddable":true,"href":"https:\/\/albert.radom.pl\/index.php?rest_route=%2Fwp%2Fv2%2Ftags&post=2924"}],"curies":[{"name":"wp","href":"https:\/\/api.w.org\/{rel}","templated":true}]}}