{"id":2989,"date":"2023-06-19T08:15:41","date_gmt":"2023-06-19T06:15:41","guid":{"rendered":"https:\/\/albert.radom.pl\/?p=2989"},"modified":"2023-06-19T20:22:18","modified_gmt":"2023-06-19T18:22:18","slug":"rubinowy-jubileusz-na-radomskim-predocinku","status":"publish","type":"post","link":"https:\/\/albert.radom.pl\/?p=2989","title":{"rendered":"Rubinowy jubileusz na radomskim Pr\u0119docinku"},"content":{"rendered":"<p>Relacja Radomskiego Go\u015bcia Niedzielnego.<!--more--><\/p>\n<p>Zapraszamy do artyku\u0142u i galerii zdj\u0119\u0107 &#8211; relacji z obchod\u00f3w Jubileuszu 40-lecia naszej Parafii.<\/p>\n<p><a href=\"https:\/\/radom.gosc.pl\/doc\/8347876.Rubinowy-jubileusz-na-radomskim-Predocinku\" target=\"_blank\" rel=\"noopener\">ARTYKU\u0141<\/a><\/p>\n<p><a href=\"https:\/\/radom.gosc.pl\/gal\/spis\/8347737.40-lecie-parafii-na-radomskim-Predocinku\" target=\"_blank\" rel=\"noopener\">GALERIA<\/a><\/p>\n","protected":false},"excerpt":{"rendered":"<p>Relacja Radomskiego Go\u015bcia Niedzielnego.<\/p>\n","protected":false},"author":1,"featured_media":2990,"comment_status":"closed","ping_status":"closed","sticky":false,"template":"","format":"standard","meta":{"footnotes":""},"categories":[19,12,73,74],"tags":[],"class_list":["post-2989","post","type-post","status-publish","format-standard","has-post-thumbnail","hentry","category-aktualnosci","category-galeria","category-jubileusz-40-lecia","category-misje"],"featured_image_urls":{"full":["https:\/\/albert.radom.pl\/wp-content\/uploads\/2023\/06\/120450_Jfwf_docinek_40_lat_parafii_tekst_82.jpg.webp",765,485,false],"thumbnail":["https:\/\/albert.radom.pl\/wp-content\/uploads\/2023\/06\/120450_Jfwf_docinek_40_lat_parafii_tekst_82.jpg-150x150.webp",150,150,true],"medium":["https:\/\/albert.radom.pl\/wp-content\/uploads\/2023\/06\/120450_Jfwf_docinek_40_lat_parafii_tekst_82.jpg-300x190.webp",300,190,true],"medium_large":["https:\/\/albert.radom.pl\/wp-content\/uploads\/2023\/06\/120450_Jfwf_docinek_40_lat_parafii_tekst_82.jpg.webp",640,406,false],"large":["https:\/\/albert.radom.pl\/wp-content\/uploads\/2023\/06\/120450_Jfwf_docinek_40_lat_parafii_tekst_82.jpg.webp",640,406,false],"1536x1536":["https:\/\/albert.radom.pl\/wp-content\/uploads\/2023\/06\/120450_Jfwf_docinek_40_lat_parafii_tekst_82.jpg.webp",765,485,false],"2048x2048":["https:\/\/albert.radom.pl\/wp-content\/uploads\/2023\/06\/120450_Jfwf_docinek_40_lat_parafii_tekst_82.jpg.webp",765,485,false],"newsever-slider-full":["https:\/\/albert.radom.pl\/wp-content\/uploads\/2023\/06\/120450_Jfwf_docinek_40_lat_parafii_tekst_82.jpg.webp",765,485,false],"newsever-featured":["https:\/\/albert.radom.pl\/wp-content\/uploads\/2023\/06\/120450_Jfwf_docinek_40_lat_parafii_tekst_82.jpg.webp",765,485,false],"newsever-medium":["https:\/\/albert.radom.pl\/wp-content\/uploads\/2023\/06\/120450_Jfwf_docinek_40_lat_parafii_tekst_82.jpg-720x475.webp",720,475,true]},"author_info":{"display_name":"xdar","author_link":"https:\/\/albert.radom.pl\/?author=1"},"category_info":"<a href=\"https:\/\/albert.radom.pl\/?cat=19\" rel=\"category\">Aktualno\u015bci<\/a> <a href=\"https:\/\/albert.radom.pl\/?cat=12\" rel=\"category\">Galerie<\/a> <a href=\"https:\/\/albert.radom.pl\/?cat=73\" rel=\"category\">Jubileusz 40-lecia<\/a> <a href=\"https:\/\/albert.radom.pl\/?cat=74\" rel=\"category\">Misje<\/a>","tag_info":"Misje","comment_count":"0","_links":{"self":[{"href":"https:\/\/albert.radom.pl\/index.php?rest_route=\/wp\/v2\/posts\/2989","targetHints":{"allow":["GET"]}}],"collection":[{"href":"https:\/\/albert.radom.pl\/index.php?rest_route=\/wp\/v2\/posts"}],"about":[{"href":"https:\/\/albert.radom.pl\/index.php?rest_route=\/wp\/v2\/types\/post"}],"author":[{"embeddable":true,"href":"https:\/\/albert.radom.pl\/index.php?rest_route=\/wp\/v2\/users\/1"}],"replies":[{"embeddable":true,"href":"https:\/\/albert.radom.pl\/index.php?rest_route=%2Fwp%2Fv2%2Fcomments&post=2989"}],"version-history":[{"count":2,"href":"https:\/\/albert.radom.pl\/index.php?rest_route=\/wp\/v2\/posts\/2989\/revisions"}],"predecessor-version":[{"id":2992,"href":"https:\/\/albert.radom.pl\/index.php?rest_route=\/wp\/v2\/posts\/2989\/revisions\/2992"}],"wp:featuredmedia":[{"embeddable":true,"href":"https:\/\/albert.radom.pl\/index.php?rest_route=\/wp\/v2\/media\/2990"}],"wp:attachment":[{"href":"https:\/\/albert.radom.pl\/index.php?rest_route=%2Fwp%2Fv2%2Fmedia&parent=2989"}],"wp:term":[{"taxonomy":"category","embeddable":true,"href":"https:\/\/albert.radom.pl\/index.php?rest_route=%2Fwp%2Fv2%2Fcategories&post=2989"},{"taxonomy":"post_tag","embeddable":true,"href":"https:\/\/albert.radom.pl\/index.php?rest_route=%2Fwp%2Fv2%2Ftags&post=2989"}],"curies":[{"name":"wp","href":"https:\/\/api.w.org\/{rel}","templated":true}]}}