{"id":3213,"date":"2023-06-25T20:46:02","date_gmt":"2023-06-25T18:46:02","guid":{"rendered":"https:\/\/albert.radom.pl\/?p=3213"},"modified":"2023-10-22T14:50:20","modified_gmt":"2023-10-22T12:50:20","slug":"dziekujemy-sponsorom-festynu","status":"publish","type":"post","link":"https:\/\/albert.radom.pl\/?p=3213","title":{"rendered":"Dzi\u0119kujemy !"},"content":{"rendered":"<p>W czasie festynu nie by\u0142o miejsca by podzi\u0119kowa\u0107 wszystkim, kt\u00f3rzy nas wsparli w przygotowaniu i przeprowadzeniu festynu parafialnego.<!--more--><\/p>\n<p>Niedzielny festyn rodzinny odby\u0142 si\u0119 dzi\u0119ki wsparciu finansowemu i materialnemu wielu ludzi dobrego serca.<\/p>\n<p>Pragn\u0119 wyrazi\u0107 wdzi\u0119czno\u015b\u0107 sponsorom:<br \/>\nPanu Zbigniewowi Borkowskiemu i firmie BORMAR<br \/>\nFirmie TOLEN &#8211; Oczyszczalnie i zbiorniki<br \/>\nPanu Tomaszowi Kornackiemu i firmie TB Cars<br \/>\nPanu Paw\u0142owi Barszczowi i firmie BARSZCZ &#8211; BUD<br \/>\nPanu Krzysztofowi Bi\u0144kowskiemu i firmie BI\u0143KOWSKI &#8211; Z\u0142omowanie<br \/>\nPanu Micha\u0142owi Pa\u017adzi\u0144skiemu i firmie MER &#8211; TRANS<br \/>\nPanu Markowi \u017bakowi i firmie MARBUD &#8211; Us\u0142ugi Budowlane<br \/>\nPanu Maciejowi Szczykutowiczowi i firmie Plexi land<br \/>\nPanu Sylwestrowi K\u0119sce i firmie Nexbud<br \/>\nPanu Arturowi Krokowi<br \/>\nPanu Marcinowi Cha\u0142dasiowi i firmie M &#8211; PROJEKT<br \/>\nFirmie METRIA &#8211; Producentowi Oczyszczalni<br \/>\nPizzerii BELLA &#8211; ITALIA<br \/>\nPa\u0144stwu Joannie i Tomaszowi Daszkiewiczom<br \/>\nPa\u0144stwu Tomaszowi i Emilii Szczypi\u0144skim<br \/>\nPanu Zbigniewowi Go\u0142\u0105bkowi<br \/>\nPanu Micha\u0142owi \u017byle<br \/>\nPanu Rados\u0142awowi Ko\u0142odziejczykowi i firmie SAM SMAK<br \/>\nPanu Robertowi Durasiewiczowi i firmie BUDMAR<br \/>\nPiekarni Mojego Dziadka w Radomiu<br \/>\nPiekarni Wy\u015bmierzyce<br \/>\nOSP &#8211; Oro\u0144sko OSP KSRG Oro\u0144sko<br \/>\nOSP RUDA MA\u0141A<br \/>\nOSP SKARYSZEW<br \/>\nOSP KIEDRZYN<br \/>\nPani Monice Banasik i Masarni Janhas z Niemianowic<br \/>\nPa\u0144stwu \u015awiniarskim i firmie Manufaktura W\u0119dlin<br \/>\nParkowi Trampolin #KochamSkaka\u0107 &#8211; Radom<br \/>\nSzkole j\u0119zykowej Leonardo School Radom<br \/>\nDPS Weterana Walki i Pracy w Radomiu<br \/>\nPani Kseni za us\u0142ugi fryzjerskie<br \/>\nKomisariatowi Policji II Komendy Miejskiej Policji w Radomiu<br \/>\nZesp\u00f3\u0142 Szk\u00f3\u0142 Gastronomicznych i Hotelarskich w Radomiu<br \/>\nPublicznej Szkole Podstawowej nr 4 w Radomiu<\/p>\n<p>Dzi\u0119kujemy wszystkim, kt\u00f3rzy w spos\u00f3b anonimowy wsparli nasz parafialny festyn. Dzi\u0119kujemy ka\u017cdemu i ka\u017cdej z Was za z\u0142o\u017cenie drobnych ofiar do puszek na wyjazd dzieci i m\u0142odzie\u017cy oraz wszystkie inicjatywy podejmowane w naszej parafii.<\/p>\n<p>Dzi\u0119kujemy wszystkim, kt\u00f3rzy w jakikolwiek spos\u00f3b pomogli w organizacji Festynu Parafialnego. Wszystkim grupom duszpasterskim a w szczeg\u00f3lno\u015bci:<br \/>\n&#8211; Rycerzom Kolumba: Tomaszowi Kornackiemu, Dariuszowi Ma\u0142gorzacie i Micha\u0142owi St\u0119pi\u0144skim, Karolowi Agacie i Bartoszowi Jaszczykom, Wiktorowi Ga\u0142czy\u0144skiemu, Zbigniewowi Borkowskiemu, Paw\u0142owi Dorocie Adamowi G\u00f3ralskim, Kasi i Kubie Cieleckim, Jaros\u0142awowi i Agnieszce Sikorom, Micha\u0142owi Derlecie, Tomaszowi Pawelczykowi, Hubertowi Grzejszczakowi, Jerzemu Kowalskiemu, Jaros\u0142awowi Szczepanikowi, Grzegorzowi Kiradze, Paw\u0142owi Kaczy\u0144skiemu,<br \/>\n&#8211; Rodzinom Domowego Ko\u015bcio\u0142a: S\u0142awomirowi i Marcie Kowalczykom, Kamili i \u0141ukaszowi \u015alusarczykom, Annie i Marcinowi Pyzarom, Katarzynie i Arkadiuszowi Orzechowskim, Wojciechowi i Aleksandrze Laskowskim, Waldemarowi Laskowskiemu, Paulinie Tomczak<br \/>\n&#8211; Dzi\u0119kujemy Odnowie w Duchu \u015awi\u0119tym &#8211; Joannie i Tomaszowi Daszkiewiczom i siostrom z K\u017bR na r\u0119ce Krystyny Gajewskiej i J\u00f3zefie Czerwi\u0144skiej za koordynacj\u0119 festynow\u0105 kawiarenk\u0105. Dzi\u0119kujemy wszystkim, kt\u00f3rzy przygotowali ciasta dla naszej kawiarenki, pawie 70 ciast zosta\u0142o upieczonych<br \/>\n&#8211; Dzi\u0119kujemy m\u0142odzie\u017cy z oazy, scholi i ministrantom za przygotowanie zaprosze\u0144 na Misje i odpust, za pomoc w przygotowaniach do festynu i pomoc w sprz\u0105taniu po festynie: Martynie, Julii, Antkowi, Kubie, Adamowi, Piotrowi i Krzysztofowi. Dzi\u0119kujemy ceremoniarzom Karolowi i Kacprowi za organizacj\u0119 i przeprowadzenie Turnieju o Puchar Proboszcza w pi\u0142ce halowej ministrant\u00f3w na terenie PSP nr 4.<br \/>\n&#8211; Dzi\u0119kujemy Panu Jackowi Gromkowi i Martynie Sa\u0142ek za dokumentacj\u0119 fotograficzn\u0105 i video z uroczysto\u015bci odpustowej i festynu.<\/p>\n<p style=\"text-align: center;\"><strong>Za ogrom pracy w\u0142o\u017cony w organizacj\u0119 i przeprowadzenie Festynu nale\u017c\u0105 si\u0119 wam wielkie dzi\u0119ki. B\u00f3g zap\u0142a\u0107!<\/strong><\/p>\n","protected":false},"excerpt":{"rendered":"<p>W czasie festynu nie by\u0142o miejsca by podzi\u0119kowa\u0107 wszystkim, kt\u00f3rzy nas wsparli w przygotowaniu i&#8230;<\/p>\n","protected":false},"author":1,"featured_media":3134,"comment_status":"closed","ping_status":"closed","sticky":false,"template":"","format":"standard","meta":{"footnotes":""},"categories":[19,73],"tags":[],"class_list":["post-3213","post","type-post","status-publish","format-standard","has-post-thumbnail","hentry","category-aktualnosci","category-jubileusz-40-lecia"],"featured_image_urls":{"full":["https:\/\/albert.radom.pl\/wp-content\/uploads\/2023\/06\/Festyn_s20_18_06_2023_prezentacja_044.jpg",1024,648,false],"thumbnail":["https:\/\/albert.radom.pl\/wp-content\/uploads\/2023\/06\/Festyn_s20_18_06_2023_prezentacja_044-150x150.jpg",150,150,true],"medium":["https:\/\/albert.radom.pl\/wp-content\/uploads\/2023\/06\/Festyn_s20_18_06_2023_prezentacja_044-300x190.jpg",300,190,true],"medium_large":["https:\/\/albert.radom.pl\/wp-content\/uploads\/2023\/06\/Festyn_s20_18_06_2023_prezentacja_044-768x486.jpg",640,405,true],"large":["https:\/\/albert.radom.pl\/wp-content\/uploads\/2023\/06\/Festyn_s20_18_06_2023_prezentacja_044.jpg",640,405,false],"1536x1536":["https:\/\/albert.radom.pl\/wp-content\/uploads\/2023\/06\/Festyn_s20_18_06_2023_prezentacja_044.jpg",1024,648,false],"2048x2048":["https:\/\/albert.radom.pl\/wp-content\/uploads\/2023\/06\/Festyn_s20_18_06_2023_prezentacja_044.jpg",1024,648,false],"newsever-slider-full":["https:\/\/albert.radom.pl\/wp-content\/uploads\/2023\/06\/Festyn_s20_18_06_2023_prezentacja_044.jpg",1024,648,false],"newsever-featured":["https:\/\/albert.radom.pl\/wp-content\/uploads\/2023\/06\/Festyn_s20_18_06_2023_prezentacja_044.jpg",1024,648,false],"newsever-medium":["https:\/\/albert.radom.pl\/wp-content\/uploads\/2023\/06\/Festyn_s20_18_06_2023_prezentacja_044-720x475.jpg",720,475,true]},"author_info":{"display_name":"xdar","author_link":"https:\/\/albert.radom.pl\/?author=1"},"category_info":"<a href=\"https:\/\/albert.radom.pl\/?cat=19\" rel=\"category\">Aktualno\u015bci<\/a> <a href=\"https:\/\/albert.radom.pl\/?cat=73\" rel=\"category\">Jubileusz 40-lecia<\/a>","tag_info":"Jubileusz 40-lecia","comment_count":"0","_links":{"self":[{"href":"https:\/\/albert.radom.pl\/index.php?rest_route=\/wp\/v2\/posts\/3213","targetHints":{"allow":["GET"]}}],"collection":[{"href":"https:\/\/albert.radom.pl\/index.php?rest_route=\/wp\/v2\/posts"}],"about":[{"href":"https:\/\/albert.radom.pl\/index.php?rest_route=\/wp\/v2\/types\/post"}],"author":[{"embeddable":true,"href":"https:\/\/albert.radom.pl\/index.php?rest_route=\/wp\/v2\/users\/1"}],"replies":[{"embeddable":true,"href":"https:\/\/albert.radom.pl\/index.php?rest_route=%2Fwp%2Fv2%2Fcomments&post=3213"}],"version-history":[{"count":3,"href":"https:\/\/albert.radom.pl\/index.php?rest_route=\/wp\/v2\/posts\/3213\/revisions"}],"predecessor-version":[{"id":3217,"href":"https:\/\/albert.radom.pl\/index.php?rest_route=\/wp\/v2\/posts\/3213\/revisions\/3217"}],"wp:featuredmedia":[{"embeddable":true,"href":"https:\/\/albert.radom.pl\/index.php?rest_route=\/wp\/v2\/media\/3134"}],"wp:attachment":[{"href":"https:\/\/albert.radom.pl\/index.php?rest_route=%2Fwp%2Fv2%2Fmedia&parent=3213"}],"wp:term":[{"taxonomy":"category","embeddable":true,"href":"https:\/\/albert.radom.pl\/index.php?rest_route=%2Fwp%2Fv2%2Fcategories&post=3213"},{"taxonomy":"post_tag","embeddable":true,"href":"https:\/\/albert.radom.pl\/index.php?rest_route=%2Fwp%2Fv2%2Ftags&post=3213"}],"curies":[{"name":"wp","href":"https:\/\/api.w.org\/{rel}","templated":true}]}}