{"id":3218,"date":"2023-06-26T21:42:47","date_gmt":"2023-06-26T19:42:47","guid":{"rendered":"https:\/\/albert.radom.pl\/?p=3218"},"modified":"2023-07-30T17:07:49","modified_gmt":"2023-07-30T15:07:49","slug":"grupa-pielgrzymkowa-22","status":"publish","type":"post","link":"https:\/\/albert.radom.pl\/?p=3218","title":{"rendered":"Grupa Pielgrzymkowa 22"},"content":{"rendered":"<p>Grup\u0119 22 tworz\u0105 pielgrzymi z Parafii \u015aw. Brata Alberta w Radomiu. Nasze pielgrzymowanie rozpoczyna si\u0119 6 sierpnia <!--more-->b\u0142ogos\u0142awie\u0144stwem proboszcza Ks. Kan. Marka Janasa w Parafii \u015aw. Brata Alberta w Radomiu na osiedlu Pr\u0119docinek o godz. 7:40. Do Matki Bo\u017cej pielgrzymujemy 8 dni i ko\u0144czy si\u0119 ona 13 sierpnia na Jasnej G\u00f3rze. Zapisy trwaj\u0105 od 24.07.2023r. po ka\u017cdej Mszy \u015awi\u0119tej w kancelarii parafialnej przy parafii \u015aw. Brata Alberta w Radomiu.<\/p>\n<p>Utworzenie w roku 1983 nowej parafii, w\u00f3wczas jeszcze p.w. b\u0142. Brata Alberta zrodzi\u0142o my\u015bl i konieczno\u015b\u0107 powstania parafialnej grupy pielgrzymkowej. W 1984 roku wierni nowej parafii wsp\u00f3lnie z ks. wikariuszem Zbigniewem Wiatrkiem pielgrzymowali na Jasn\u0105 G\u00f3r\u0119 razem z grup\u0105 nr 19 z parafii \u015bw. Rafa\u0142a Kalinowskiego z radomskiego osiedla Ustronie. Oddzielnie, ju\u017c jako grupa nr 22, wyruszyli do Cz\u0119stochowy w roku 1985. Przewodnikami grupy w kolejnych latach, po ks. Zbigniewie byli: ks. Marek Polak, ks. Leszek Wiech, ks. Adam Skalski, ks. Henryk Podg\u00f3rski &#8211; \u00f3wczesny proboszcz parafii, ks. Artur Lach, ks. S\u0142awomir Marchewka, ks. Dariusz Kowalczyk, ks. Piotr Giemza, ks. Janusz Stanek, ks. Piotr Szyma\u0144ski, ks. Miros\u0142aw Kosior, ks. Jacek Jurczak, ks. Dariusz Olender, ks. Rados\u0142aw Wro\u0144ski, ks. Tadeusz Rojek, ks. Daniel Glibowski. Od 2023 roku pielgrzymce przewodniczy ks. Karol Kostecki. Na przestrzeni minionych lat liczba pielgrzym\u00f3w w grupie utrzymywa\u0142a si\u0119 w r\u00f3\u017cnych ilo\u015bciach. By\u0142o nas 150 os\u00f3b, ale by\u0142o te\u017c i 100, cho\u0107 zmieniali si\u0119 przewodnicy i uczestnicy pielgrzymki to godni podkre\u015blenia s\u0105 Ci, kt\u00f3rzy pozostali wierni grupie i tradycji pielgrzymowania od pierwszych lat parafii. Liderem grupy jest brat Kazimierz Nawrot. Na przestrzeni tych wszystkich lat opr\u00f3cz pielgrzym\u00f3w zmienia\u0142a si\u0119 trasa a tak\u017ce miejsca nocleg\u00f3w. W obecnej trasie pielgrzymki pozosta\u0142y tylko 2 noclegi, w kt\u00f3rych niezmiennie nocujemy od pocz\u0105tku naszego pielgrzymowania. Miejscowo\u015bci w kt\u00f3rych noclegujemy to: Dobrut, Chlewiska, B\u0142otnica, Radoszyce, Komorniki, Stanis\u0142awice, Mokrzesz.<\/p>\n<p>Pielgrzym\u00f3w wspieraj\u0105 s\u0142u\u017cby pielgrzymkowe: porz\u0105dkowa, muzyczna, medyczna, techniczna, liturgiczna, modlitewna, baga\u017cowa, logistyczna oraz gastronomiczna.<\/p>\n<p>Ca\u0142oroczna formacje pielgrzym\u00f3w odbywaj\u0105ca si\u0119 poprzez cykliczne spotkania rozpoczynaj\u0105ce si\u0119 Msz\u0105 \u015bwi\u0119t\u0105 pomagaj\u0105 podtrzymywa\u0107 relacje i umacnia\u0107 wi\u0119zi rodziny pielgrzymkowej. Pieszym pielgrzymom towarzyszy r\u00f3wnie\u017c pot\u0119\u017cna grupa pielgrzym\u00f3w duchowych gromadz\u0105cych si\u0119 ka\u017cdego dnia pielgrzymki w ko\u015bciele parafialnym na modlitwie.<\/p>\n<p>Ogromnym atutem logistycznym grupy jest kuchnia polowa serwuj\u0105ca ka\u017cdego dnia pyszne zupki i smako\u0142yki oraz niezgodne zaplecze sanitarne. Pielgrzymka ko\u0144czy si\u0119 13 sierpnia a zaczyna si\u0119 ju\u017c 14 sierpnia poniewa\u017c ca\u0142oroczne przygotowania do pielgrzymki i zaanga\u017cowanie grupy logistycznej polega na podsumowaniu ubieg\u0142ej pielgrzymki, przygotowania do kolejnej i wreszcie pielgrzymowanie w dniach 6-13 sierpnia.<\/p>\n<p>Zapraszamy Ci\u0119 do wsp\u00f3lnej przygody pielgrzymkowej z Grup\u0105 22!!<\/p>\n<p>\u201eNisko siada\u0107 \u2013 ma\u0142o jada\u0107. Wiele robi\u0107 \u2013 ma\u0142o gada\u0107.\u201d Brat Albert<\/p>\n<div id='gallery-1' class='gallery galleryid-3218 gallery-columns-4 gallery-size-thumbnail'><figure class='gallery-item'>\n\t\t\t<div class='gallery-icon landscape'>\n\t\t\t\t<a href='https:\/\/albert.radom.pl\/wp-content\/uploads\/2023\/06\/gp22-03.jpeg'><img loading=\"lazy\" decoding=\"async\" width=\"150\" height=\"150\" src=\"https:\/\/albert.radom.pl\/wp-content\/uploads\/2023\/06\/gp22-03-150x150.jpeg\" class=\"attachment-thumbnail size-thumbnail\" alt=\"\" \/><\/a>\n\t\t\t<\/div><\/figure><figure class='gallery-item'>\n\t\t\t<div class='gallery-icon landscape'>\n\t\t\t\t<a href='https:\/\/albert.radom.pl\/wp-content\/uploads\/2023\/06\/gp22-04.jpeg'><img loading=\"lazy\" decoding=\"async\" width=\"150\" height=\"150\" src=\"https:\/\/albert.radom.pl\/wp-content\/uploads\/2023\/06\/gp22-04-150x150.jpeg\" class=\"attachment-thumbnail size-thumbnail\" alt=\"\" \/><\/a>\n\t\t\t<\/div><\/figure><figure class='gallery-item'>\n\t\t\t<div class='gallery-icon landscape'>\n\t\t\t\t<a href='https:\/\/albert.radom.pl\/wp-content\/uploads\/2023\/06\/gp22-01.jpeg'><img loading=\"lazy\" decoding=\"async\" width=\"150\" height=\"150\" src=\"https:\/\/albert.radom.pl\/wp-content\/uploads\/2023\/06\/gp22-01-150x150.jpeg\" class=\"attachment-thumbnail size-thumbnail\" alt=\"\" \/><\/a>\n\t\t\t<\/div><\/figure><figure class='gallery-item'>\n\t\t\t<div class='gallery-icon landscape'>\n\t\t\t\t<a href='https:\/\/albert.radom.pl\/wp-content\/uploads\/2023\/06\/gp22-02.jpg'><img loading=\"lazy\" decoding=\"async\" width=\"150\" height=\"150\" src=\"https:\/\/albert.radom.pl\/wp-content\/uploads\/2023\/06\/gp22-02-150x150.jpg\" class=\"attachment-thumbnail size-thumbnail\" alt=\"\" \/><\/a>\n\t\t\t<\/div><\/figure>\n\t\t<\/div>\n\n","protected":false},"excerpt":{"rendered":"<p>Grup\u0119 22 tworz\u0105 pielgrzymi z Parafii \u015aw. Brata Alberta w Radomiu. Nasze pielgrzymowanie rozpoczyna si\u0119&#8230;<\/p>\n","protected":false},"author":1,"featured_media":3219,"comment_status":"closed","ping_status":"closed","sticky":false,"template":"","format":"standard","meta":{"footnotes":""},"categories":[54],"tags":[],"class_list":["post-3218","post","type-post","status-publish","format-standard","has-post-thumbnail","hentry","category-grupa-pielgrzymkowa-nr-22"],"featured_image_urls":{"full":["https:\/\/albert.radom.pl\/wp-content\/uploads\/2023\/06\/gp22-02.jpg",960,720,false],"thumbnail":["https:\/\/albert.radom.pl\/wp-content\/uploads\/2023\/06\/gp22-02-150x150.jpg",150,150,true],"medium":["https:\/\/albert.radom.pl\/wp-content\/uploads\/2023\/06\/gp22-02-300x225.jpg",300,225,true],"medium_large":["https:\/\/albert.radom.pl\/wp-content\/uploads\/2023\/06\/gp22-02-768x576.jpg",640,480,true],"large":["https:\/\/albert.radom.pl\/wp-content\/uploads\/2023\/06\/gp22-02.jpg",640,480,false],"1536x1536":["https:\/\/albert.radom.pl\/wp-content\/uploads\/2023\/06\/gp22-02.jpg",960,720,false],"2048x2048":["https:\/\/albert.radom.pl\/wp-content\/uploads\/2023\/06\/gp22-02.jpg",960,720,false],"newsever-slider-full":["https:\/\/albert.radom.pl\/wp-content\/uploads\/2023\/06\/gp22-02.jpg",960,720,false],"newsever-featured":["https:\/\/albert.radom.pl\/wp-content\/uploads\/2023\/06\/gp22-02.jpg",960,720,false],"newsever-medium":["https:\/\/albert.radom.pl\/wp-content\/uploads\/2023\/06\/gp22-02-720x475.jpg",720,475,true]},"author_info":{"display_name":"xdar","author_link":"https:\/\/albert.radom.pl\/?author=1"},"category_info":"<a href=\"https:\/\/albert.radom.pl\/?cat=54\" rel=\"category\">Grupa pielgrzymkowa nr 22<\/a>","tag_info":"Grupa pielgrzymkowa nr 22","comment_count":"0","_links":{"self":[{"href":"https:\/\/albert.radom.pl\/index.php?rest_route=\/wp\/v2\/posts\/3218","targetHints":{"allow":["GET"]}}],"collection":[{"href":"https:\/\/albert.radom.pl\/index.php?rest_route=\/wp\/v2\/posts"}],"about":[{"href":"https:\/\/albert.radom.pl\/index.php?rest_route=\/wp\/v2\/types\/post"}],"author":[{"embeddable":true,"href":"https:\/\/albert.radom.pl\/index.php?rest_route=\/wp\/v2\/users\/1"}],"replies":[{"embeddable":true,"href":"https:\/\/albert.radom.pl\/index.php?rest_route=%2Fwp%2Fv2%2Fcomments&post=3218"}],"version-history":[{"count":1,"href":"https:\/\/albert.radom.pl\/index.php?rest_route=\/wp\/v2\/posts\/3218\/revisions"}],"predecessor-version":[{"id":3223,"href":"https:\/\/albert.radom.pl\/index.php?rest_route=\/wp\/v2\/posts\/3218\/revisions\/3223"}],"wp:featuredmedia":[{"embeddable":true,"href":"https:\/\/albert.radom.pl\/index.php?rest_route=\/wp\/v2\/media\/3219"}],"wp:attachment":[{"href":"https:\/\/albert.radom.pl\/index.php?rest_route=%2Fwp%2Fv2%2Fmedia&parent=3218"}],"wp:term":[{"taxonomy":"category","embeddable":true,"href":"https:\/\/albert.radom.pl\/index.php?rest_route=%2Fwp%2Fv2%2Fcategories&post=3218"},{"taxonomy":"post_tag","embeddable":true,"href":"https:\/\/albert.radom.pl\/index.php?rest_route=%2Fwp%2Fv2%2Ftags&post=3218"}],"curies":[{"name":"wp","href":"https:\/\/api.w.org\/{rel}","templated":true}]}}