{"id":3241,"date":"2023-07-13T13:50:56","date_gmt":"2023-07-13T11:50:56","guid":{"rendered":"https:\/\/albert.radom.pl\/?p=3241"},"modified":"2023-10-22T14:50:02","modified_gmt":"2023-10-22T12:50:02","slug":"parafialna-pielgrzymka-do-ziemi-swietej","status":"publish","type":"post","link":"https:\/\/albert.radom.pl\/?p=3241","title":{"rendered":"Parafialna pielgrzymka do Ziemi \u015awi\u0119tej"},"content":{"rendered":"<p>Zapraszamy do udzia\u0142u w parafialnej pielgrzymce do Ziemi \u015awi\u0119tej. <!--more--><\/p>\n<p>Pielgrzymka planowana jest w dn. 20-29 lutego 2024 roku<\/p>\n<p>Szczeg\u00f3\u0142y w kancelarii parafialnej.<\/p>\n<p style=\"text-align: center;\"><img loading=\"lazy\" decoding=\"async\" class=\"aligncenter size-large wp-image-3240\" src=\"https:\/\/albert.radom.pl\/wp-content\/uploads\/2023\/07\/ZIEMIA-SWIETA-2024-724x1024.jpeg\" alt=\"\" width=\"640\" height=\"905\" srcset=\"https:\/\/albert.radom.pl\/wp-content\/uploads\/2023\/07\/ZIEMIA-SWIETA-2024-724x1024.jpeg 724w, https:\/\/albert.radom.pl\/wp-content\/uploads\/2023\/07\/ZIEMIA-SWIETA-2024-212x300.jpeg 212w, https:\/\/albert.radom.pl\/wp-content\/uploads\/2023\/07\/ZIEMIA-SWIETA-2024-768x1086.jpeg 768w, https:\/\/albert.radom.pl\/wp-content\/uploads\/2023\/07\/ZIEMIA-SWIETA-2024-1086x1536.jpeg 1086w, https:\/\/albert.radom.pl\/wp-content\/uploads\/2023\/07\/ZIEMIA-SWIETA-2024-1024x1448.jpeg 1024w, https:\/\/albert.radom.pl\/wp-content\/uploads\/2023\/07\/ZIEMIA-SWIETA-2024.jpeg 1200w\" sizes=\"auto, (max-width: 640px) 100vw, 640px\" \/><\/p>\n","protected":false},"excerpt":{"rendered":"<p>Zapraszamy do udzia\u0142u w parafialnej pielgrzymce do Ziemi \u015awi\u0119tej.<\/p>\n","protected":false},"author":1,"featured_media":3233,"comment_status":"closed","ping_status":"closed","sticky":false,"template":"","format":"standard","meta":{"footnotes":""},"categories":[19,75],"tags":[],"class_list":["post-3241","post","type-post","status-publish","format-standard","has-post-thumbnail","hentry","category-aktualnosci","category-pielgrzymki"],"featured_image_urls":{"full":["https:\/\/albert.radom.pl\/wp-content\/uploads\/2023\/07\/Zrzut-ekranu-2023-07-12-o-12.02.02.png",732,280,false],"thumbnail":["https:\/\/albert.radom.pl\/wp-content\/uploads\/2023\/07\/Zrzut-ekranu-2023-07-12-o-12.02.02-150x150.png",150,150,true],"medium":["https:\/\/albert.radom.pl\/wp-content\/uploads\/2023\/07\/Zrzut-ekranu-2023-07-12-o-12.02.02-300x115.png",300,115,true],"medium_large":["https:\/\/albert.radom.pl\/wp-content\/uploads\/2023\/07\/Zrzut-ekranu-2023-07-12-o-12.02.02.png",640,245,false],"large":["https:\/\/albert.radom.pl\/wp-content\/uploads\/2023\/07\/Zrzut-ekranu-2023-07-12-o-12.02.02.png",640,245,false],"1536x1536":["https:\/\/albert.radom.pl\/wp-content\/uploads\/2023\/07\/Zrzut-ekranu-2023-07-12-o-12.02.02.png",732,280,false],"2048x2048":["https:\/\/albert.radom.pl\/wp-content\/uploads\/2023\/07\/Zrzut-ekranu-2023-07-12-o-12.02.02.png",732,280,false],"newsever-slider-full":["https:\/\/albert.radom.pl\/wp-content\/uploads\/2023\/07\/Zrzut-ekranu-2023-07-12-o-12.02.02.png",732,280,false],"newsever-featured":["https:\/\/albert.radom.pl\/wp-content\/uploads\/2023\/07\/Zrzut-ekranu-2023-07-12-o-12.02.02.png",732,280,false],"newsever-medium":["https:\/\/albert.radom.pl\/wp-content\/uploads\/2023\/07\/Zrzut-ekranu-2023-07-12-o-12.02.02-720x280.png",720,280,true]},"author_info":{"display_name":"xdar","author_link":"https:\/\/albert.radom.pl\/?author=1"},"category_info":"<a href=\"https:\/\/albert.radom.pl\/?cat=19\" rel=\"category\">Aktualno\u015bci<\/a> <a href=\"https:\/\/albert.radom.pl\/?cat=75\" rel=\"category\">Pielgrzymki<\/a>","tag_info":"Pielgrzymki","comment_count":"0","_links":{"self":[{"href":"https:\/\/albert.radom.pl\/index.php?rest_route=\/wp\/v2\/posts\/3241","targetHints":{"allow":["GET"]}}],"collection":[{"href":"https:\/\/albert.radom.pl\/index.php?rest_route=\/wp\/v2\/posts"}],"about":[{"href":"https:\/\/albert.radom.pl\/index.php?rest_route=\/wp\/v2\/types\/post"}],"author":[{"embeddable":true,"href":"https:\/\/albert.radom.pl\/index.php?rest_route=\/wp\/v2\/users\/1"}],"replies":[{"embeddable":true,"href":"https:\/\/albert.radom.pl\/index.php?rest_route=%2Fwp%2Fv2%2Fcomments&post=3241"}],"version-history":[{"count":1,"href":"https:\/\/albert.radom.pl\/index.php?rest_route=\/wp\/v2\/posts\/3241\/revisions"}],"predecessor-version":[{"id":3242,"href":"https:\/\/albert.radom.pl\/index.php?rest_route=\/wp\/v2\/posts\/3241\/revisions\/3242"}],"wp:featuredmedia":[{"embeddable":true,"href":"https:\/\/albert.radom.pl\/index.php?rest_route=\/wp\/v2\/media\/3233"}],"wp:attachment":[{"href":"https:\/\/albert.radom.pl\/index.php?rest_route=%2Fwp%2Fv2%2Fmedia&parent=3241"}],"wp:term":[{"taxonomy":"category","embeddable":true,"href":"https:\/\/albert.radom.pl\/index.php?rest_route=%2Fwp%2Fv2%2Fcategories&post=3241"},{"taxonomy":"post_tag","embeddable":true,"href":"https:\/\/albert.radom.pl\/index.php?rest_route=%2Fwp%2Fv2%2Ftags&post=3241"}],"curies":[{"name":"wp","href":"https:\/\/api.w.org\/{rel}","templated":true}]}}