{"id":3288,"date":"2023-07-22T09:59:48","date_gmt":"2023-07-22T07:59:48","guid":{"rendered":"https:\/\/albert.radom.pl\/?p=3288"},"modified":"2023-09-02T09:43:16","modified_gmt":"2023-09-02T07:43:16","slug":"apel-zespolu-kep-ds-apostolstwa-trzezwosci-i-osob-uzaleznionych-na-sierpien-miesiac-abstynencji-2023","status":"publish","type":"post","link":"https:\/\/albert.radom.pl\/?p=3288","title":{"rendered":"Apel Zespo\u0142u KEP ds. Apostolstwa Trze\u017awo\u015bci i Os\u00f3b Uzale\u017cnionych na sierpie\u0144 \u2013 MIESI\u0104C ABSTYNENCJI 2023"},"content":{"rendered":"<p>Pro\u015bb\u0119 o dar dobrowolnej abstynencji w sierpniu kierujemy przede wszystkim do wierz\u0105cych, aby w duchu odpowiedzialno\u015bci za swoje \u017cycie, \u017cycie bliskich i wszystkich, kt\u00f3rych B\u00f3g stawia na ich drodze, podj\u0119li post w intencji trze\u017awo\u015bci narodu \u2013 czytamy w Apelu Zespo\u0142u Konferencji Episkopatu Polski ds. Trze\u017awo\u015bci i Os\u00f3b Uzale\u017cnionych na sierpie\u0144 \u2013 miesi\u0105c abstynencji 2023.<!--more--><\/p>\n<p style=\"text-align: center;\"><strong>Apel Zespo\u0142u KEP ds. Apostolstwa Trze\u017awo\u015bci i Os\u00f3b Uzale\u017cnionych<\/strong><br \/>\n<strong>NA SIERPIE\u0143 \u2013 MIESI\u0104C ABSTYNENCJI 2023<\/strong><\/p>\n<p style=\"text-align: center;\"><img loading=\"lazy\" decoding=\"async\" class=\"aligncenter wp-image-3290 size-medium\" src=\"https:\/\/albert.radom.pl\/wp-content\/uploads\/2023\/07\/Plakat-na-sierpien-2023-213x300.jpg\" alt=\"\" width=\"213\" height=\"300\" srcset=\"https:\/\/albert.radom.pl\/wp-content\/uploads\/2023\/07\/Plakat-na-sierpien-2023-213x300.jpg 213w, https:\/\/albert.radom.pl\/wp-content\/uploads\/2023\/07\/Plakat-na-sierpien-2023.jpg 728w\" sizes=\"auto, (max-width: 213px) 100vw, 213px\" \/><\/p>\n<p>Sierpniowe dni w historii naszej Ojczyzny niejednokrotnie zmieni\u0142y jej bieg. Walka \u00a0o wolno\u015b\u0107, po\u015bwi\u0119cenie polskich bohater\u00f3w, nadzieja na odnow\u0119, jak r\u00f3wnie\u017c wielka rado\u015b\u0107<br \/>\nz odniesionych zwyci\u0119stw \u2013 sk\u0142adaj\u0105 si\u0119 na szczeg\u00f3ln\u0105 atmosfer\u0119 tego miesi\u0105ca. Dominuje w niej troska o losy narodu. Troska, kt\u00f3r\u0105 Polacy przyzwyczaili si\u0119 sk\u0142ada\u0107 w d\u0142onie Maryi, swojej Kr\u00f3lowej. Te dwie pi\u0119kne cechy Polak\u00f3w \u2013 mi\u0142o\u015b\u0107 Ojczyzny i mi\u0142o\u015b\u0107 Matki Bo\u017cej, by\u0142y i s\u0105 nadal \u017ar\u00f3d\u0142em wielu potrzebnych inicjatyw buduj\u0105cych nasz\u0105 jedno\u015b\u0107, pomagaj\u0105cych nam trwa\u0107 w wierze. Dlatego sierpie\u0144 prze\u017cywamy jako miesi\u0105c dobrowolnej rezygnacji z alkoholu z motyw\u00f3w patriotycznych i religijnych. Zach\u0119ca do tego Episkopat Polski od 1984 roku.<\/p>\n<p><strong>Dobrowolna abstynencja szczeg\u00f3ln\u0105 form\u0105 praktykowania trze\u017awego stylu \u017cycia<\/strong><\/p>\n<p>Apel sierpniowy co roku spotyka si\u0119 z wielkim zainteresowaniem r\u00f3\u017cnych grup spo\u0142ecznych. Ten fakt cieszy, gdy\u017c jest oznak\u0105 wa\u017cno\u015bci tej inicjatywy nie tylko dla wiernych Ko\u015bcio\u0142a, ale i dla ca\u0142ego spo\u0142ecze\u0144stwa. Jednocze\u015bnie rodzi on konieczno\u015b\u0107 wyja\u015bnienia niekt\u00f3rych poj\u0119\u0107 i odpowiedzi na pojawiaj\u0105ce si\u0119 przy tej okazji pytania. Istotne jest, aby dobrze rozumie\u0107, czym jest trze\u017awo\u015b\u0107 w odniesieniu do alkoholu. Przybiera ona w tym wymiarze trzy podstawowe formy.<\/p>\n<p>Po pierwsze, dla cz\u0119\u015bci spo\u0142ecze\u0144stwa praktykowanie trze\u017awo\u015bci oznacza sta\u0142y umiar w u\u017cywaniu napoj\u00f3w alkoholowych. Umiar jest to si\u0119ganie po alkohol bardzo rzadko<br \/>\ni w ma\u0142ych (wr\u0119cz symbolicznych) ilo\u015bciach, tak aby w \u017caden spos\u00f3b nie zmieni\u0142a si\u0119 \u015bwiadomo\u015b\u0107, emocje, decyzyjno\u015b\u0107. Kolejn\u0105 form\u0105 zachowywania trze\u017awo\u015bci jest obowi\u0105zkowa, ca\u0142kowita rezygnacja z u\u017cywania alkoholu, np. ze wzgl\u0119du na wiek, stan zdrowia, obowi\u0105zki. Trzeci\u0105 form\u0105 jest dobrowolna abstynencja. Podejmowana jest ona<br \/>\nz r\u00f3\u017cnych motyw\u00f3w, najcz\u0119\u015bciej jako post, jako wynagrodzenie za grzechy, a tak\u017ce jako \u015bwiadectwo dla innych, \u017ce mo\u017cna cieszy\u0107 si\u0119 \u017cyciem, bawi\u0107 si\u0119, wypoczywa\u0107, \u015bwi\u0119towa\u0107 bez alkoholu. Trze\u017awo\u015b\u0107 to warunek \u017cycia w wolno\u015bci, mi\u0142o\u015bci i dobrobycie.<\/p>\n<p>To wyja\u015bnienie pomaga nam odpowiedzie\u0107 na pytanie, dlaczego sierpie\u0144 jest miesi\u0105cem abstynencji, a nie tylko trze\u017awo\u015bci. Ot\u00f3\u017c zachowanie trze\u017awo\u015bci, jako cnoty moralnej, obowi\u0105zuje przez wszystkie miesi\u0105ce roku, w\u0142\u0105cznie z sierpniem. Kr\u00f3tko m\u00f3wi\u0105c \u2013 ka\u017cdy miesi\u0105c roku jest miesi\u0105cem trze\u017awo\u015bci. Natomiast abstynencja sierpniowa jest dobrowoln\u0105 decyzj\u0105 z motyw\u00f3w religijnych, moralnych i patriotycznych.<\/p>\n<p>Pragniemy podkre\u015bli\u0107, \u017ce apel o rezygnacj\u0119 z u\u017cywania alkoholu w sierpniu jest zach\u0119t\u0105, a nie nakazem. Zach\u0119t\u0105, aby ci, kt\u00f3rzy mog\u0105 umiarkowanie korzysta\u0107 z napoj\u00f3w alkoholowych, dobrowolnie z tego zrezygnowali i w ten spos\u00f3b stali si\u0119 szczeg\u00f3lnymi \u015bwiadkami Chrystusowej wolno\u015bci.<\/p>\n<p><strong>Miesi\u0105c abstynencji a wsp\u00f3\u0142czesne wyzwania zwi\u0105zane z uzale\u017cnieniami<\/strong><\/p>\n<p>Wsp\u00f3\u0142czesna nauka jednoznacznie potwierdza zgubny wp\u0142yw na\u0142og\u00f3w, zw\u0142aszcza alkoholizmu, na kondycj\u0119 zdrowotn\u0105 jednostek i ca\u0142ych spo\u0142ecze\u0144stw. Uzale\u017cnienie od alkoholu to \u015bmiertelna choroba, powoduj\u0105ca corocznie kilka milion\u00f3w zgon\u00f3w na ca\u0142ym \u015bwiecie. Na skutek nadu\u017cywania alkoholu znacz\u0105co zwi\u0119ksza si\u0119 umieralno\u015b\u0107 os\u00f3b w m\u0142odym i \u015brednim wieku. Musimy te\u017c pami\u0119ta\u0107, \u017ce najwi\u0119cej szk\u00f3d spo\u0142ecznych przynosi pija\u0144stwo.<\/p>\n<p>Natomiast dobroczynny wp\u0142yw okresowego czy sta\u0142ego postu od alkoholu jest znany od dawna. Potwierdza to Ko\u015bci\u00f3\u0142 wzywaj\u0105c do jego podejmowania w Adwencie, Wielkim Po\u015bcie, czy w naszej Ojczy\u017anie tak\u017ce w sierpniu. Nie chodzi tu tylko o zdrowie fizyczne<br \/>\ni psychiczne, o kt\u00f3re nale\u017cy dba\u0107 wype\u0142niaj\u0105c V przykazanie Dekalogu, ale tak\u017ce o kondycj\u0119 duchow\u0105.<\/p>\n<p>Dobrowolny post od alkoholu podejmowany z motyw\u00f3w religijnych pomaga<br \/>\nw rozwoju duchowym i w zjednoczeniu z Chrystusem, kt\u00f3ry jest jedynym Dawc\u0105 prawdziwej wolno\u015bci. Jest to te\u017c pi\u0119kne \u015bwiadectwo w spo\u0142ecze\u0144stwie, kt\u00f3re ma powa\u017cne problemy<br \/>\nz praktykowaniem cnoty trze\u017awo\u015bci. To \u015bwiadectwo jest konieczne, aby skutecznie przeciwdzia\u0142a\u0107 ogromnemu cierpieniu milion\u00f3w ludzi w naszej Ojczy\u017anie. Nietrze\u017awo\u015b\u0107 bowiem powoduje nie tylko wymierne straty materialne, ale jest r\u00f3wnie\u017c \u017ar\u00f3d\u0142em powa\u017cnych problem\u00f3w zdrowotnych, psychicznych i duchowych.<\/p>\n<p><strong>Sierpniowe inicjatywy abstynenckie Ko\u015bcio\u0142a w Polsce<\/strong><\/p>\n<p>Ko\u015bci\u00f3\u0142 daje najwi\u0119kszy i najbardziej trwa\u0142y motyw troski o trze\u017awo\u015b\u0107 narodu. Jest nim mi\u0142o\u015b\u0107 do Boga i do bli\u017aniego. Dlatego w sierpniu \u2013 miesi\u0105cu abstynencji, w polskich diecezjach, w r\u00f3\u017cnych o\u015brodkach i wsp\u00f3lnotach, organizowane s\u0105 wydarzenia, takie jak: pielgrzymki w intencji trze\u017awo\u015bci narodu, rekolekcje, sympozja, zabawy, spotkania i pikniki bezalkoholowe. Wiele os\u00f3b sk\u0142ada podczas nich \u015bwiadectwa nawr\u00f3cenia, uzdrowienia<br \/>\nz na\u0142ogu, ale tak\u017ce \u015bwiadectwa podkre\u015blaj\u0105ce, jak pi\u0119kny i owocny jest dar dobrowolnej abstynencji od alkoholu. Wszystkim zaanga\u017cowanym w te dzia\u0142ania, uczestnikom i osobom, kt\u00f3re propaguj\u0105 abstynencki styl \u017cycia, sk\u0142adamy serdeczne podzi\u0119kowania.<\/p>\n<p>Jako cz\u0142onkowie Ko\u015bcio\u0142a zdajemy sobie spraw\u0119 z odpowiedzialno\u015bci za wype\u0142nianie w codziennym \u017cyciu nauczania \u015bw. Jana Paw\u0142a II i b\u0142. Kard. Stefana Wyszy\u0144skiego, na temat wolno\u015bci wewn\u0119trznej cz\u0142owieka i troski o trze\u017awo\u015b\u0107 ca\u0142ego narodu. Sierpie\u0144 to dobry czas<br \/>\ni okazja, aby jeszcze lepiej pozna\u0107 to nauczanie i nim \u017cy\u0107. To tak\u017ce dobry czas, aby jeszcze bardziej zjednoczy\u0107 si\u0119 wok\u00f3\u0142 wa\u017cnej inicjatywy Apostolstwa Trze\u017awo\u015bci w Polsce, jak\u0105 jest Narodowy Program Trze\u017awo\u015bci.<\/p>\n<p><strong>Jedno\u015b\u0107 w dzia\u0142aniu na rzecz troski o trze\u017awo\u015b\u0107 w naszej Ojczy\u017anie<\/strong><\/p>\n<p>Pro\u015bb\u0119 o dar dobrowolnej abstynencji w sierpniu kierujemy przede wszystkim do wierz\u0105cych, aby w duchu odpowiedzialno\u015bci za swoje \u017cycie, \u017cycie bliskich i wszystkich, kt\u00f3rych B\u00f3g stawia na ich drodze, podj\u0119li post w intencji trze\u017awo\u015bci narodu.<\/p>\n<p>Prosimy ludzi medi\u00f3w, aby tworzyli kultur\u0119 trze\u017awo\u015bci poprzez promocj\u0119 postaw abstynenckich. Prosimy pracownik\u00f3w kultury i nauki, aby w swoim \u017cyciu zawodowym dawali \u015bwiadectwo \u017cycia bez na\u0142og\u00f3w. Aby owoce ich pracy uczy\u0142y wszystkich odbiorc\u00f3w,<br \/>\na zw\u0142aszcza m\u0142ode pokolenie, pi\u0119knego, wolnego \u017cycia.<\/p>\n<p>Prosimy sprawuj\u0105cych w\u0142adz\u0119 pa\u0144stwow\u0105 i samorz\u0105dow\u0105, aby autentycznie przej\u0119li si\u0119 losem Polak\u00f3w dotkni\u0119tych i zagro\u017conych plag\u0105 pija\u0144stwa i alkoholizmu. Aby podj\u0119li natychmiastowe dzia\u0142ania naprawcze, pozwalaj\u0105ce na ograniczenie tak wysokiego spo\u017cycia alkoholu, kt\u00f3re wprost zagra\u017ca istnieniu narodu. Przede wszystkim nale\u017cy zakaza\u0107 reklamy alkoholu i ograniczy\u0107 jego dost\u0119pno\u015b\u0107 fizyczn\u0105 i ekonomiczn\u0105.<\/p>\n<p>Prosimy wszystkich lider\u00f3w \u017cycia spo\u0142ecznego, duchownych i \u015bwieckich, o zaanga\u017cowanie si\u0119 w dzie\u0142o troski o trze\u017awo\u015b\u0107 narodu. To w du\u017cej mierze od waszych postaw i decyzji oraz wzoru \u017cycia zale\u017cy, czy nasz nar\u00f3d b\u0119dzie prawdziwie wolny wewn\u0119trznie.<\/p>\n<p>Apel kierujemy do wszystkich ludzi dobrej woli, aby w\u0142\u0105czyli si\u0119 do tej inicjatywy. Bowiem warto\u015b\u0107 trze\u017awego \u017cycia jest warto\u015bci\u0105 og\u00f3lnoludzk\u0105, a nie tylko zobowi\u0105zaniem o charakterze religijnym. Wszyscy te\u017c jeste\u015bmy odpowiedzialni za przysz\u0142o\u015b\u0107 naszej Ojczyzny.<\/p>\n<p>Niech Maryja, Kr\u00f3lowa Polski, wspiera swoim przemo\u017cnym wstawiennictwem nasze dobre postanowienia i dzia\u0142ania. Niech pomaga nam w codziennej pracy nad przywr\u00f3ceniem kultury trze\u017awo\u015bci w naszym narodzie.<\/p>\n<p>\u0141om\u017ca, dnia 28 maja 2023 r.<\/p>\n<p style=\"text-align: right;\">Bp Tadeusz Bronakowski<br \/>\nPrzewodnicz\u0105cy Zespo\u0142u KEP<br \/>\nds. Apostolstwa Trze\u017awo\u015bci i Os\u00f3b Uzale\u017cnionych<\/p>\n<p>&nbsp;<\/p>\n","protected":false},"excerpt":{"rendered":"<p>Pro\u015bb\u0119 o dar dobrowolnej abstynencji w sierpniu kierujemy przede wszystkim do wierz\u0105cych, aby w duchu&#8230;<\/p>\n","protected":false},"author":1,"featured_media":3292,"comment_status":"closed","ping_status":"closed","sticky":false,"template":"","format":"standard","meta":{"footnotes":""},"categories":[19,61],"tags":[],"class_list":["post-3288","post","type-post","status-publish","format-standard","has-post-thumbnail","hentry","category-aktualnosci","category-czytelnia"],"featured_image_urls":{"full":["https:\/\/albert.radom.pl\/wp-content\/uploads\/2023\/07\/Plakat-na-sierpien-2023-kopia.jpg",724,478,false],"thumbnail":["https:\/\/albert.radom.pl\/wp-content\/uploads\/2023\/07\/Plakat-na-sierpien-2023-kopia-150x150.jpg",150,150,true],"medium":["https:\/\/albert.radom.pl\/wp-content\/uploads\/2023\/07\/Plakat-na-sierpien-2023-kopia-300x198.jpg",300,198,true],"medium_large":["https:\/\/albert.radom.pl\/wp-content\/uploads\/2023\/07\/Plakat-na-sierpien-2023-kopia.jpg",640,423,false],"large":["https:\/\/albert.radom.pl\/wp-content\/uploads\/2023\/07\/Plakat-na-sierpien-2023-kopia.jpg",640,423,false],"1536x1536":["https:\/\/albert.radom.pl\/wp-content\/uploads\/2023\/07\/Plakat-na-sierpien-2023-kopia.jpg",724,478,false],"2048x2048":["https:\/\/albert.radom.pl\/wp-content\/uploads\/2023\/07\/Plakat-na-sierpien-2023-kopia.jpg",724,478,false],"newsever-slider-full":["https:\/\/albert.radom.pl\/wp-content\/uploads\/2023\/07\/Plakat-na-sierpien-2023-kopia.jpg",724,478,false],"newsever-featured":["https:\/\/albert.radom.pl\/wp-content\/uploads\/2023\/07\/Plakat-na-sierpien-2023-kopia.jpg",724,478,false],"newsever-medium":["https:\/\/albert.radom.pl\/wp-content\/uploads\/2023\/07\/Plakat-na-sierpien-2023-kopia-720x475.jpg",720,475,true]},"author_info":{"display_name":"xdar","author_link":"https:\/\/albert.radom.pl\/?author=1"},"category_info":"<a href=\"https:\/\/albert.radom.pl\/?cat=19\" rel=\"category\">Aktualno\u015bci<\/a> <a href=\"https:\/\/albert.radom.pl\/?cat=61\" rel=\"category\">Czytelnia<\/a>","tag_info":"Czytelnia","comment_count":"0","_links":{"self":[{"href":"https:\/\/albert.radom.pl\/index.php?rest_route=\/wp\/v2\/posts\/3288","targetHints":{"allow":["GET"]}}],"collection":[{"href":"https:\/\/albert.radom.pl\/index.php?rest_route=\/wp\/v2\/posts"}],"about":[{"href":"https:\/\/albert.radom.pl\/index.php?rest_route=\/wp\/v2\/types\/post"}],"author":[{"embeddable":true,"href":"https:\/\/albert.radom.pl\/index.php?rest_route=\/wp\/v2\/users\/1"}],"replies":[{"embeddable":true,"href":"https:\/\/albert.radom.pl\/index.php?rest_route=%2Fwp%2Fv2%2Fcomments&post=3288"}],"version-history":[{"count":3,"href":"https:\/\/albert.radom.pl\/index.php?rest_route=\/wp\/v2\/posts\/3288\/revisions"}],"predecessor-version":[{"id":3294,"href":"https:\/\/albert.radom.pl\/index.php?rest_route=\/wp\/v2\/posts\/3288\/revisions\/3294"}],"wp:featuredmedia":[{"embeddable":true,"href":"https:\/\/albert.radom.pl\/index.php?rest_route=\/wp\/v2\/media\/3292"}],"wp:attachment":[{"href":"https:\/\/albert.radom.pl\/index.php?rest_route=%2Fwp%2Fv2%2Fmedia&parent=3288"}],"wp:term":[{"taxonomy":"category","embeddable":true,"href":"https:\/\/albert.radom.pl\/index.php?rest_route=%2Fwp%2Fv2%2Fcategories&post=3288"},{"taxonomy":"post_tag","embeddable":true,"href":"https:\/\/albert.radom.pl\/index.php?rest_route=%2Fwp%2Fv2%2Ftags&post=3288"}],"curies":[{"name":"wp","href":"https:\/\/api.w.org\/{rel}","templated":true}]}}