{"id":3392,"date":"2023-08-10T19:59:48","date_gmt":"2023-08-10T17:59:48","guid":{"rendered":"https:\/\/albert.radom.pl\/?p=3392"},"modified":"2023-08-10T20:04:31","modified_gmt":"2023-08-10T18:04:31","slug":"jp2-na-nowo-odczytany-dzielo-konteksty-idee","status":"publish","type":"post","link":"https:\/\/albert.radom.pl\/?p=3392","title":{"rendered":"JP2 na nowo odczytany. Dzie\u0142o | Konteksty | Idee"},"content":{"rendered":"<p>Osiemna\u015bcie wyk\u0142ad\u00f3w o encyklikach Jana Paw\u0142a II dost\u0119pne w sieci.<\/p>\n<p><!--more--><\/p>\n<p>Jakie s\u0105 najwa\u017cniejsze dary Ko\u015bcio\u0142a? Czym jest Odkupienie? Jaki jest sens istnienia? Czym jest prawda? Jan Pawe\u0142 II og\u0142osi\u0142 14 encyklik. W ka\u017cdej z nich odnosi\u0142 si\u0119 wprost do najwa\u017cniejszych pyta\u0144 dotycz\u0105cych ludzkiej egzystencji i \u017cycia Ko\u015bcio\u0142a.<\/p>\n<p>Cykl \u201eJP2 na nowo odczytany. Dzie\u0142o | Konteksty | Idee\u201d to uczta intelektualna zar\u00f3wno dla tych, kt\u00f3rzy poszukuj\u0105 uporz\u0105dkowanej, akademickiej refleksji nad podstawowymi zagadnieniami teologii, eklezjologii, jak i dla os\u00f3b szukaj\u0105cych odpowiedzi na zasadnicze pytania w swoim \u017cyciu. Wyk\u0142ady powsta\u0142y z my\u015bl\u0105 o ka\u017cdym, kto chcia\u0142by g\u0142\u0119biej pozna\u0107 nauczanie Jana Paw\u0142a II, w tym o studentach, katechetach, duchownych.<\/p>\n<p>Wyk\u0142ady wyg\u0142osili ks. prof. Jerzy Szymik, ks. prof. Robert Skrzypczak, o. prof. Jaros\u0142aw Kupczak OP, prof. Dominika \u017bukowska-Gardzi\u0144ska, prof. Micha\u0142 Gierycz, o. prof. Micha\u0142 Paluch OP, prof. Pawe\u0142 Skibi\u0144ski, prof. Barbara Strza\u0142kowska, ks. prof. Piotr Mazurkiewicz, bp prof. Jacek Grzybowski, o. prof. Jacek Salij OP, s. dr hab. Joanna Nowi\u0144ska, prof. Rafa\u0142 \u0141\u0119tocha, o. dr Dominik Jurczak OP.<\/p>\n<p>\u201eTo w\u0142a\u015bnie w owych encyklikach najbardziej krystalicznie wybrzmia\u0142a jego [Jana Paw\u0142a II] ewangeliczna m\u0105dro\u015b\u0107, pot\u0119ga duchowa, genialno\u015b\u0107 diagnozy wsp\u00f3\u0142czesno\u015bci. Przede wszystkim to, za co najbardziej go kochamy i co jest nam najbardziej pomocne w codzienno\u015bci \u2014 mianowicie to, \u017ce jest przewodnikiem po trudnych drogach tego, co si\u0119 nazywa \u017cycie. Dlatego powt\u00f3rz\u0119 za \u015bw. Augustynem: \u00bbtolle, lege\u00ab. Bierz i czytaj \u2013 m\u00f3wi ks. prof. Jerzy Szymik, jeden z prelegent\u00f3w serii wyk\u0142ad\u00f3w przybli\u017caj\u0105cych nauk\u0119 i pontyfikat Jana Paw\u0142a II.<\/p>\n<p><strong>Wyk\u0142ady cyklu &#8222;JP2 na nowo odczytany. Dzie\u0142o | Konteksty | Idee&#8221;:<\/strong><\/p>\n<p>\u27a4 <a href=\"https:\/\/www.youtube.com\/watch?v=tuEpjSN8thE&amp;t=8s\">\u201ePontyfikat JP2: 1978-1989 \u2013 Pawe\u0142 Skibi\u0144ski<\/a><\/p>\n<p>\u27a4 <a href=\"https:\/\/www.youtube.com\/watch?v=ZQqKZPOAK9w\">\u201eRedemptor hominis\u201d \u2013 ks. Jerzy Szymik<\/a><\/p>\n<p>\u27a4 <a href=\"https:\/\/www.youtube.com\/watch?v=WHktdR4ZEz0&amp;t=145s\">\u201eDives in Misericordia\u201d \u2013 o. Jaros\u0142aw Kupczak\u00a0OP<\/a><\/p>\n<p>\u27a4 <a href=\"https:\/\/www.youtube.com\/watch?v=Epe7dEjKxO0&amp;t=11s\">\u201eLaborem exercens\u201d \u2013 Rafa\u0142 \u0141\u0119tocha <\/a><\/p>\n<p>\u27a4 <a href=\"https:\/\/www.youtube.com\/watch?v=4eC9bgbr2xY\">\u201eSlavorum apostoli\u201d \u2013 Dominika \u017bukowska-Gardzi\u0144ska<\/a><\/p>\n<p>\u27a4 <a href=\"https:\/\/www.youtube.com\/watch?v=iMnIkRs1pr4\">\u201ePielgrzymki JP2 do Polski 1978-1989\u201d \u2013 Pawe\u0142 Skibi\u0144ski<\/a><\/p>\n<p>\u27a4 <a href=\"https:\/\/www.youtube.com\/watch?v=5jhW082KY3A&amp;t=1091s\">\u201eDominum et vivificantem \u2013 ks. Robert Skrzypczak<\/a><\/p>\n<p>\u27a4 <a href=\"https:\/\/www.youtube.com\/watch?v=vTF6zcMaNP8&amp;t=2s\">\u201eRedemptoris Mater\u201d \u2013 o. Micha\u0142 Paluch OP<\/a><\/p>\n<p>\u27a4 <a href=\"https:\/\/www.youtube.com\/watch?v=g0kP5kogV-4&amp;ab_channel=TeologiaPolityczna\">\u201eSollicitudo rei socialis\u201d \u2013 ks. Piotr Mazurkiewicz<\/a><\/p>\n<p>\u27a4 <a href=\"https:\/\/www.youtube.com\/watch?v=9ONfRx4hgMI\">\u201ePontyfikat JP2: 1990-2005\u201d \u2013 Pawe\u0142 Skibi\u0144ski<\/a><\/p>\n<p>\u27a4 <a href=\"https:\/\/www.youtube.com\/watch?v=PvBeCPk8g3w\">\u201eRedemptoris missio\u201d \u2013 Barbara Strza\u0142kowska<\/a><\/p>\n<p>\u27a4 <a href=\"https:\/\/www.youtube.com\/watch?v=CIIWf9Ki7B0\">\u201eCentesimus annus\u201d \u2013 o. Jacek Salij OP<\/a><\/p>\n<p>\u27a4 <a href=\"https:\/\/www.youtube.com\/watch?v=pmPEHAZOROE\">\u201eVeritatis splendor\u201d \u2013 o. Jaros\u0142aw Kupczak OP<\/a><\/p>\n<p>\u27a4 <a href=\"https:\/\/www.youtube.com\/watch?v=Vyoe1X6Mm3M\">\u201eEvangelium vitae\u201d \u2013 Micha\u0142 Gierycz <\/a><\/p>\n<p>\u27a4 <a href=\"https:\/\/www.youtube.com\/watch?v=FcVY8mRJVjs\">\u201ePielgrzymki do Polski 1990-2005\u201d \u2013 Pawe\u0142 Skibi\u0144ski<\/a><\/p>\n<p>\u27a4 <a href=\"https:\/\/www.youtube.com\/watch?v=xvHV0wPw-9Y\">\u201eUt unum sint&#8221; &#8211; s. Joanna Nowi\u0144ska<\/a><\/p>\n<p>\u27a4 <a href=\"https:\/\/www.youtube.com\/watch?v=g5VWNz6vKJU&amp;t=277s\">\u201eFides et ratio\u201d \u2013 bp Jacek Grzybowski<\/a><\/p>\n<p>\u27a4 <a href=\"https:\/\/www.youtube.com\/watch?v=7pysrbQKoNo\">\u201cEcclesia de Eucharistia\u201d &#8211; o. Dominik Jurczak OP<\/a><\/p>\n<p style=\"text-align: right;\">\u0179r\u00f3d\u0142o: <a href=\"https:\/\/teologiapolityczna.pl\/osiemnascie-wykladow-o-encyklikach-jana-pawla-ii-dostepnych-w-sieci\" target=\"_blank\" rel=\"noopener\">teologiapolityczna.pl<\/a><\/p>\n","protected":false},"excerpt":{"rendered":"<p>Osiemna\u015bcie wyk\u0142ad\u00f3w o encyklikach Jana Paw\u0142a II dost\u0119pne w sieci.<\/p>\n","protected":false},"author":1,"featured_media":3393,"comment_status":"closed","ping_status":"closed","sticky":false,"template":"","format":"standard","meta":{"footnotes":""},"categories":[61,76,14],"tags":[],"class_list":["post-3392","post","type-post","status-publish","format-standard","has-post-thumbnail","hentry","category-czytelnia","category-jan-pawel-ii","category-polecamy"],"featured_image_urls":{"full":["https:\/\/albert.radom.pl\/wp-content\/uploads\/2023\/08\/JP2-Strona2.jpg",800,450,false],"thumbnail":["https:\/\/albert.radom.pl\/wp-content\/uploads\/2023\/08\/JP2-Strona2-150x150.jpg",150,150,true],"medium":["https:\/\/albert.radom.pl\/wp-content\/uploads\/2023\/08\/JP2-Strona2-300x169.jpg",300,169,true],"medium_large":["https:\/\/albert.radom.pl\/wp-content\/uploads\/2023\/08\/JP2-Strona2-768x432.jpg",640,360,true],"large":["https:\/\/albert.radom.pl\/wp-content\/uploads\/2023\/08\/JP2-Strona2.jpg",640,360,false],"1536x1536":["https:\/\/albert.radom.pl\/wp-content\/uploads\/2023\/08\/JP2-Strona2.jpg",800,450,false],"2048x2048":["https:\/\/albert.radom.pl\/wp-content\/uploads\/2023\/08\/JP2-Strona2.jpg",800,450,false],"newsever-slider-full":["https:\/\/albert.radom.pl\/wp-content\/uploads\/2023\/08\/JP2-Strona2.jpg",800,450,false],"newsever-featured":["https:\/\/albert.radom.pl\/wp-content\/uploads\/2023\/08\/JP2-Strona2.jpg",800,450,false],"newsever-medium":["https:\/\/albert.radom.pl\/wp-content\/uploads\/2023\/08\/JP2-Strona2-720x450.jpg",720,450,true]},"author_info":{"display_name":"xdar","author_link":"https:\/\/albert.radom.pl\/?author=1"},"category_info":"<a href=\"https:\/\/albert.radom.pl\/?cat=61\" rel=\"category\">Czytelnia<\/a> <a href=\"https:\/\/albert.radom.pl\/?cat=76\" rel=\"category\">Jan Pawe\u0142 II<\/a> <a href=\"https:\/\/albert.radom.pl\/?cat=14\" rel=\"category\">Polecamy<\/a>","tag_info":"Polecamy","comment_count":"0","_links":{"self":[{"href":"https:\/\/albert.radom.pl\/index.php?rest_route=\/wp\/v2\/posts\/3392","targetHints":{"allow":["GET"]}}],"collection":[{"href":"https:\/\/albert.radom.pl\/index.php?rest_route=\/wp\/v2\/posts"}],"about":[{"href":"https:\/\/albert.radom.pl\/index.php?rest_route=\/wp\/v2\/types\/post"}],"author":[{"embeddable":true,"href":"https:\/\/albert.radom.pl\/index.php?rest_route=\/wp\/v2\/users\/1"}],"replies":[{"embeddable":true,"href":"https:\/\/albert.radom.pl\/index.php?rest_route=%2Fwp%2Fv2%2Fcomments&post=3392"}],"version-history":[{"count":2,"href":"https:\/\/albert.radom.pl\/index.php?rest_route=\/wp\/v2\/posts\/3392\/revisions"}],"predecessor-version":[{"id":3395,"href":"https:\/\/albert.radom.pl\/index.php?rest_route=\/wp\/v2\/posts\/3392\/revisions\/3395"}],"wp:featuredmedia":[{"embeddable":true,"href":"https:\/\/albert.radom.pl\/index.php?rest_route=\/wp\/v2\/media\/3393"}],"wp:attachment":[{"href":"https:\/\/albert.radom.pl\/index.php?rest_route=%2Fwp%2Fv2%2Fmedia&parent=3392"}],"wp:term":[{"taxonomy":"category","embeddable":true,"href":"https:\/\/albert.radom.pl\/index.php?rest_route=%2Fwp%2Fv2%2Fcategories&post=3392"},{"taxonomy":"post_tag","embeddable":true,"href":"https:\/\/albert.radom.pl\/index.php?rest_route=%2Fwp%2Fv2%2Ftags&post=3392"}],"curies":[{"name":"wp","href":"https:\/\/api.w.org\/{rel}","templated":true}]}}