{"id":3411,"date":"2023-08-27T20:46:23","date_gmt":"2023-08-27T18:46:23","guid":{"rendered":"https:\/\/albert.radom.pl\/?p=3411"},"modified":"2023-08-27T20:49:20","modified_gmt":"2023-08-27T18:49:20","slug":"ulmowie-blogoslawiona-rodzina-od-25-sierpnia-2023-w-kinach","status":"publish","type":"post","link":"https:\/\/albert.radom.pl\/?p=3411","title":{"rendered":"\u201eUlmowie. B\u0142ogos\u0142awiona rodzina\u201d. Od 25 sierpnia 2023 w kinach!"},"content":{"rendered":"<p><strong>Ten film powstawa\u0142 blisko 20 lat!<\/strong><!--more--><\/p>\n<p>Gdy rozpoczyna\u0142y si\u0119 do niego zdj\u0119cia, niewielu s\u0142ysza\u0142o o rodzinie Ulm\u00f3w i niewielu by\u0142o zainteresowanych ich niezwyk\u0142\u0105 histori\u0105. Mimo to re\u017cyser, Dariusz Walusiak, zbiera\u0142 materia\u0142y, rejestrowa\u0142 relacje \u015bwiadk\u00f3w pami\u0119taj\u0105cych jeszcze J\u00f3zefa i Wiktori\u0119 oraz ich dzieci, odkrywa\u0142 nowe fakty, bada\u0142 motywacje i uczucia zar\u00f3wno pozytywnych bohater\u00f3w tej opowie\u015bci, jak i tych odpowiedzialnych za t\u0119 i inne zbrodnie. Pierwszym rozm\u00f3wc\u0105 nagranym w 2004 roku by\u0142\u2026 brat J\u00f3zefa Ulmy. Dzisiaj tak on, jak i kilkunastu innych \u015bwiadk\u00f3w, kt\u00f3rych wypowiedzi zarejestrowano na potrzeby filmu, ju\u017c nie \u017cyj\u0105.<\/p>\n<p>Pretekstem do zamkni\u0119cia i opowiedzenia nareszcie tej historii sta\u0142o si\u0119 jedno z najbardziej niezwyk\u0142ych wydarze\u0144 w historii Ko\u015bcio\u0142a. Po raz pierwszy na o\u0142tarze trafia ca\u0142a rodzina, w tym nienarodzone dziecko! Ten bezprecedensowy fakt nadaje dzie\u0142u re\u017cysera ostateczny kszta\u0142t. Ulmowie. B\u0142ogos\u0142awiona rodzina nie jest ju\u017c w pierwszej kolejno\u015bci filmem o zbrodni i nienawi\u015bci, lecz o nadziei i mi\u0142osierdziu. Jest opowie\u015bci\u0105 o dobru, kt\u00f3re pokonuje z\u0142o; o sensie po\u015bwi\u0119cenia; o cz\u0142owiecze\u0144stwie, kt\u00f3re triumfuje\u2026<\/p>\n<p>Zapraszamy na seans, kt\u00f3ry b\u0119dzie duchow\u0105 przygod\u0105, kt\u00f3ry wzruszy, ale tak\u017ce zainspiruje, pozwoli widzowi odpowiedzie\u0107 na kilka pyta\u0144 w \u015bwietle postawy rodziny Ulm\u00f3w. Wszak oni s\u0105 ju\u017c \u015bwi\u0119tymi, a \u015bwi\u0119ci to wz\u00f3r do na\u015bladowania\u2026<\/p>\n<p style=\"text-align: right;\">\u0179r\u00f3d\u0142o: rafaelfilm.pl<\/p>\n<p><iframe loading=\"lazy\" title=\"ULMOWIE. B\u0142ogos\u0142awiona Rodzina | ZWIASTUN HD\" width=\"640\" height=\"360\" src=\"https:\/\/www.youtube.com\/embed\/DB6XSpUJbmo?feature=oembed\" frameborder=\"0\" allow=\"accelerometer; autoplay; clipboard-write; encrypted-media; gyroscope; picture-in-picture; web-share\" referrerpolicy=\"strict-origin-when-cross-origin\" allowfullscreen><\/iframe><\/p>\n<p style=\"text-align: center;\"><img loading=\"lazy\" decoding=\"async\" class=\"aligncenter size-large wp-image-3412\" src=\"https:\/\/albert.radom.pl\/wp-content\/uploads\/2023\/08\/Ulmowie-plakat_1920px-714x1024.jpg\" alt=\"\" width=\"640\" height=\"918\" srcset=\"https:\/\/albert.radom.pl\/wp-content\/uploads\/2023\/08\/Ulmowie-plakat_1920px-714x1024.jpg 714w, https:\/\/albert.radom.pl\/wp-content\/uploads\/2023\/08\/Ulmowie-plakat_1920px-209x300.jpg 209w, https:\/\/albert.radom.pl\/wp-content\/uploads\/2023\/08\/Ulmowie-plakat_1920px-768x1102.jpg 768w, https:\/\/albert.radom.pl\/wp-content\/uploads\/2023\/08\/Ulmowie-plakat_1920px-1070x1536.jpg 1070w, https:\/\/albert.radom.pl\/wp-content\/uploads\/2023\/08\/Ulmowie-plakat_1920px-1024x1469.jpg 1024w, https:\/\/albert.radom.pl\/wp-content\/uploads\/2023\/08\/Ulmowie-plakat_1920px.jpg 1338w\" sizes=\"auto, (max-width: 640px) 100vw, 640px\" \/><\/p>\n","protected":false},"excerpt":{"rendered":"<p>Ten film powstawa\u0142 blisko 20 lat!<\/p>\n","protected":false},"author":1,"featured_media":3414,"comment_status":"closed","ping_status":"closed","sticky":false,"template":"","format":"standard","meta":{"footnotes":""},"categories":[39,36,14],"tags":[],"class_list":["post-3411","post","type-post","status-publish","format-standard","has-post-thumbnail","hentry","category-film","category-kino","category-polecamy"],"featured_image_urls":{"full":["https:\/\/albert.radom.pl\/wp-content\/uploads\/2023\/08\/Ulmowie-plakat_baner.jpg",1320,951,false],"thumbnail":["https:\/\/albert.radom.pl\/wp-content\/uploads\/2023\/08\/Ulmowie-plakat_baner-150x150.jpg",150,150,true],"medium":["https:\/\/albert.radom.pl\/wp-content\/uploads\/2023\/08\/Ulmowie-plakat_baner-300x216.jpg",300,216,true],"medium_large":["https:\/\/albert.radom.pl\/wp-content\/uploads\/2023\/08\/Ulmowie-plakat_baner-768x553.jpg",640,461,true],"large":["https:\/\/albert.radom.pl\/wp-content\/uploads\/2023\/08\/Ulmowie-plakat_baner-1024x738.jpg",640,461,true],"1536x1536":["https:\/\/albert.radom.pl\/wp-content\/uploads\/2023\/08\/Ulmowie-plakat_baner.jpg",1320,951,false],"2048x2048":["https:\/\/albert.radom.pl\/wp-content\/uploads\/2023\/08\/Ulmowie-plakat_baner.jpg",1320,951,false],"newsever-slider-full":["https:\/\/albert.radom.pl\/wp-content\/uploads\/2023\/08\/Ulmowie-plakat_baner-1280x845.jpg",1280,845,true],"newsever-featured":["https:\/\/albert.radom.pl\/wp-content\/uploads\/2023\/08\/Ulmowie-plakat_baner-1024x738.jpg",1024,738,true],"newsever-medium":["https:\/\/albert.radom.pl\/wp-content\/uploads\/2023\/08\/Ulmowie-plakat_baner-720x475.jpg",720,475,true]},"author_info":{"display_name":"xdar","author_link":"https:\/\/albert.radom.pl\/?author=1"},"category_info":"<a href=\"https:\/\/albert.radom.pl\/?cat=39\" rel=\"category\">Film<\/a> <a href=\"https:\/\/albert.radom.pl\/?cat=36\" rel=\"category\">Kino<\/a> <a href=\"https:\/\/albert.radom.pl\/?cat=14\" rel=\"category\">Polecamy<\/a>","tag_info":"Polecamy","comment_count":"0","_links":{"self":[{"href":"https:\/\/albert.radom.pl\/index.php?rest_route=\/wp\/v2\/posts\/3411","targetHints":{"allow":["GET"]}}],"collection":[{"href":"https:\/\/albert.radom.pl\/index.php?rest_route=\/wp\/v2\/posts"}],"about":[{"href":"https:\/\/albert.radom.pl\/index.php?rest_route=\/wp\/v2\/types\/post"}],"author":[{"embeddable":true,"href":"https:\/\/albert.radom.pl\/index.php?rest_route=\/wp\/v2\/users\/1"}],"replies":[{"embeddable":true,"href":"https:\/\/albert.radom.pl\/index.php?rest_route=%2Fwp%2Fv2%2Fcomments&post=3411"}],"version-history":[{"count":2,"href":"https:\/\/albert.radom.pl\/index.php?rest_route=\/wp\/v2\/posts\/3411\/revisions"}],"predecessor-version":[{"id":3415,"href":"https:\/\/albert.radom.pl\/index.php?rest_route=\/wp\/v2\/posts\/3411\/revisions\/3415"}],"wp:featuredmedia":[{"embeddable":true,"href":"https:\/\/albert.radom.pl\/index.php?rest_route=\/wp\/v2\/media\/3414"}],"wp:attachment":[{"href":"https:\/\/albert.radom.pl\/index.php?rest_route=%2Fwp%2Fv2%2Fmedia&parent=3411"}],"wp:term":[{"taxonomy":"category","embeddable":true,"href":"https:\/\/albert.radom.pl\/index.php?rest_route=%2Fwp%2Fv2%2Fcategories&post=3411"},{"taxonomy":"post_tag","embeddable":true,"href":"https:\/\/albert.radom.pl\/index.php?rest_route=%2Fwp%2Fv2%2Ftags&post=3411"}],"curies":[{"name":"wp","href":"https:\/\/api.w.org\/{rel}","templated":true}]}}