{"id":3426,"date":"2023-09-02T10:08:16","date_gmt":"2023-09-02T08:08:16","guid":{"rendered":"https:\/\/albert.radom.pl\/?p=3426"},"modified":"2023-09-16T21:00:40","modified_gmt":"2023-09-16T19:00:40","slug":"beatyfikacja-rodziny-ulmow","status":"publish","type":"post","link":"https:\/\/albert.radom.pl\/?p=3426","title":{"rendered":"Beatyfikacja Rodziny Ulm\u00f3w"},"content":{"rendered":"<p><strong>10 wrze\u015bnia w Markowej odb\u0119dzie si\u0119 beatyfikacja Ulm\u00f3w, rodziny zamordowanej przez Niemc\u00f3w za ukrywanie \u017byd\u00f3w w czasie II wojny \u015bwiatowej.<\/strong> <!--more--><\/p>\n<p>Beatyfikacja Ulm\u00f3w zbli\u017ca si\u0119 wielkimi krokami. To wielkie wydarzenie dla nas, Polak\u00f3w, kt\u00f3rzy doskonale pami\u0119tamy karty historii, a szczeg\u00f3lnie te XX w. To w\u0142a\u015bnie wtedy zwyk\u0142a pomoc drugiemu cz\u0142owiekowi, by\u0142a czynem wr\u0119cz heroicznym. Ulmowie podj\u0119li si\u0119 tej pr\u00f3by, bohatersko ukrywali przed Niemcami \u017cydowskie rodziny, co przyp\u0142acili \u017cyciem\u2026<\/p>\n<p>W czasie II wojny \u015bwiatowej J\u00f3zef i Wiktoria Ulmowie ukrywali w swoim domu w Markowej dwie rodziny \u017byd\u00f3w. Gdy hitlerowcy dowiedzieli si\u0119 o tym z donosu, zamordowali 24 marca 1944 roku zar\u00f3wno \u017byd\u00f3w, jak i ca\u0142\u0105 rodzin\u0119 Ulm\u00f3w z sz\u00f3stk\u0105 ma\u0142ych dzieci oraz jednym nienarodzonym \u2013 Wiktora Ulma by\u0142a wtedy w dziewi\u0105tym miesi\u0105cu ci\u0105\u017cy.<\/p>\n<p>Ulm\u00f3w odznaczono po\u015bmiertnie w 1995 roku tytu\u0142em Sprawiedliwych w\u015br\u00f3d Narod\u00f3w \u015awiata. Natomiast w 2003 roku w archidiecezji przemyskiej rozpocz\u0105\u0142 si\u0119 ich proces beatyfikacyjny, a 17 grudnia 2022 roku papie\u017c Franciszek zatwierdzi\u0142 dekret o m\u0119cze\u0144stwie rodziny Ulm\u00f3w.<\/p>\n<p>Beatyfikacja Ulm\u00f3w odb\u0119dzie si\u0119 w niedziel\u0119 <strong>10 wrze\u015bnia<\/strong> w Markowej na Podkarpaciu. Mszy \u015bwi\u0119tej z obrz\u0119dem beatyfikacji b\u0119dzie przewodniczy\u0142 kard. Marcello Semeraro, prefekt dykasterii spraw kanonizacyjnych.<\/p>\n<blockquote>\n<p class=\"elementor-blockquote__content\">Beatyfikacja rodziny Ulm\u00f3w to wydarzenie bez precedensu, poniewa\u017c jednym aktem beatyfikacyjnym do chwa\u0142y o\u0142tarzy zostanie wyniesiona ca\u0142a rodzina \u2013 rodzice J\u00f3zef i Wiktoria Ulmowie wraz z siedmiorgiem dzieci. Dodatkowym faktem bez precedensu jest to, \u017ce w tym akcie b\u0119dzie beatyfikowane tak\u017ce dziecko nienarodzone, kt\u00f3re w chwili \u015bmierci by\u0142o pod sercem matki. Wydarzenie beatyfikacyjne b\u0119dzie mia\u0142o miejsce 10 wrze\u015bnia o godz. 10 w Markowej \u2013 miejscowo\u015bci, gdzie \u017cyli i gdzie zostali zamordowani, um\u0119czeni J\u00f3zef i Wiktoria Ulmowie. Zostali um\u0119czeni, poniewa\u017c odwa\u017cyli si\u0119 w trudnych, wojennych czasach przyj\u0105\u0107 pod sw\u00f3j dach osiem os\u00f3b narodowo\u015bci \u017bydowskiej, wcze\u015bniej pomagaj\u0105c innym \u017bydom prze\u015bladowanym tylko dlatego, \u017ce s\u0105 takiej, a nie innej narodowo\u015bci.<br \/>\n<span style=\"text-align: right;\">Abp Adam Szal \u2013 metropolita przemyski<\/span><\/p>\n<\/blockquote>\n<div><\/div>\n<div>\n<p><a href=\"https:\/\/www.youtube.com\/watch?v=MPk4qe7S-AE\">https:\/\/www.youtube.com\/watch?v=MPk4qe7S-AE<\/a><\/p>\n<\/div>\n<div><\/div>\n<div>\n<p><iframe loading=\"lazy\" title=\"Rodzina Ulm\u00f3w. Sprawiedliwi w\u015br\u00f3d narod\u00f3w \u015bwiata z Markowej.\" width=\"640\" height=\"360\" src=\"https:\/\/www.youtube.com\/embed\/7jmDocnNVA8?start=199&#038;feature=oembed\" frameborder=\"0\" allow=\"accelerometer; autoplay; clipboard-write; encrypted-media; gyroscope; picture-in-picture; web-share\" referrerpolicy=\"strict-origin-when-cross-origin\" allowfullscreen><\/iframe><\/p>\n<\/div>\n","protected":false},"excerpt":{"rendered":"<p>10 wrze\u015bnia w Markowej odb\u0119dzie si\u0119 beatyfikacja Ulm\u00f3w, rodziny zamordowanej przez Niemc\u00f3w za ukrywanie \u017byd\u00f3w&#8230;<\/p>\n","protected":false},"author":1,"featured_media":3427,"comment_status":"closed","ping_status":"closed","sticky":false,"template":"","format":"standard","meta":{"footnotes":""},"categories":[19,59],"tags":[],"class_list":["post-3426","post","type-post","status-publish","format-standard","has-post-thumbnail","hentry","category-aktualnosci","category-zycie-kosciola"],"featured_image_urls":{"full":["https:\/\/albert.radom.pl\/wp-content\/uploads\/2023\/09\/ulmowie-logo-e1679523026664.png",200,202,false],"thumbnail":["https:\/\/albert.radom.pl\/wp-content\/uploads\/2023\/09\/ulmowie-logo-e1679523026664-150x150.png",150,150,true],"medium":["https:\/\/albert.radom.pl\/wp-content\/uploads\/2023\/09\/ulmowie-logo-e1679523026664.png",200,202,false],"medium_large":["https:\/\/albert.radom.pl\/wp-content\/uploads\/2023\/09\/ulmowie-logo-e1679523026664.png",200,202,false],"large":["https:\/\/albert.radom.pl\/wp-content\/uploads\/2023\/09\/ulmowie-logo-e1679523026664.png",200,202,false],"1536x1536":["https:\/\/albert.radom.pl\/wp-content\/uploads\/2023\/09\/ulmowie-logo-e1679523026664.png",200,202,false],"2048x2048":["https:\/\/albert.radom.pl\/wp-content\/uploads\/2023\/09\/ulmowie-logo-e1679523026664.png",200,202,false],"newsever-slider-full":["https:\/\/albert.radom.pl\/wp-content\/uploads\/2023\/09\/ulmowie-logo-e1679523026664.png",200,202,false],"newsever-featured":["https:\/\/albert.radom.pl\/wp-content\/uploads\/2023\/09\/ulmowie-logo-e1679523026664.png",200,202,false],"newsever-medium":["https:\/\/albert.radom.pl\/wp-content\/uploads\/2023\/09\/ulmowie-logo-e1679523026664.png",200,202,false]},"author_info":{"display_name":"xdar","author_link":"https:\/\/albert.radom.pl\/?author=1"},"category_info":"<a href=\"https:\/\/albert.radom.pl\/?cat=19\" rel=\"category\">Aktualno\u015bci<\/a> <a href=\"https:\/\/albert.radom.pl\/?cat=59\" rel=\"category\">\u017bycie Ko\u015bcio\u0142a<\/a>","tag_info":"\u017bycie Ko\u015bcio\u0142a","comment_count":"0","_links":{"self":[{"href":"https:\/\/albert.radom.pl\/index.php?rest_route=\/wp\/v2\/posts\/3426","targetHints":{"allow":["GET"]}}],"collection":[{"href":"https:\/\/albert.radom.pl\/index.php?rest_route=\/wp\/v2\/posts"}],"about":[{"href":"https:\/\/albert.radom.pl\/index.php?rest_route=\/wp\/v2\/types\/post"}],"author":[{"embeddable":true,"href":"https:\/\/albert.radom.pl\/index.php?rest_route=\/wp\/v2\/users\/1"}],"replies":[{"embeddable":true,"href":"https:\/\/albert.radom.pl\/index.php?rest_route=%2Fwp%2Fv2%2Fcomments&post=3426"}],"version-history":[{"count":1,"href":"https:\/\/albert.radom.pl\/index.php?rest_route=\/wp\/v2\/posts\/3426\/revisions"}],"predecessor-version":[{"id":3428,"href":"https:\/\/albert.radom.pl\/index.php?rest_route=\/wp\/v2\/posts\/3426\/revisions\/3428"}],"wp:featuredmedia":[{"embeddable":true,"href":"https:\/\/albert.radom.pl\/index.php?rest_route=\/wp\/v2\/media\/3427"}],"wp:attachment":[{"href":"https:\/\/albert.radom.pl\/index.php?rest_route=%2Fwp%2Fv2%2Fmedia&parent=3426"}],"wp:term":[{"taxonomy":"category","embeddable":true,"href":"https:\/\/albert.radom.pl\/index.php?rest_route=%2Fwp%2Fv2%2Fcategories&post=3426"},{"taxonomy":"post_tag","embeddable":true,"href":"https:\/\/albert.radom.pl\/index.php?rest_route=%2Fwp%2Fv2%2Ftags&post=3426"}],"curies":[{"name":"wp","href":"https:\/\/api.w.org\/{rel}","templated":true}]}}