{"id":3432,"date":"2023-09-03T14:42:09","date_gmt":"2023-09-03T12:42:09","guid":{"rendered":"https:\/\/albert.radom.pl\/?p=3432"},"modified":"2023-10-22T14:49:50","modified_gmt":"2023-10-22T12:49:50","slug":"8-wrzesnia-dzien-dziekczynienia-za-dar-zycia","status":"publish","type":"post","link":"https:\/\/albert.radom.pl\/?p=3432","title":{"rendered":"8 wrze\u015bnia \u2013 Dzie\u0144 dzi\u0119kczynienia za dar \u017cycia"},"content":{"rendered":"<p>\u2013 Niech \u015bwi\u0119to Narodzenia Naj\u015bwi\u0119tszej Maryi Panny b\u0119dzie w naszych wsp\u00f3lnotach parafialnych czasem modlitwy dzi\u0119kczynnej za dar \u017cycia. \u2013 napisa\u0142 Bp Marek Solarczyk w okoliczno\u015bciowym Komunikacie. W pi\u0105tek, 8 wrze\u015bnia, w ka\u017cdej parafii maj\u0105 by\u0107 sprawowane nabo\u017ce\u0144stwa w intencjach ludzkiego \u017cycia.<!--more--><\/p>\n<p style=\"text-align: center;\"><strong>KOMUNIKAT<\/strong><\/p>\n<p>Moi Drodzy!<\/p>\n<p>W dniu 8 wrze\u015bnia b\u0119dziemy prze\u017cywali \u015bwi\u0119to Narodzenia Naj\u015bwi\u0119tszej Maryi Panny. Jak zawsze jest to dla nas okazja do zawierzenia bogactwa naszego \u017cycia i tajemnic naszej wiary Bogu przez wstawiennictwo Matki Bo\u017cej, ale tak\u017ce czas refleksji nad darem ludzkiego \u017cycia, tak wyj\u0105tkowo objawionym poprzez narodziny dziecka.<\/p>\n<p>\u015awi\u0119ty Jan Pawe\u0142 II wielokrotnie apelowa\u0142 o poszanowanie ludzkiego \u017cycia od jego pocz\u0119cia, a\u017c do naturalnej \u015bmierci. W swojej encyklice Evangelium vitae (Ewangelia \u017cycia), og\u0142oszonej 25 marca 1995 roku potwierdzi\u0142, \u017ce dokument ten ma: \u201eby\u0107 stanowczym i jednoznacznym potwierdzeniem warto\u015bci ludzkiego \u017cycia i jego nienaruszalno\u015bci, a zarazem \u017carliwym apelem skierowanym w imi\u0119 Bo\u017ce do wszystkich i do ka\u017cdego: szanuj, bro\u0144, mi\u0142uj \u017cycie i s\u0142u\u017c \u017cyciu \u2013 ka\u017cdemu ludzkiemu \u017cyciu! Tylko na tej drodze znajdziesz sprawiedliwo\u015b\u0107, rozw\u00f3j, prawdziw\u0105 wolno\u015b\u0107, pok\u00f3j i szcz\u0119\u015bcie (nr 5)!<\/p>\n<p>Tak bardzo potrzeba nam potwierdzenia tej wra\u017cliwo\u015bci i umocnienia naszej troski o \u017cycie, ale przede wszystkim odnowienia ufno\u015bci wiary i pokornego wo\u0142ania do Boga o moc Jego b\u0142ogos\u0142awie\u0144stwa w piel\u0119gnowaniu Jego dar\u00f3w.<\/p>\n<p>Niech \u015bwi\u0119to Narodzenia Naj\u015bwi\u0119tszej Maryi Panny b\u0119dzie w naszych wsp\u00f3lnotach parafialnych czasem modlitwy dzi\u0119kczynnej za dar \u017cycia, ale tak\u017ce pokornej pro\u015bby o umocnienie wszelkich stara\u0144 zmierzaj\u0105cych do poszanowania i godnego \u017cycia. Prosz\u0119, aby tego dnia po g\u0142\u00f3wnej Mszy \u015awi\u0119tej by\u0142o sprawowane nabo\u017ce\u0144stwo adoracyjne i w modlitwie r\u00f3\u017ca\u0144cowej przez wstawiennictwu Matki Bo\u017cej by\u0142y zawierzone mocy \u0142aski Bo\u017cej wszelkie intencje ludzkiego \u017cycia.<\/p>\n<p style=\"text-align: right;\">Wasz biskup Marek<\/p>\n<p>Foto: eKai.pl<\/p>\n","protected":false},"excerpt":{"rendered":"<p>\u2013 Niech \u015bwi\u0119to Narodzenia Naj\u015bwi\u0119tszej Maryi Panny b\u0119dzie w naszych wsp\u00f3lnotach parafialnych czasem modlitwy dzi\u0119kczynnej&#8230;<\/p>\n","protected":false},"author":1,"featured_media":3433,"comment_status":"closed","ping_status":"closed","sticky":false,"template":"","format":"standard","meta":{"footnotes":""},"categories":[19,67,61,60],"tags":[],"class_list":["post-3432","post","type-post","status-publish","format-standard","has-post-thumbnail","hentry","category-aktualnosci","category-bp-marek-solarczyk","category-czytelnia","category-diecezja"],"featured_image_urls":{"full":["https:\/\/albert.radom.pl\/wp-content\/uploads\/2023\/09\/7C8A4900-1024x683-1.jpg",1024,683,false],"thumbnail":["https:\/\/albert.radom.pl\/wp-content\/uploads\/2023\/09\/7C8A4900-1024x683-1-150x150.jpg",150,150,true],"medium":["https:\/\/albert.radom.pl\/wp-content\/uploads\/2023\/09\/7C8A4900-1024x683-1-300x200.jpg",300,200,true],"medium_large":["https:\/\/albert.radom.pl\/wp-content\/uploads\/2023\/09\/7C8A4900-1024x683-1-768x512.jpg",640,427,true],"large":["https:\/\/albert.radom.pl\/wp-content\/uploads\/2023\/09\/7C8A4900-1024x683-1.jpg",640,427,false],"1536x1536":["https:\/\/albert.radom.pl\/wp-content\/uploads\/2023\/09\/7C8A4900-1024x683-1.jpg",1024,683,false],"2048x2048":["https:\/\/albert.radom.pl\/wp-content\/uploads\/2023\/09\/7C8A4900-1024x683-1.jpg",1024,683,false],"newsever-slider-full":["https:\/\/albert.radom.pl\/wp-content\/uploads\/2023\/09\/7C8A4900-1024x683-1.jpg",1024,683,false],"newsever-featured":["https:\/\/albert.radom.pl\/wp-content\/uploads\/2023\/09\/7C8A4900-1024x683-1.jpg",1024,683,false],"newsever-medium":["https:\/\/albert.radom.pl\/wp-content\/uploads\/2023\/09\/7C8A4900-1024x683-1-720x475.jpg",720,475,true]},"author_info":{"display_name":"xdar","author_link":"https:\/\/albert.radom.pl\/?author=1"},"category_info":"<a href=\"https:\/\/albert.radom.pl\/?cat=19\" rel=\"category\">Aktualno\u015bci<\/a> <a href=\"https:\/\/albert.radom.pl\/?cat=67\" rel=\"category\">Bp Marek Solarczyk<\/a> <a href=\"https:\/\/albert.radom.pl\/?cat=61\" rel=\"category\">Czytelnia<\/a> <a href=\"https:\/\/albert.radom.pl\/?cat=60\" rel=\"category\">Diecezja<\/a>","tag_info":"Diecezja","comment_count":"0","_links":{"self":[{"href":"https:\/\/albert.radom.pl\/index.php?rest_route=\/wp\/v2\/posts\/3432","targetHints":{"allow":["GET"]}}],"collection":[{"href":"https:\/\/albert.radom.pl\/index.php?rest_route=\/wp\/v2\/posts"}],"about":[{"href":"https:\/\/albert.radom.pl\/index.php?rest_route=\/wp\/v2\/types\/post"}],"author":[{"embeddable":true,"href":"https:\/\/albert.radom.pl\/index.php?rest_route=\/wp\/v2\/users\/1"}],"replies":[{"embeddable":true,"href":"https:\/\/albert.radom.pl\/index.php?rest_route=%2Fwp%2Fv2%2Fcomments&post=3432"}],"version-history":[{"count":1,"href":"https:\/\/albert.radom.pl\/index.php?rest_route=\/wp\/v2\/posts\/3432\/revisions"}],"predecessor-version":[{"id":3434,"href":"https:\/\/albert.radom.pl\/index.php?rest_route=\/wp\/v2\/posts\/3432\/revisions\/3434"}],"wp:featuredmedia":[{"embeddable":true,"href":"https:\/\/albert.radom.pl\/index.php?rest_route=\/wp\/v2\/media\/3433"}],"wp:attachment":[{"href":"https:\/\/albert.radom.pl\/index.php?rest_route=%2Fwp%2Fv2%2Fmedia&parent=3432"}],"wp:term":[{"taxonomy":"category","embeddable":true,"href":"https:\/\/albert.radom.pl\/index.php?rest_route=%2Fwp%2Fv2%2Fcategories&post=3432"},{"taxonomy":"post_tag","embeddable":true,"href":"https:\/\/albert.radom.pl\/index.php?rest_route=%2Fwp%2Fv2%2Ftags&post=3432"}],"curies":[{"name":"wp","href":"https:\/\/api.w.org\/{rel}","templated":true}]}}