{"id":3456,"date":"2023-09-08T09:37:41","date_gmt":"2023-09-08T07:37:41","guid":{"rendered":"https:\/\/albert.radom.pl\/?p=3456"},"modified":"2023-09-11T09:41:43","modified_gmt":"2023-09-11T07:41:43","slug":"rozpoczecie-roku-formacyjnego-2023-2024","status":"publish","type":"post","link":"https:\/\/albert.radom.pl\/?p=3456","title":{"rendered":"Rozpocz\u0119cie Roku Formacyjnego 2023\/2024"},"content":{"rendered":"<p>W I czwartek miesi\u0105ca dzi\u0119kujemy Panu Bogu za dar kap\u0142a\u0144stwa. Mszy \u015awi\u0119tej na rozpocz\u0119cie nowego roku formacyjnego w naszej wsp\u00f3lnocie parafialnej przewodniczy\u0142 i homili\u0119 wyg\u0142osi\u0142 Ks. Dr Dariusz Frydrych.<!--more--><\/p>\n<p><strong>\u017bywy Ko\u015bci\u00f3\u0142<\/strong> to has\u0142o tego roku, kt\u00f3re poci\u0105ga nas do tego, by\u015bmy stali si\u0119 wsp\u00f3lnot\u0105 prowadzon\u0105 przez Ducha \u015awi\u0119tego, a dzisiejsza Ewangelia zaprasza, by wyp\u0142yn\u0105\u0107 na g\u0142\u0119bi\u0119.<\/p>\n<p>Podczas Mszy \u015bw. odby\u0142o si\u0119 b\u0142ogos\u0142awie\u0144stwo animator\u00f3w i przekazanie \u015bwiec dla prowadz\u0105cych spotkania formacyjne dla dzieci, m\u0142odzie\u017cy oraz par animatorskich Domowego Ko\u015bcio\u0142a.<\/p>\n<p>Podczas spotkania organizacyjnego grup formacyjnych podsumowali\u015bmy wakacje i zaplanowali\u015bmy dzia\u0142ania na najbli\u017cszy miesi\u0105c. Ksi\u0119\u017ca przedstawili poszczeg\u00f3lne grupy i terminy spotka\u0144. Cieszymy si\u0119 \u017ce w najszej wsp\u00f3lnocie ka\u017cdy mo\u017ce znale\u017c\u0107 co\u015b dla siebie:<br \/>\nRuch \u015awiat\u0142o-\u017bycie (dzieci mlodzie\u017c i rodziny);<br \/>\nLiturgiczna S\u0142u\u017cba O\u0142tarza (ministranci, lektorzy, ceremoniarze, doro\u015bli ministranci oraz szafarze);<br \/>\nSchola dzieci\u0119ca<br \/>\nSchola m\u0142odzie\u017cowa<br \/>\nCh\u00f3r parafialny<br \/>\nOdnowa w Duchu \u015awi\u0119tym<br \/>\nKo\u0142a \u017bywego R\u00f3\u017ca\u0144ca<br \/>\nRycerze Kolumba<br \/>\nPrzyjaciele Bezdomnych<br \/>\nGrupa Pielgrzymkowa 22<br \/>\nKo\u0142o Tetralne<\/p>\n<p>Zapraszamy do formacji w naszej parafii.<\/p>\n<div id='gallery-1' class='gallery galleryid-3456 gallery-columns-5 gallery-size-thumbnail'><figure class='gallery-item'>\n\t\t\t<div class='gallery-icon landscape'>\n\t\t\t\t<a href='https:\/\/albert.radom.pl\/wp-content\/uploads\/2023\/09\/RPF24-02.jpg'><img loading=\"lazy\" decoding=\"async\" width=\"150\" height=\"150\" src=\"https:\/\/albert.radom.pl\/wp-content\/uploads\/2023\/09\/RPF24-02-150x150.jpg\" class=\"attachment-thumbnail size-thumbnail\" alt=\"\" \/><\/a>\n\t\t\t<\/div><\/figure><figure class='gallery-item'>\n\t\t\t<div class='gallery-icon landscape'>\n\t\t\t\t<a href='https:\/\/albert.radom.pl\/wp-content\/uploads\/2023\/09\/RPF24-01.jpg'><img loading=\"lazy\" decoding=\"async\" width=\"150\" height=\"150\" src=\"https:\/\/albert.radom.pl\/wp-content\/uploads\/2023\/09\/RPF24-01-150x150.jpg\" class=\"attachment-thumbnail size-thumbnail\" alt=\"\" \/><\/a>\n\t\t\t<\/div><\/figure><figure class='gallery-item'>\n\t\t\t<div class='gallery-icon landscape'>\n\t\t\t\t<a href='https:\/\/albert.radom.pl\/wp-content\/uploads\/2023\/09\/RPF24-03.jpg'><img loading=\"lazy\" decoding=\"async\" width=\"150\" height=\"150\" src=\"https:\/\/albert.radom.pl\/wp-content\/uploads\/2023\/09\/RPF24-03-150x150.jpg\" class=\"attachment-thumbnail size-thumbnail\" alt=\"\" \/><\/a>\n\t\t\t<\/div><\/figure><figure class='gallery-item'>\n\t\t\t<div class='gallery-icon landscape'>\n\t\t\t\t<a href='https:\/\/albert.radom.pl\/wp-content\/uploads\/2023\/09\/RPF24-04.jpg'><img loading=\"lazy\" decoding=\"async\" width=\"150\" height=\"150\" src=\"https:\/\/albert.radom.pl\/wp-content\/uploads\/2023\/09\/RPF24-04-150x150.jpg\" class=\"attachment-thumbnail size-thumbnail\" alt=\"\" \/><\/a>\n\t\t\t<\/div><\/figure><figure class='gallery-item'>\n\t\t\t<div class='gallery-icon landscape'>\n\t\t\t\t<a href='https:\/\/albert.radom.pl\/wp-content\/uploads\/2023\/09\/RPF24-05.jpg'><img loading=\"lazy\" decoding=\"async\" width=\"150\" height=\"150\" src=\"https:\/\/albert.radom.pl\/wp-content\/uploads\/2023\/09\/RPF24-05-150x150.jpg\" class=\"attachment-thumbnail size-thumbnail\" alt=\"\" srcset=\"https:\/\/albert.radom.pl\/wp-content\/uploads\/2023\/09\/RPF24-05-150x150.jpg 150w, https:\/\/albert.radom.pl\/wp-content\/uploads\/2023\/09\/RPF24-05-300x300.jpg 300w, https:\/\/albert.radom.pl\/wp-content\/uploads\/2023\/09\/RPF24-05-1024x1024.jpg 1024w, https:\/\/albert.radom.pl\/wp-content\/uploads\/2023\/09\/RPF24-05-768x768.jpg 768w, https:\/\/albert.radom.pl\/wp-content\/uploads\/2023\/09\/RPF24-05.jpg 1200w\" sizes=\"auto, (max-width: 150px) 100vw, 150px\" \/><\/a>\n\t\t\t<\/div><\/figure><figure class='gallery-item'>\n\t\t\t<div class='gallery-icon landscape'>\n\t\t\t\t<a href='https:\/\/albert.radom.pl\/wp-content\/uploads\/2023\/09\/RPF24-06.jpg'><img loading=\"lazy\" decoding=\"async\" width=\"150\" height=\"150\" src=\"https:\/\/albert.radom.pl\/wp-content\/uploads\/2023\/09\/RPF24-06-150x150.jpg\" class=\"attachment-thumbnail size-thumbnail\" alt=\"\" srcset=\"https:\/\/albert.radom.pl\/wp-content\/uploads\/2023\/09\/RPF24-06-150x150.jpg 150w, https:\/\/albert.radom.pl\/wp-content\/uploads\/2023\/09\/RPF24-06-300x300.jpg 300w, https:\/\/albert.radom.pl\/wp-content\/uploads\/2023\/09\/RPF24-06-1024x1024.jpg 1024w, https:\/\/albert.radom.pl\/wp-content\/uploads\/2023\/09\/RPF24-06-768x768.jpg 768w, https:\/\/albert.radom.pl\/wp-content\/uploads\/2023\/09\/RPF24-06.jpg 1200w\" sizes=\"auto, (max-width: 150px) 100vw, 150px\" \/><\/a>\n\t\t\t<\/div><\/figure><figure class='gallery-item'>\n\t\t\t<div class='gallery-icon landscape'>\n\t\t\t\t<a href='https:\/\/albert.radom.pl\/wp-content\/uploads\/2023\/09\/RPF24-07.jpg'><img loading=\"lazy\" decoding=\"async\" width=\"150\" height=\"150\" src=\"https:\/\/albert.radom.pl\/wp-content\/uploads\/2023\/09\/RPF24-07-150x150.jpg\" class=\"attachment-thumbnail size-thumbnail\" alt=\"\" srcset=\"https:\/\/albert.radom.pl\/wp-content\/uploads\/2023\/09\/RPF24-07-150x150.jpg 150w, https:\/\/albert.radom.pl\/wp-content\/uploads\/2023\/09\/RPF24-07-300x300.jpg 300w, https:\/\/albert.radom.pl\/wp-content\/uploads\/2023\/09\/RPF24-07-1024x1024.jpg 1024w, https:\/\/albert.radom.pl\/wp-content\/uploads\/2023\/09\/RPF24-07-768x768.jpg 768w, https:\/\/albert.radom.pl\/wp-content\/uploads\/2023\/09\/RPF24-07.jpg 1200w\" sizes=\"auto, (max-width: 150px) 100vw, 150px\" \/><\/a>\n\t\t\t<\/div><\/figure><figure class='gallery-item'>\n\t\t\t<div class='gallery-icon landscape'>\n\t\t\t\t<a href='https:\/\/albert.radom.pl\/wp-content\/uploads\/2023\/09\/RPF24-08.jpg'><img loading=\"lazy\" decoding=\"async\" width=\"150\" height=\"150\" src=\"https:\/\/albert.radom.pl\/wp-content\/uploads\/2023\/09\/RPF24-08-150x150.jpg\" class=\"attachment-thumbnail size-thumbnail\" alt=\"\" srcset=\"https:\/\/albert.radom.pl\/wp-content\/uploads\/2023\/09\/RPF24-08-150x150.jpg 150w, https:\/\/albert.radom.pl\/wp-content\/uploads\/2023\/09\/RPF24-08-300x300.jpg 300w, https:\/\/albert.radom.pl\/wp-content\/uploads\/2023\/09\/RPF24-08-1024x1024.jpg 1024w, https:\/\/albert.radom.pl\/wp-content\/uploads\/2023\/09\/RPF24-08-768x768.jpg 768w, https:\/\/albert.radom.pl\/wp-content\/uploads\/2023\/09\/RPF24-08.jpg 1200w\" sizes=\"auto, (max-width: 150px) 100vw, 150px\" \/><\/a>\n\t\t\t<\/div><\/figure><figure class='gallery-item'>\n\t\t\t<div class='gallery-icon landscape'>\n\t\t\t\t<a href='https:\/\/albert.radom.pl\/wp-content\/uploads\/2023\/09\/RPF24-09.jpg'><img loading=\"lazy\" decoding=\"async\" width=\"150\" height=\"150\" src=\"https:\/\/albert.radom.pl\/wp-content\/uploads\/2023\/09\/RPF24-09-150x150.jpg\" class=\"attachment-thumbnail size-thumbnail\" alt=\"\" srcset=\"https:\/\/albert.radom.pl\/wp-content\/uploads\/2023\/09\/RPF24-09-150x150.jpg 150w, https:\/\/albert.radom.pl\/wp-content\/uploads\/2023\/09\/RPF24-09-300x300.jpg 300w, https:\/\/albert.radom.pl\/wp-content\/uploads\/2023\/09\/RPF24-09-1024x1024.jpg 1024w, https:\/\/albert.radom.pl\/wp-content\/uploads\/2023\/09\/RPF24-09-768x768.jpg 768w, https:\/\/albert.radom.pl\/wp-content\/uploads\/2023\/09\/RPF24-09.jpg 1200w\" sizes=\"auto, (max-width: 150px) 100vw, 150px\" \/><\/a>\n\t\t\t<\/div><\/figure>\n\t\t<\/div>\n\n","protected":false},"excerpt":{"rendered":"<p>W I czwartek miesi\u0105ca dzi\u0119kujemy Panu Bogu za dar kap\u0142a\u0144stwa. Mszy \u015awi\u0119tej na rozpocz\u0119cie nowego&#8230;<\/p>\n","protected":false},"author":1,"featured_media":3448,"comment_status":"closed","ping_status":"closed","sticky":false,"template":"","format":"standard","meta":{"footnotes":""},"categories":[19,12,8],"tags":[],"class_list":["post-3456","post","type-post","status-publish","format-standard","has-post-thumbnail","hentry","category-aktualnosci","category-galeria","category-grupy-parafialne"],"featured_image_urls":{"full":["https:\/\/albert.radom.pl\/wp-content\/uploads\/2023\/09\/RPF24-02.jpg",1200,900,false],"thumbnail":["https:\/\/albert.radom.pl\/wp-content\/uploads\/2023\/09\/RPF24-02-150x150.jpg",150,150,true],"medium":["https:\/\/albert.radom.pl\/wp-content\/uploads\/2023\/09\/RPF24-02-300x225.jpg",300,225,true],"medium_large":["https:\/\/albert.radom.pl\/wp-content\/uploads\/2023\/09\/RPF24-02-768x576.jpg",640,480,true],"large":["https:\/\/albert.radom.pl\/wp-content\/uploads\/2023\/09\/RPF24-02-1024x768.jpg",640,480,true],"1536x1536":["https:\/\/albert.radom.pl\/wp-content\/uploads\/2023\/09\/RPF24-02.jpg",1200,900,false],"2048x2048":["https:\/\/albert.radom.pl\/wp-content\/uploads\/2023\/09\/RPF24-02.jpg",1200,900,false],"newsever-slider-full":["https:\/\/albert.radom.pl\/wp-content\/uploads\/2023\/09\/RPF24-02-1200x845.jpg",1200,845,true],"newsever-featured":["https:\/\/albert.radom.pl\/wp-content\/uploads\/2023\/09\/RPF24-02-1024x768.jpg",1024,768,true],"newsever-medium":["https:\/\/albert.radom.pl\/wp-content\/uploads\/2023\/09\/RPF24-02-720x475.jpg",720,475,true]},"author_info":{"display_name":"xdar","author_link":"https:\/\/albert.radom.pl\/?author=1"},"category_info":"<a href=\"https:\/\/albert.radom.pl\/?cat=19\" rel=\"category\">Aktualno\u015bci<\/a> <a href=\"https:\/\/albert.radom.pl\/?cat=12\" rel=\"category\">Galerie<\/a> <a href=\"https:\/\/albert.radom.pl\/?cat=8\" rel=\"category\">Grupy parafialne<\/a>","tag_info":"Grupy parafialne","comment_count":"0","_links":{"self":[{"href":"https:\/\/albert.radom.pl\/index.php?rest_route=\/wp\/v2\/posts\/3456","targetHints":{"allow":["GET"]}}],"collection":[{"href":"https:\/\/albert.radom.pl\/index.php?rest_route=\/wp\/v2\/posts"}],"about":[{"href":"https:\/\/albert.radom.pl\/index.php?rest_route=\/wp\/v2\/types\/post"}],"author":[{"embeddable":true,"href":"https:\/\/albert.radom.pl\/index.php?rest_route=\/wp\/v2\/users\/1"}],"replies":[{"embeddable":true,"href":"https:\/\/albert.radom.pl\/index.php?rest_route=%2Fwp%2Fv2%2Fcomments&post=3456"}],"version-history":[{"count":1,"href":"https:\/\/albert.radom.pl\/index.php?rest_route=\/wp\/v2\/posts\/3456\/revisions"}],"predecessor-version":[{"id":3457,"href":"https:\/\/albert.radom.pl\/index.php?rest_route=\/wp\/v2\/posts\/3456\/revisions\/3457"}],"wp:featuredmedia":[{"embeddable":true,"href":"https:\/\/albert.radom.pl\/index.php?rest_route=\/wp\/v2\/media\/3448"}],"wp:attachment":[{"href":"https:\/\/albert.radom.pl\/index.php?rest_route=%2Fwp%2Fv2%2Fmedia&parent=3456"}],"wp:term":[{"taxonomy":"category","embeddable":true,"href":"https:\/\/albert.radom.pl\/index.php?rest_route=%2Fwp%2Fv2%2Fcategories&post=3456"},{"taxonomy":"post_tag","embeddable":true,"href":"https:\/\/albert.radom.pl\/index.php?rest_route=%2Fwp%2Fv2%2Ftags&post=3456"}],"curies":[{"name":"wp","href":"https:\/\/api.w.org\/{rel}","templated":true}]}}