{"id":3458,"date":"2023-09-11T10:02:19","date_gmt":"2023-09-11T08:02:19","guid":{"rendered":"https:\/\/albert.radom.pl\/?p=3458"},"modified":"2023-09-11T10:02:19","modified_gmt":"2023-09-11T08:02:19","slug":"pielgrzymka-domowego-kosciola","status":"publish","type":"post","link":"https:\/\/albert.radom.pl\/?p=3458","title":{"rendered":"Pielgrzymka Domowego Ko\u015bcio\u0142a"},"content":{"rendered":"<p>Ma\u0142\u017ce\u0144stwa Domowego Ko\u015bcio\u0142a naszej parafii uczestniczy\u0142y w dn. 9-10 wrze\u015bnia na Jasnej G\u00f3rze w obchodach 50. ROCZNICY powstania DOMOWEGO KO\u015aCIO\u0141A.<\/p>\n<div id='gallery-1' class='gallery galleryid-3458 gallery-columns-3 gallery-size-thumbnail'><figure class='gallery-item'>\n\t\t\t<div class='gallery-icon landscape'>\n\t\t\t\t<a href='https:\/\/albert.radom.pl\/wp-content\/uploads\/2023\/09\/1000117951.jpg'><img loading=\"lazy\" decoding=\"async\" width=\"150\" height=\"150\" src=\"https:\/\/albert.radom.pl\/wp-content\/uploads\/2023\/09\/1000117951-150x150.jpg\" class=\"attachment-thumbnail size-thumbnail\" alt=\"\" \/><\/a>\n\t\t\t<\/div><\/figure><figure class='gallery-item'>\n\t\t\t<div class='gallery-icon landscape'>\n\t\t\t\t<a href='https:\/\/albert.radom.pl\/wp-content\/uploads\/2023\/09\/1000117953.jpg'><img loading=\"lazy\" decoding=\"async\" width=\"150\" height=\"150\" src=\"https:\/\/albert.radom.pl\/wp-content\/uploads\/2023\/09\/1000117953-150x150.jpg\" class=\"attachment-thumbnail size-thumbnail\" alt=\"\" \/><\/a>\n\t\t\t<\/div><\/figure><figure class='gallery-item'>\n\t\t\t<div class='gallery-icon landscape'>\n\t\t\t\t<a href='https:\/\/albert.radom.pl\/wp-content\/uploads\/2023\/09\/1000117923.jpg'><img loading=\"lazy\" decoding=\"async\" width=\"150\" height=\"150\" src=\"https:\/\/albert.radom.pl\/wp-content\/uploads\/2023\/09\/1000117923-150x150.jpg\" class=\"attachment-thumbnail size-thumbnail\" alt=\"\" \/><\/a>\n\t\t\t<\/div><\/figure><figure class='gallery-item'>\n\t\t\t<div class='gallery-icon landscape'>\n\t\t\t\t<a href='https:\/\/albert.radom.pl\/wp-content\/uploads\/2023\/09\/1000117922.jpg'><img loading=\"lazy\" decoding=\"async\" width=\"150\" height=\"150\" src=\"https:\/\/albert.radom.pl\/wp-content\/uploads\/2023\/09\/1000117922-150x150.jpg\" class=\"attachment-thumbnail size-thumbnail\" alt=\"\" \/><\/a>\n\t\t\t<\/div><\/figure><figure class='gallery-item'>\n\t\t\t<div class='gallery-icon landscape'>\n\t\t\t\t<a href='https:\/\/albert.radom.pl\/wp-content\/uploads\/2023\/09\/1000117921.jpg'><img loading=\"lazy\" decoding=\"async\" width=\"150\" height=\"150\" src=\"https:\/\/albert.radom.pl\/wp-content\/uploads\/2023\/09\/1000117921-150x150.jpg\" class=\"attachment-thumbnail size-thumbnail\" alt=\"\" \/><\/a>\n\t\t\t<\/div><\/figure><figure class='gallery-item'>\n\t\t\t<div class='gallery-icon landscape'>\n\t\t\t\t<a href='https:\/\/albert.radom.pl\/wp-content\/uploads\/2023\/09\/1000117920.jpg'><img loading=\"lazy\" decoding=\"async\" width=\"150\" height=\"150\" src=\"https:\/\/albert.radom.pl\/wp-content\/uploads\/2023\/09\/1000117920-150x150.jpg\" class=\"attachment-thumbnail size-thumbnail\" alt=\"\" \/><\/a>\n\t\t\t<\/div><\/figure>\n\t\t<\/div>\n\n","protected":false},"excerpt":{"rendered":"<p>Ma\u0142\u017ce\u0144stwa Domowego Ko\u015bcio\u0142a naszej parafii uczestniczy\u0142y w dn. 9-10 wrze\u015bnia na Jasnej G\u00f3rze w obchodach&#8230;<\/p>\n","protected":false},"author":1,"featured_media":3459,"comment_status":"closed","ping_status":"closed","sticky":false,"template":"","format":"standard","meta":{"footnotes":""},"categories":[19,42],"tags":[],"class_list":["post-3458","post","type-post","status-publish","format-standard","has-post-thumbnail","hentry","category-aktualnosci","category-domowy-kosciol"],"featured_image_urls":{"full":["https:\/\/albert.radom.pl\/wp-content\/uploads\/2023\/09\/1000117920.jpg",1200,805,false],"thumbnail":["https:\/\/albert.radom.pl\/wp-content\/uploads\/2023\/09\/1000117920-150x150.jpg",150,150,true],"medium":["https:\/\/albert.radom.pl\/wp-content\/uploads\/2023\/09\/1000117920-300x201.jpg",300,201,true],"medium_large":["https:\/\/albert.radom.pl\/wp-content\/uploads\/2023\/09\/1000117920-768x515.jpg",640,429,true],"large":["https:\/\/albert.radom.pl\/wp-content\/uploads\/2023\/09\/1000117920-1024x687.jpg",640,429,true],"1536x1536":["https:\/\/albert.radom.pl\/wp-content\/uploads\/2023\/09\/1000117920.jpg",1200,805,false],"2048x2048":["https:\/\/albert.radom.pl\/wp-content\/uploads\/2023\/09\/1000117920.jpg",1200,805,false],"newsever-slider-full":["https:\/\/albert.radom.pl\/wp-content\/uploads\/2023\/09\/1000117920.jpg",1200,805,false],"newsever-featured":["https:\/\/albert.radom.pl\/wp-content\/uploads\/2023\/09\/1000117920-1024x687.jpg",1024,687,true],"newsever-medium":["https:\/\/albert.radom.pl\/wp-content\/uploads\/2023\/09\/1000117920-720x475.jpg",720,475,true]},"author_info":{"display_name":"xdar","author_link":"https:\/\/albert.radom.pl\/?author=1"},"category_info":"<a href=\"https:\/\/albert.radom.pl\/?cat=19\" rel=\"category\">Aktualno\u015bci<\/a> <a href=\"https:\/\/albert.radom.pl\/?cat=42\" rel=\"category\">Domowy Ko\u015bci\u00f3\u0142<\/a>","tag_info":"Domowy Ko\u015bci\u00f3\u0142","comment_count":"0","_links":{"self":[{"href":"https:\/\/albert.radom.pl\/index.php?rest_route=\/wp\/v2\/posts\/3458","targetHints":{"allow":["GET"]}}],"collection":[{"href":"https:\/\/albert.radom.pl\/index.php?rest_route=\/wp\/v2\/posts"}],"about":[{"href":"https:\/\/albert.radom.pl\/index.php?rest_route=\/wp\/v2\/types\/post"}],"author":[{"embeddable":true,"href":"https:\/\/albert.radom.pl\/index.php?rest_route=\/wp\/v2\/users\/1"}],"replies":[{"embeddable":true,"href":"https:\/\/albert.radom.pl\/index.php?rest_route=%2Fwp%2Fv2%2Fcomments&post=3458"}],"version-history":[{"count":1,"href":"https:\/\/albert.radom.pl\/index.php?rest_route=\/wp\/v2\/posts\/3458\/revisions"}],"predecessor-version":[{"id":3465,"href":"https:\/\/albert.radom.pl\/index.php?rest_route=\/wp\/v2\/posts\/3458\/revisions\/3465"}],"wp:featuredmedia":[{"embeddable":true,"href":"https:\/\/albert.radom.pl\/index.php?rest_route=\/wp\/v2\/media\/3459"}],"wp:attachment":[{"href":"https:\/\/albert.radom.pl\/index.php?rest_route=%2Fwp%2Fv2%2Fmedia&parent=3458"}],"wp:term":[{"taxonomy":"category","embeddable":true,"href":"https:\/\/albert.radom.pl\/index.php?rest_route=%2Fwp%2Fv2%2Fcategories&post=3458"},{"taxonomy":"post_tag","embeddable":true,"href":"https:\/\/albert.radom.pl\/index.php?rest_route=%2Fwp%2Fv2%2Ftags&post=3458"}],"curies":[{"name":"wp","href":"https:\/\/api.w.org\/{rel}","templated":true}]}}