{"id":3477,"date":"2023-09-16T08:55:20","date_gmt":"2023-09-16T06:55:20","guid":{"rendered":"https:\/\/albert.radom.pl\/?p=3477"},"modified":"2023-09-25T10:43:52","modified_gmt":"2023-09-25T08:43:52","slug":"rada-rycerzy-kolumba-nr-17052-im-sw-brata-alberta-w-radomiu-zaprasza","status":"publish","type":"post","link":"https:\/\/albert.radom.pl\/?p=3477","title":{"rendered":"Rada Rycerzy Kolumba nr 17052 im. \u015aw. Brata Alberta w Radomiu zaprasza!"},"content":{"rendered":"<p style=\"text-align: left;\">Zapraszamy m\u0119\u017cczyzn, kt\u00f3rzy pragn\u0105 czynnie uczestniczy\u0107 w \u017cyciu Ko\u015bcio\u0142a Parafialnego.<\/p>\n<p style=\"text-align: left;\">Zakon Rycerzy Kolumba to katolicka organizacja charytatywna, kt\u00f3rej naczelnymi zasadami s\u0105: mi\u0142osierdzie, jedno\u015b\u0107 i braterstwo.<br \/>\nRYCERZAMI KOLUMBA mog\u0105 by\u0107 m\u0119\u017cczy\u017ani, kt\u00f3rzy:<br \/>\n\u2022 uko\u0144czyli 18 lat,<br \/>\n\u2022 s\u0105 praktykuj\u0105cymi katolikami pozostaj\u0105cymi w duchowej \u0142\u0105czno\u015bci ze Stolic\u0105 Apostolsk\u0105.<br \/>\n\u2022 akceptuj\u0105 Urz\u0105d Nauczycielski Ko\u015bcio\u0142a Katolickiego w sprawach wiary i moralno\u015bci,<br \/>\n\u2022 d\u0105\u017c\u0105 do \u017cycia zgodnego z przykazaniami Ko\u015bcio\u0142a Katolickiego,<br \/>\n\u2022 mog\u0105 przyst\u0119powa\u0107 do Sakrament\u00f3w \u015awi\u0119tych.<br \/>\nZapisy u ks. Proboszcza, ks. Kamila, Wielkiego Rycerza<\/p>\n<p style=\"text-align: right;\">Vivat Jezus<br \/>\nWielki Rycerz Darek<\/p>\n","protected":false},"excerpt":{"rendered":"<p>Zapraszamy m\u0119\u017cczyzn, kt\u00f3rzy pragn\u0105 czynnie uczestniczy\u0107 w \u017cyciu Ko\u015bcio\u0142a Parafialnego. Zakon Rycerzy Kolumba to katolicka&#8230;<\/p>\n","protected":false},"author":1,"featured_media":3478,"comment_status":"closed","ping_status":"closed","sticky":false,"template":"","format":"standard","meta":{"footnotes":""},"categories":[19,34],"tags":[],"class_list":["post-3477","post","type-post","status-publish","format-standard","has-post-thumbnail","hentry","category-aktualnosci","category-rycerze-kolumba"],"featured_image_urls":{"full":["https:\/\/albert.radom.pl\/wp-content\/uploads\/2023\/09\/backgrounds2@2x.jpg",1184,628,false],"thumbnail":["https:\/\/albert.radom.pl\/wp-content\/uploads\/2023\/09\/backgrounds2@2x-150x150.jpg",150,150,true],"medium":["https:\/\/albert.radom.pl\/wp-content\/uploads\/2023\/09\/backgrounds2@2x-300x159.jpg",300,159,true],"medium_large":["https:\/\/albert.radom.pl\/wp-content\/uploads\/2023\/09\/backgrounds2@2x-768x407.jpg",640,339,true],"large":["https:\/\/albert.radom.pl\/wp-content\/uploads\/2023\/09\/backgrounds2@2x-1024x543.jpg",640,339,true],"1536x1536":["https:\/\/albert.radom.pl\/wp-content\/uploads\/2023\/09\/backgrounds2@2x.jpg",1184,628,false],"2048x2048":["https:\/\/albert.radom.pl\/wp-content\/uploads\/2023\/09\/backgrounds2@2x.jpg",1184,628,false],"newsever-slider-full":["https:\/\/albert.radom.pl\/wp-content\/uploads\/2023\/09\/backgrounds2@2x.jpg",1184,628,false],"newsever-featured":["https:\/\/albert.radom.pl\/wp-content\/uploads\/2023\/09\/backgrounds2@2x-1024x543.jpg",1024,543,true],"newsever-medium":["https:\/\/albert.radom.pl\/wp-content\/uploads\/2023\/09\/backgrounds2@2x-720x475.jpg",720,475,true]},"author_info":{"display_name":"xdar","author_link":"https:\/\/albert.radom.pl\/?author=1"},"category_info":"<a href=\"https:\/\/albert.radom.pl\/?cat=19\" rel=\"category\">Aktualno\u015bci<\/a> <a href=\"https:\/\/albert.radom.pl\/?cat=34\" rel=\"category\">Rycerze Kolumba<\/a>","tag_info":"Rycerze Kolumba","comment_count":"0","_links":{"self":[{"href":"https:\/\/albert.radom.pl\/index.php?rest_route=\/wp\/v2\/posts\/3477","targetHints":{"allow":["GET"]}}],"collection":[{"href":"https:\/\/albert.radom.pl\/index.php?rest_route=\/wp\/v2\/posts"}],"about":[{"href":"https:\/\/albert.radom.pl\/index.php?rest_route=\/wp\/v2\/types\/post"}],"author":[{"embeddable":true,"href":"https:\/\/albert.radom.pl\/index.php?rest_route=\/wp\/v2\/users\/1"}],"replies":[{"embeddable":true,"href":"https:\/\/albert.radom.pl\/index.php?rest_route=%2Fwp%2Fv2%2Fcomments&post=3477"}],"version-history":[{"count":1,"href":"https:\/\/albert.radom.pl\/index.php?rest_route=\/wp\/v2\/posts\/3477\/revisions"}],"predecessor-version":[{"id":3479,"href":"https:\/\/albert.radom.pl\/index.php?rest_route=\/wp\/v2\/posts\/3477\/revisions\/3479"}],"wp:featuredmedia":[{"embeddable":true,"href":"https:\/\/albert.radom.pl\/index.php?rest_route=\/wp\/v2\/media\/3478"}],"wp:attachment":[{"href":"https:\/\/albert.radom.pl\/index.php?rest_route=%2Fwp%2Fv2%2Fmedia&parent=3477"}],"wp:term":[{"taxonomy":"category","embeddable":true,"href":"https:\/\/albert.radom.pl\/index.php?rest_route=%2Fwp%2Fv2%2Fcategories&post=3477"},{"taxonomy":"post_tag","embeddable":true,"href":"https:\/\/albert.radom.pl\/index.php?rest_route=%2Fwp%2Fv2%2Ftags&post=3477"}],"curies":[{"name":"wp","href":"https:\/\/api.w.org\/{rel}","templated":true}]}}