{"id":3480,"date":"2023-09-16T09:24:39","date_gmt":"2023-09-16T07:24:39","guid":{"rendered":"https:\/\/albert.radom.pl\/?p=3480"},"modified":"2023-10-22T14:49:35","modified_gmt":"2023-10-22T12:49:35","slug":"3480","status":"publish","type":"post","link":"https:\/\/albert.radom.pl\/?p=3480","title":{"rendered":"&#8222;A OTO CZ\u0141OWIEK&#8221;, Spektakl o \u015bw. Bracie Albercie ponownie zago\u015bci w naszym ko\u015bciele."},"content":{"rendered":"<p><strong>Serdecznie zapraszamy na powt\u00f3rk\u0119 spektaklu teatralnego &#8222;A oto cz\u0142owiek&#8221; 1 pa\u017adziernika o godz. 19.<\/strong><br \/>\n<!--more--><\/p>\n<p>Po premierze, kt\u00f3ra mia\u0142a miejsce podczas obchod\u00f3w Jubileuszu parafii ,nap\u0142yn\u0119\u0142o do nas od Pa\u0144stwa wiele ciep\u0142ych s\u0142\u00f3w i pozytywnych opinii, a tak\u017ce pr\u00f3\u015bb o mo\u017cliwo\u015b\u0107 ponownego pokazu jesieni\u0105. Wychodzimy naprzeciw Pa\u0144stwa pro\u015bbom i zapraszamy do w\u0119dr\u00f3wki przez niezwyk\u0142e \u017cycie \u015bw. Brata Alberta.<\/p>\n<p style=\"text-align: center;\"><img loading=\"lazy\" decoding=\"async\" class=\"aligncenter size-large wp-image-2943\" src=\"https:\/\/albert.radom.pl\/wp-content\/uploads\/2023\/06\/347261712_572055781765626_9200618449769045550_n-1024x683.jpg\" alt=\"\" width=\"640\" height=\"427\" srcset=\"https:\/\/albert.radom.pl\/wp-content\/uploads\/2023\/06\/347261712_572055781765626_9200618449769045550_n-1024x683.jpg 1024w, https:\/\/albert.radom.pl\/wp-content\/uploads\/2023\/06\/347261712_572055781765626_9200618449769045550_n-300x200.jpg 300w, https:\/\/albert.radom.pl\/wp-content\/uploads\/2023\/06\/347261712_572055781765626_9200618449769045550_n-768x512.jpg 768w, https:\/\/albert.radom.pl\/wp-content\/uploads\/2023\/06\/347261712_572055781765626_9200618449769045550_n-1536x1025.jpg 1536w, https:\/\/albert.radom.pl\/wp-content\/uploads\/2023\/06\/347261712_572055781765626_9200618449769045550_n.jpg 2048w\" sizes=\"auto, (max-width: 640px) 100vw, 640px\" \/><\/p>\n<p><strong>\u201eA oto cz\u0142owiek\u201d to teatralna opowie\u015b\u0107 o \u017cyciu i dziele \u015awi\u0119tego Brata Alberta, patrona naszej parafii.<\/strong> <span id=\"more-2870\"><\/span>Jest \u00a0 autorskim spektaklem przygotowanym specjalnie z okazji Jubileuszu 40-lecia naszej parafii. Sztuka teatralna zosta\u0142a w ca\u0142o\u015bci przygotowana przez wsp\u00f3lnot\u0119 parafialn\u0105. Scenariusz napisa\u0142a p. Kamila \u015alusarczyk z Domowego Ko\u015bcio\u0142a, a wyre\u017cyserowa\u0142 go ks. Dariusz Frydrych. W spektakl zosta\u0142o zaanga\u017cowanych ponad 30 os\u00f3b: parafianie wcielili si\u0119 w role postaci (aktorzy ze wszystkich grup wiekowych), jak r\u00f3wnie\u017c w ca\u0142o\u015bci przygotowali scenografi\u0119.<\/p>\n<p>W imieniu tw\u00f3rc\u00f3w, aktor\u00f3w i wszystkich zaanga\u017cowanych os\u00f3b zapraszamy na spektakl w niedziel\u0119<strong> 1 pa\u017adziernika\u00a0o godz. 19 w ko\u015bciele \u015awi\u0119tego Brata Alberta.<\/strong><\/p>\n<p style=\"text-align: center;\"><img loading=\"lazy\" decoding=\"async\" class=\"aligncenter size-full wp-image-3485\" src=\"https:\/\/albert.radom.pl\/wp-content\/uploads\/2023\/09\/OTO-CZLOWIEK-PLAKAT-1-10-2023.jpg\" alt=\"\" width=\"368\" height=\"515\" srcset=\"https:\/\/albert.radom.pl\/wp-content\/uploads\/2023\/09\/OTO-CZLOWIEK-PLAKAT-1-10-2023.jpg 368w, https:\/\/albert.radom.pl\/wp-content\/uploads\/2023\/09\/OTO-CZLOWIEK-PLAKAT-1-10-2023-214x300.jpg 214w\" sizes=\"auto, (max-width: 368px) 100vw, 368px\" \/><\/p>\n","protected":false},"excerpt":{"rendered":"<p>Serdecznie zapraszamy na powt\u00f3rk\u0119 spektaklu teatralnego &#8222;A oto cz\u0142owiek&#8221; 1 pa\u017adziernika o godz. 19.<\/p>\n","protected":false},"author":1,"featured_media":2958,"comment_status":"closed","ping_status":"closed","sticky":false,"template":"","format":"standard","meta":{"footnotes":""},"categories":[19,14,37],"tags":[],"class_list":["post-3480","post","type-post","status-publish","format-standard","has-post-thumbnail","hentry","category-aktualnosci","category-polecamy","category-teatr"],"featured_image_urls":{"full":["https:\/\/albert.radom.pl\/wp-content\/uploads\/2023\/06\/347414919_572055561765648_2560873069563426268_n.jpg",2048,1366,false],"thumbnail":["https:\/\/albert.radom.pl\/wp-content\/uploads\/2023\/06\/347414919_572055561765648_2560873069563426268_n-150x150.jpg",150,150,true],"medium":["https:\/\/albert.radom.pl\/wp-content\/uploads\/2023\/06\/347414919_572055561765648_2560873069563426268_n-300x200.jpg",300,200,true],"medium_large":["https:\/\/albert.radom.pl\/wp-content\/uploads\/2023\/06\/347414919_572055561765648_2560873069563426268_n-768x512.jpg",640,427,true],"large":["https:\/\/albert.radom.pl\/wp-content\/uploads\/2023\/06\/347414919_572055561765648_2560873069563426268_n-1024x683.jpg",640,427,true],"1536x1536":["https:\/\/albert.radom.pl\/wp-content\/uploads\/2023\/06\/347414919_572055561765648_2560873069563426268_n-1536x1025.jpg",1536,1025,true],"2048x2048":["https:\/\/albert.radom.pl\/wp-content\/uploads\/2023\/06\/347414919_572055561765648_2560873069563426268_n.jpg",2048,1366,false],"newsever-slider-full":["https:\/\/albert.radom.pl\/wp-content\/uploads\/2023\/06\/347414919_572055561765648_2560873069563426268_n-1280x845.jpg",1280,845,true],"newsever-featured":["https:\/\/albert.radom.pl\/wp-content\/uploads\/2023\/06\/347414919_572055561765648_2560873069563426268_n-1024x683.jpg",1024,683,true],"newsever-medium":["https:\/\/albert.radom.pl\/wp-content\/uploads\/2023\/06\/347414919_572055561765648_2560873069563426268_n-720x475.jpg",720,475,true]},"author_info":{"display_name":"xdar","author_link":"https:\/\/albert.radom.pl\/?author=1"},"category_info":"<a href=\"https:\/\/albert.radom.pl\/?cat=19\" rel=\"category\">Aktualno\u015bci<\/a> <a href=\"https:\/\/albert.radom.pl\/?cat=14\" rel=\"category\">Polecamy<\/a> <a href=\"https:\/\/albert.radom.pl\/?cat=37\" rel=\"category\">Teatr<\/a>","tag_info":"Teatr","comment_count":"0","_links":{"self":[{"href":"https:\/\/albert.radom.pl\/index.php?rest_route=\/wp\/v2\/posts\/3480","targetHints":{"allow":["GET"]}}],"collection":[{"href":"https:\/\/albert.radom.pl\/index.php?rest_route=\/wp\/v2\/posts"}],"about":[{"href":"https:\/\/albert.radom.pl\/index.php?rest_route=\/wp\/v2\/types\/post"}],"author":[{"embeddable":true,"href":"https:\/\/albert.radom.pl\/index.php?rest_route=\/wp\/v2\/users\/1"}],"replies":[{"embeddable":true,"href":"https:\/\/albert.radom.pl\/index.php?rest_route=%2Fwp%2Fv2%2Fcomments&post=3480"}],"version-history":[{"count":6,"href":"https:\/\/albert.radom.pl\/index.php?rest_route=\/wp\/v2\/posts\/3480\/revisions"}],"predecessor-version":[{"id":3487,"href":"https:\/\/albert.radom.pl\/index.php?rest_route=\/wp\/v2\/posts\/3480\/revisions\/3487"}],"wp:featuredmedia":[{"embeddable":true,"href":"https:\/\/albert.radom.pl\/index.php?rest_route=\/wp\/v2\/media\/2958"}],"wp:attachment":[{"href":"https:\/\/albert.radom.pl\/index.php?rest_route=%2Fwp%2Fv2%2Fmedia&parent=3480"}],"wp:term":[{"taxonomy":"category","embeddable":true,"href":"https:\/\/albert.radom.pl\/index.php?rest_route=%2Fwp%2Fv2%2Fcategories&post=3480"},{"taxonomy":"post_tag","embeddable":true,"href":"https:\/\/albert.radom.pl\/index.php?rest_route=%2Fwp%2Fv2%2Ftags&post=3480"}],"curies":[{"name":"wp","href":"https:\/\/api.w.org\/{rel}","templated":true}]}}