{"id":3508,"date":"2023-09-25T10:41:40","date_gmt":"2023-09-25T08:41:40","guid":{"rendered":"https:\/\/albert.radom.pl\/?p=3508"},"modified":"2023-10-02T10:32:53","modified_gmt":"2023-10-02T08:32:53","slug":"jubileusz-30-lecia-domowego-kosciola-zapraszamy","status":"publish","type":"post","link":"https:\/\/albert.radom.pl\/?p=3508","title":{"rendered":"Jubileusz 30-lecia Domowego Ko\u015bcio\u0142a. Zapraszamy!"},"content":{"rendered":"<p>W roku w kt\u00f3rym obchodzimy Jubileusz 40 lat istnienia naszej parafii, przypada r\u00f3wnie\u017c<strong> Jubileusz 30 lat <\/strong>istnienia, funkcjonowania w naszej parafii wsp\u00f3lnoty <strong>Domowego Ko\u015bcio\u0142a \u2013 Oazy Rodzin<\/strong>.<!--more--><\/p>\n<p>Pragniemy wyrazi\u0107 wdzi\u0119czno\u015b\u0107 Panu Bogu za te 30 lat i prosi\u0107 o potrzebne \u0142aski i dalszy rozw\u00f3j tej wsp\u00f3lnoty. Zapraszamy na Msz\u0119 \u015bw. dzi\u0119kczynn\u0105 w sobot\u0119 <strong>30 wrze\u015bnia 2023 o godz. 12.00<\/strong>.<\/p>\n<p>Zapraszamy wszystkich kt\u00f3rzy na przestrzeni tych lat tworzyli i nale\u017celi do tej wsp\u00f3lnoty, zapraszamy wszystkich kt\u00f3rzy by chcieli do niej do\u0142\u0105czy\u0107 do Domowego Ko\u015bcio\u0142a. Zapraszamy te\u017c wszystkich kt\u00f3rzy pragn\u0105 z nami za te 30 lat dzi\u0119kowa\u0107 Panu Bogu. Na Msz\u0119 dzi\u0119kczynn\u0105 s\u0105 zaproszeni kap\u0142ani, kt\u00f3rzy na przestrzeni tych lat towarzyszyli naszym wsp\u00f3lnotom.<br \/>\nA niedziel\u0119 01.10.2024 o godz. 19.00 na zako\u0144czenie obchod\u00f3w zapraszamy na <a href=\"https:\/\/albert.radom.pl\/?p=3480\">spektakl teatralny \u201eA oto cz\u0142owiek\u201d o \u015aw. Bracie Alberci<\/a>e.<\/p>\n","protected":false},"excerpt":{"rendered":"<p>W roku w kt\u00f3rym obchodzimy Jubileusz 40 lat istnienia naszej parafii, przypada r\u00f3wnie\u017c Jubileusz 30&#8230;<\/p>\n","protected":false},"author":1,"featured_media":3509,"comment_status":"closed","ping_status":"closed","sticky":false,"template":"","format":"standard","meta":{"footnotes":""},"categories":[19,42],"tags":[],"class_list":["post-3508","post","type-post","status-publish","format-standard","has-post-thumbnail","hentry","category-aktualnosci","category-domowy-kosciol"],"featured_image_urls":{"full":["https:\/\/albert.radom.pl\/wp-content\/uploads\/2023\/09\/dk.jpg",694,283,false],"thumbnail":["https:\/\/albert.radom.pl\/wp-content\/uploads\/2023\/09\/dk-150x150.jpg",150,150,true],"medium":["https:\/\/albert.radom.pl\/wp-content\/uploads\/2023\/09\/dk-300x122.jpg",300,122,true],"medium_large":["https:\/\/albert.radom.pl\/wp-content\/uploads\/2023\/09\/dk.jpg",640,261,false],"large":["https:\/\/albert.radom.pl\/wp-content\/uploads\/2023\/09\/dk.jpg",640,261,false],"1536x1536":["https:\/\/albert.radom.pl\/wp-content\/uploads\/2023\/09\/dk.jpg",694,283,false],"2048x2048":["https:\/\/albert.radom.pl\/wp-content\/uploads\/2023\/09\/dk.jpg",694,283,false],"newsever-slider-full":["https:\/\/albert.radom.pl\/wp-content\/uploads\/2023\/09\/dk.jpg",694,283,false],"newsever-featured":["https:\/\/albert.radom.pl\/wp-content\/uploads\/2023\/09\/dk.jpg",694,283,false],"newsever-medium":["https:\/\/albert.radom.pl\/wp-content\/uploads\/2023\/09\/dk.jpg",694,283,false]},"author_info":{"display_name":"xdar","author_link":"https:\/\/albert.radom.pl\/?author=1"},"category_info":"<a href=\"https:\/\/albert.radom.pl\/?cat=19\" rel=\"category\">Aktualno\u015bci<\/a> <a href=\"https:\/\/albert.radom.pl\/?cat=42\" rel=\"category\">Domowy Ko\u015bci\u00f3\u0142<\/a>","tag_info":"Domowy Ko\u015bci\u00f3\u0142","comment_count":"0","_links":{"self":[{"href":"https:\/\/albert.radom.pl\/index.php?rest_route=\/wp\/v2\/posts\/3508","targetHints":{"allow":["GET"]}}],"collection":[{"href":"https:\/\/albert.radom.pl\/index.php?rest_route=\/wp\/v2\/posts"}],"about":[{"href":"https:\/\/albert.radom.pl\/index.php?rest_route=\/wp\/v2\/types\/post"}],"author":[{"embeddable":true,"href":"https:\/\/albert.radom.pl\/index.php?rest_route=\/wp\/v2\/users\/1"}],"replies":[{"embeddable":true,"href":"https:\/\/albert.radom.pl\/index.php?rest_route=%2Fwp%2Fv2%2Fcomments&post=3508"}],"version-history":[{"count":1,"href":"https:\/\/albert.radom.pl\/index.php?rest_route=\/wp\/v2\/posts\/3508\/revisions"}],"predecessor-version":[{"id":3510,"href":"https:\/\/albert.radom.pl\/index.php?rest_route=\/wp\/v2\/posts\/3508\/revisions\/3510"}],"wp:featuredmedia":[{"embeddable":true,"href":"https:\/\/albert.radom.pl\/index.php?rest_route=\/wp\/v2\/media\/3509"}],"wp:attachment":[{"href":"https:\/\/albert.radom.pl\/index.php?rest_route=%2Fwp%2Fv2%2Fmedia&parent=3508"}],"wp:term":[{"taxonomy":"category","embeddable":true,"href":"https:\/\/albert.radom.pl\/index.php?rest_route=%2Fwp%2Fv2%2Fcategories&post=3508"},{"taxonomy":"post_tag","embeddable":true,"href":"https:\/\/albert.radom.pl\/index.php?rest_route=%2Fwp%2Fv2%2Ftags&post=3508"}],"curies":[{"name":"wp","href":"https:\/\/api.w.org\/{rel}","templated":true}]}}