{"id":356,"date":"2022-09-18T21:01:13","date_gmt":"2022-09-18T19:01:13","guid":{"rendered":"https:\/\/albert.radom.pl\/?p=356"},"modified":"2022-09-18T21:40:22","modified_gmt":"2022-09-18T19:40:22","slug":"spotkanie-pielgrzymkowe","status":"publish","type":"post","link":"https:\/\/albert.radom.pl\/?p=356","title":{"rendered":"Spotkanie pielgrzymkowe"},"content":{"rendered":"<p>W niedzielny wiecz\u00f3r odby\u0142o si\u0119 spotkanie popielgrzymkowe naszej parafialnej Grupy 22. <!--more-->Najpierw pielgrzymi uczestniczyli w Eucharystii, podczas kt\u00f3rej ks. Karol w homilii ukaza\u0142, jak w rozwoju wiary potrzebna jest wytrwa\u0142o\u015b\u0107 w ma\u0142ych krokach. Nast\u0119pnie na sali konferencyjnej pielgrzymi mieli okazj\u0119 spotka\u0107 si\u0119 i powspomina\u0107 czas pielgrzymkowy.<\/p>\n<p>Zapraszamy serdecznie wszystkich pielgrzym\u00f3w, tak\u017ce pielgrzym\u00f3w duchowych oraz sympatyk\u00f3w na <strong>comiesi\u0119czne Msze \u015bw. &#8222;pielgrzymkowe&#8221; i spotkania formacyjne w ka\u017cd\u0105 3. niedziel\u0119 miesi\u0105ca o godz. 18<\/strong>.<\/p>\n<div id='gallery-1' class='gallery galleryid-356 gallery-columns-3 gallery-size-medium'><figure class='gallery-item'>\n\t\t\t<div class='gallery-icon landscape'>\n\t\t\t\t<a href='https:\/\/albert.radom.pl\/wp-content\/uploads\/2022\/09\/IMG_2708.jpg'><img loading=\"lazy\" decoding=\"async\" width=\"300\" height=\"225\" src=\"https:\/\/albert.radom.pl\/wp-content\/uploads\/2022\/09\/IMG_2708-300x225.jpg\" class=\"attachment-medium size-medium\" alt=\"\" srcset=\"https:\/\/albert.radom.pl\/wp-content\/uploads\/2022\/09\/IMG_2708-300x225.jpg 300w, https:\/\/albert.radom.pl\/wp-content\/uploads\/2022\/09\/IMG_2708-768x576.jpg 768w, https:\/\/albert.radom.pl\/wp-content\/uploads\/2022\/09\/IMG_2708.jpg 1000w\" sizes=\"auto, (max-width: 300px) 100vw, 300px\" \/><\/a>\n\t\t\t<\/div><\/figure><figure class='gallery-item'>\n\t\t\t<div class='gallery-icon landscape'>\n\t\t\t\t<a href='https:\/\/albert.radom.pl\/wp-content\/uploads\/2022\/09\/IMG_2709.jpg'><img loading=\"lazy\" decoding=\"async\" width=\"300\" height=\"225\" src=\"https:\/\/albert.radom.pl\/wp-content\/uploads\/2022\/09\/IMG_2709-300x225.jpg\" class=\"attachment-medium size-medium\" alt=\"\" srcset=\"https:\/\/albert.radom.pl\/wp-content\/uploads\/2022\/09\/IMG_2709-300x225.jpg 300w, https:\/\/albert.radom.pl\/wp-content\/uploads\/2022\/09\/IMG_2709-768x576.jpg 768w, https:\/\/albert.radom.pl\/wp-content\/uploads\/2022\/09\/IMG_2709.jpg 1000w\" sizes=\"auto, (max-width: 300px) 100vw, 300px\" \/><\/a>\n\t\t\t<\/div><\/figure>\n\t\t<\/div>\n\n","protected":false},"excerpt":{"rendered":"<p>W niedzielny wiecz\u00f3r odby\u0142o si\u0119 spotkanie popielgrzymkowe naszej parafialnej Grupy 22.<\/p>\n","protected":false},"author":1,"featured_media":329,"comment_status":"closed","ping_status":"closed","sticky":false,"template":"","format":"standard","meta":{"footnotes":""},"categories":[19,54],"tags":[],"class_list":["post-356","post","type-post","status-publish","format-standard","has-post-thumbnail","hentry","category-aktualnosci","category-grupa-pielgrzymkowa-nr-22"],"featured_image_urls":{"full":["https:\/\/albert.radom.pl\/wp-content\/uploads\/2022\/09\/a1.jpg",526,701,false],"thumbnail":["https:\/\/albert.radom.pl\/wp-content\/uploads\/2022\/09\/a1-150x150.jpg",150,150,true],"medium":["https:\/\/albert.radom.pl\/wp-content\/uploads\/2022\/09\/a1-225x300.jpg",225,300,true],"medium_large":["https:\/\/albert.radom.pl\/wp-content\/uploads\/2022\/09\/a1.jpg",526,701,false],"large":["https:\/\/albert.radom.pl\/wp-content\/uploads\/2022\/09\/a1.jpg",526,701,false],"1536x1536":["https:\/\/albert.radom.pl\/wp-content\/uploads\/2022\/09\/a1.jpg",526,701,false],"2048x2048":["https:\/\/albert.radom.pl\/wp-content\/uploads\/2022\/09\/a1.jpg",526,701,false],"newsever-slider-full":["https:\/\/albert.radom.pl\/wp-content\/uploads\/2022\/09\/a1.jpg",526,701,false],"newsever-featured":["https:\/\/albert.radom.pl\/wp-content\/uploads\/2022\/09\/a1.jpg",526,701,false],"newsever-medium":["https:\/\/albert.radom.pl\/wp-content\/uploads\/2022\/09\/a1-526x475.jpg",526,475,true]},"author_info":{"display_name":"xdar","author_link":"https:\/\/albert.radom.pl\/?author=1"},"category_info":"<a href=\"https:\/\/albert.radom.pl\/?cat=19\" rel=\"category\">Aktualno\u015bci<\/a> <a href=\"https:\/\/albert.radom.pl\/?cat=54\" rel=\"category\">Grupa pielgrzymkowa nr 22<\/a>","tag_info":"Grupa pielgrzymkowa nr 22","comment_count":"0","_links":{"self":[{"href":"https:\/\/albert.radom.pl\/index.php?rest_route=\/wp\/v2\/posts\/356","targetHints":{"allow":["GET"]}}],"collection":[{"href":"https:\/\/albert.radom.pl\/index.php?rest_route=\/wp\/v2\/posts"}],"about":[{"href":"https:\/\/albert.radom.pl\/index.php?rest_route=\/wp\/v2\/types\/post"}],"author":[{"embeddable":true,"href":"https:\/\/albert.radom.pl\/index.php?rest_route=\/wp\/v2\/users\/1"}],"replies":[{"embeddable":true,"href":"https:\/\/albert.radom.pl\/index.php?rest_route=%2Fwp%2Fv2%2Fcomments&post=356"}],"version-history":[{"count":4,"href":"https:\/\/albert.radom.pl\/index.php?rest_route=\/wp\/v2\/posts\/356\/revisions"}],"predecessor-version":[{"id":388,"href":"https:\/\/albert.radom.pl\/index.php?rest_route=\/wp\/v2\/posts\/356\/revisions\/388"}],"wp:featuredmedia":[{"embeddable":true,"href":"https:\/\/albert.radom.pl\/index.php?rest_route=\/wp\/v2\/media\/329"}],"wp:attachment":[{"href":"https:\/\/albert.radom.pl\/index.php?rest_route=%2Fwp%2Fv2%2Fmedia&parent=356"}],"wp:term":[{"taxonomy":"category","embeddable":true,"href":"https:\/\/albert.radom.pl\/index.php?rest_route=%2Fwp%2Fv2%2Fcategories&post=356"},{"taxonomy":"post_tag","embeddable":true,"href":"https:\/\/albert.radom.pl\/index.php?rest_route=%2Fwp%2Fv2%2Ftags&post=356"}],"curies":[{"name":"wp","href":"https:\/\/api.w.org\/{rel}","templated":true}]}}