{"id":3584,"date":"2023-10-02T10:32:13","date_gmt":"2023-10-02T08:32:13","guid":{"rendered":"https:\/\/albert.radom.pl\/?p=3584"},"modified":"2023-10-28T10:51:28","modified_gmt":"2023-10-28T08:51:28","slug":"zapraszamy-na-rozaniec","status":"publish","type":"post","link":"https:\/\/albert.radom.pl\/?p=3584","title":{"rendered":"Zapraszamy na R\u00f3\u017caniec!"},"content":{"rendered":"<p>Serdecznie zapraszamy wszystkich parafianna <strong>nabo\u017ce\u0144stwa r\u00f3\u017ca\u0144cowe<\/strong>: starszych, doros\u0142ych, m\u0142odzie\u017c, zw\u0142aszcza kandydat\u00f3w do sakramentu bierzmowania i dzieci szkolne, zw\u0142aszcza dzieci przygotowuj\u0105ce si\u0119 do I Komunii. W spos\u00f3b szczeg\u00f3lny do udzia\u0142u w tym nabo\u017ce\u0144stwie zapraszamy R\u00f3\u017ce R\u00f3\u017ca\u0144cowe i grupy modlitewne.<!--more--><\/p>\n<p>Nabo\u017ce\u0144stwa w naszym ko\u015bciele celebrujemy <strong>codziennie o godz. 17.15<\/strong>.<\/p>\n<p>Niech zach\u0119t\u0105 dla nas b\u0119dzie pro\u015bba Pani Fatimskiej o codzienn\u0105 modlitw\u0119 r\u00f3\u017ca\u0144cow\u0105 oraz s\u0142owa \u015bw. Siostry \u0141ucji z Fatimy: \u201e\u017ce nie ma problemu w \u017cyciu, kt\u00f3rego by nie mo\u017cna rozwi\u0105za\u0107 przy pomocy tej prostej modlitwy jak\u0105 jest r\u00f3\u017caniec&#8221;.<\/p>\n<p>Pomoc\u0105 dla dzieci b\u0119d\u0105 sk\u0142adanki r\u00f3\u017ca\u0144cowe. Naklejki b\u0119d\u0105 rozdawane po ka\u017cdym nabo\u017ce\u0144stwie.<\/p>\n<p>ZAPRASZAMY!<\/p>\n<blockquote>\n<p style=\"text-align: center;\">Matk\u0119 Naj\u015bwi\u0119tsz\u0105 obieram za opiekunk\u0119 w moich trudno\u015bciach. Chc\u0119 J\u0105 czci\u0107 osobnym nabo\u017ce\u0144stwem przez ca\u0142y ci\u0105g \u017cycia i ca\u0142\u0105 wieczno\u015b\u0107.<\/p>\n<\/blockquote>\n<p style=\"text-align: right;\">\u015aw. Brata Albert<\/p>\n<p style=\"text-align: center;\"><img loading=\"lazy\" decoding=\"async\" class=\"aligncenter size-large wp-image-3581\" src=\"https:\/\/albert.radom.pl\/wp-content\/uploads\/2023\/10\/ROZ23-14-1024x768.jpg\" alt=\"\" width=\"640\" height=\"480\" srcset=\"https:\/\/albert.radom.pl\/wp-content\/uploads\/2023\/10\/ROZ23-14-1024x768.jpg 1024w, https:\/\/albert.radom.pl\/wp-content\/uploads\/2023\/10\/ROZ23-14-300x225.jpg 300w, https:\/\/albert.radom.pl\/wp-content\/uploads\/2023\/10\/ROZ23-14-768x576.jpg 768w, https:\/\/albert.radom.pl\/wp-content\/uploads\/2023\/10\/ROZ23-14.jpg 1200w\" sizes=\"auto, (max-width: 640px) 100vw, 640px\" \/><\/p>\n","protected":false},"excerpt":{"rendered":"<p>Serdecznie zapraszamy wszystkich parafianna nabo\u017ce\u0144stwa r\u00f3\u017ca\u0144cowe: starszych, doros\u0142ych, m\u0142odzie\u017c, zw\u0142aszcza kandydat\u00f3w do sakramentu bierzmowania i&#8230;<\/p>\n","protected":false},"author":1,"featured_media":3581,"comment_status":"closed","ping_status":"closed","sticky":false,"template":"","format":"standard","meta":{"footnotes":""},"categories":[19],"tags":[],"class_list":["post-3584","post","type-post","status-publish","format-standard","has-post-thumbnail","hentry","category-aktualnosci"],"featured_image_urls":{"full":["https:\/\/albert.radom.pl\/wp-content\/uploads\/2023\/10\/ROZ23-14.jpg",1200,900,false],"thumbnail":["https:\/\/albert.radom.pl\/wp-content\/uploads\/2023\/10\/ROZ23-14-150x150.jpg",150,150,true],"medium":["https:\/\/albert.radom.pl\/wp-content\/uploads\/2023\/10\/ROZ23-14-300x225.jpg",300,225,true],"medium_large":["https:\/\/albert.radom.pl\/wp-content\/uploads\/2023\/10\/ROZ23-14-768x576.jpg",640,480,true],"large":["https:\/\/albert.radom.pl\/wp-content\/uploads\/2023\/10\/ROZ23-14-1024x768.jpg",640,480,true],"1536x1536":["https:\/\/albert.radom.pl\/wp-content\/uploads\/2023\/10\/ROZ23-14.jpg",1200,900,false],"2048x2048":["https:\/\/albert.radom.pl\/wp-content\/uploads\/2023\/10\/ROZ23-14.jpg",1200,900,false],"newsever-slider-full":["https:\/\/albert.radom.pl\/wp-content\/uploads\/2023\/10\/ROZ23-14-1200x845.jpg",1200,845,true],"newsever-featured":["https:\/\/albert.radom.pl\/wp-content\/uploads\/2023\/10\/ROZ23-14-1024x768.jpg",1024,768,true],"newsever-medium":["https:\/\/albert.radom.pl\/wp-content\/uploads\/2023\/10\/ROZ23-14-720x475.jpg",720,475,true]},"author_info":{"display_name":"xdar","author_link":"https:\/\/albert.radom.pl\/?author=1"},"category_info":"<a href=\"https:\/\/albert.radom.pl\/?cat=19\" rel=\"category\">Aktualno\u015bci<\/a>","tag_info":"Aktualno\u015bci","comment_count":"0","_links":{"self":[{"href":"https:\/\/albert.radom.pl\/index.php?rest_route=\/wp\/v2\/posts\/3584","targetHints":{"allow":["GET"]}}],"collection":[{"href":"https:\/\/albert.radom.pl\/index.php?rest_route=\/wp\/v2\/posts"}],"about":[{"href":"https:\/\/albert.radom.pl\/index.php?rest_route=\/wp\/v2\/types\/post"}],"author":[{"embeddable":true,"href":"https:\/\/albert.radom.pl\/index.php?rest_route=\/wp\/v2\/users\/1"}],"replies":[{"embeddable":true,"href":"https:\/\/albert.radom.pl\/index.php?rest_route=%2Fwp%2Fv2%2Fcomments&post=3584"}],"version-history":[{"count":1,"href":"https:\/\/albert.radom.pl\/index.php?rest_route=\/wp\/v2\/posts\/3584\/revisions"}],"predecessor-version":[{"id":3586,"href":"https:\/\/albert.radom.pl\/index.php?rest_route=\/wp\/v2\/posts\/3584\/revisions\/3586"}],"wp:featuredmedia":[{"embeddable":true,"href":"https:\/\/albert.radom.pl\/index.php?rest_route=\/wp\/v2\/media\/3581"}],"wp:attachment":[{"href":"https:\/\/albert.radom.pl\/index.php?rest_route=%2Fwp%2Fv2%2Fmedia&parent=3584"}],"wp:term":[{"taxonomy":"category","embeddable":true,"href":"https:\/\/albert.radom.pl\/index.php?rest_route=%2Fwp%2Fv2%2Fcategories&post=3584"},{"taxonomy":"post_tag","embeddable":true,"href":"https:\/\/albert.radom.pl\/index.php?rest_route=%2Fwp%2Fv2%2Ftags&post=3584"}],"curies":[{"name":"wp","href":"https:\/\/api.w.org\/{rel}","templated":true}]}}