{"id":3599,"date":"2023-10-07T14:00:58","date_gmt":"2023-10-07T12:00:58","guid":{"rendered":"https:\/\/albert.radom.pl\/?p=3599"},"modified":"2023-10-07T14:15:22","modified_gmt":"2023-10-07T12:15:22","slug":"tydzien-kultury-chrzescijanskiej-2023","status":"publish","type":"post","link":"https:\/\/albert.radom.pl\/?p=3599","title":{"rendered":"Tydzie\u0144 Kultury Chrze\u015bcija\u0144skiej 2023"},"content":{"rendered":"<p>B\u0119d\u0105 koncerty, spotkania z ciekawymi go\u015b\u0107mi, spektakl czy seans filmowy. Od 8 do 15 pa\u017adziernika w Radomiu trwa\u0107 b\u0119dzie Tydzie\u0144 Kultury Chrze\u015bcija\u0144skiej.<!--more--><\/p>\n<p data-wtg-lazy=\"1\">Wydarzenie organizowane jest przez Stowarzyszenie &#8222;M\u0142y\u0144ska&#8221; Verum Bonum Pulchrum. Tradycyjnie uczestniczy\u0107 b\u0119dzie mo\u017cna w koncertach czy spotkaniach z ciekawymi go\u015b\u0107mi. B\u0119dzie spektakl teatralny &#8222;Lepsza po\u0142owa, czyli potyczki z Anio\u0142em&#8221; i film &#8222;B\u0142ogos\u0142awiona&#8221; o Natalii Tu\u0142asiewicz. Na zako\u0144czenie w Dzie\u0144 Papieski w katedrze b\u0119d\u0105 Msza \u015bw. i koncert.<\/p>\n<div class=\" txt__rich-area\">\n<p style=\"text-align: center;\"><img loading=\"lazy\" decoding=\"async\" class=\"aligncenter size-full wp-image-3597\" src=\"https:\/\/albert.radom.pl\/wp-content\/uploads\/2023\/10\/tkch-2023v2-696x491-1.jpg\" alt=\"\" width=\"696\" height=\"491\" srcset=\"https:\/\/albert.radom.pl\/wp-content\/uploads\/2023\/10\/tkch-2023v2-696x491-1.jpg 696w, https:\/\/albert.radom.pl\/wp-content\/uploads\/2023\/10\/tkch-2023v2-696x491-1-300x212.jpg 300w\" sizes=\"auto, (max-width: 696px) 100vw, 696px\" \/><\/p>\n<p style=\"text-align: center;\"><span style=\"text-decoration: underline;\"><strong>PROGRAM<\/strong><\/span><\/p>\n<p><strong>8 pa\u017adziernika <\/strong>(niedziela)<\/p>\n<p data-wtg-lazy=\"2\">13.00 &#8211; Msza \u015bw. w bazylice \u015bw. Kazimierza w Radomiu, przewodniczy bp Marek Solarczyk &#8211; XX-lecie nadania tytu\u0142u bazyliki,<\/p>\n<p data-wtg-lazy=\"3\">17.30 &#8211; Ko\u015bci\u00f3\u0142 \u015awi\u0119tej Tr\u00f3jcy &#8211; Msza \u015bw. i koncert wokalno-instrumentalny &#8222;MUSICA AD DEI GLORIAM&#8221;. Wyst\u0105pi\u0105: o. Rafa\u0142 Kobyli\u0144ski SJ &#8211; tenor, ks. Zdzis\u0142aw Madej &#8211; tenor, ks. Pawe\u0142 Sobierajski &#8211; baryton, Grzegorz Biegas &#8211; pianista.<\/p>\n<p><strong>9 pa\u017adziernika<\/strong> (poniedzia\u0142ek)<\/p>\n<p data-wtg-lazy=\"4\">18.30 &#8211; Kino Helios, film &#8222;B\u0142ogos\u0142awiona&#8221;, historia \u017cycia b\u0142. Natalii Tu\u0142asiewicz, patronki nauczycieli, zamordowanej w Ravensbr\u00fcck. Spotkanie z re\u017cyser Wand\u0105 R\u00f3\u017cyck\u0105-Zborowsk\u0105 i z kuzynk\u0105 b\u0142ogos\u0142awionej Natali\u0105 Tu\u0142asiewicz-Wal\u0105.<\/p>\n<p><strong>10 pa\u017adziernika<\/strong> (wtorek)<\/p>\n<p data-wtg-lazy=\"5\">18.00 &#8211; Ko\u015bci\u00f3\u0142 \u015bw. Jana, Msza \u015bw. i spotkanie z bp. Andrzejem Przybylskim o \u017cyciu s\u0142ugi Bo\u017cej Wandy Malczewskiej na ziemi cz\u0119stochowskiej, m.in. w \u017bytnie.<\/p>\n<p><strong>11 pa\u017adziernika<\/strong> (\u015broda)<\/p>\n<p data-wtg-lazy=\"6\">19.00 &#8211; Oratorium, ul Grzybowska, koncert promuj\u0105cy now\u0105 p\u0142yt\u0119 Ma\u0142gorzaty Nowak &#8222;\u017bycie. Rozdzia\u0142 II&#8221;.<\/p>\n<p><strong>12 pa\u017adziernika <\/strong>(czwartek)<\/p>\n<p data-wtg-lazy=\"7\">19.00 &#8211; Arka, ul. Kelles-Krauza, &#8222;Ciemny kres i z\u0142ote runo&#8221;. Rozmowa o \u017cyciu i tw\u00f3rczo\u015bci Zbigniewa Herberta. Ks. dr Grzegorz G\u0142\u0105b z Instytutu Filologii Polskiej KUL rozmawia z dr Ma\u0142gorzat\u0105 Pero\u0144 z KUL w Roku Zbigniewa Herberta.<\/p>\n<p><strong>13 pa\u017adziernika<\/strong> (pi\u0105tek)<\/p>\n<p data-wtg-lazy=\"8\">19.00 &#8211; Arka, ul Kelles-Krauza, &#8222;Cywilizacja \u017cycia&#8221;. Spotkanie z Goranem Andrijani\u0107em, dziennikarzem i publicyst\u0105, na temat has\u0142a tegorocznego Dnia Papieskiego.<\/p>\n<p><strong>14 pa\u017adziernika<\/strong> (sobota)<\/p>\n<p data-wtg-lazy=\"9\">19.00 &#8211; Oratorium, ul. Grzybowska. Teatr &#8222;Aktorzy Bo*Bo\u017cy*&#8221; wystawi\u0105 sztuk\u0119: &#8222;Lepsza po\u0142owa, czyli potyczki z Anio\u0142em&#8221;.<\/p>\n<p><strong>15 pa\u017adziernika <\/strong>(niedziela)<\/p>\n<p data-wtg-lazy=\"10\">18.00 &#8211; Katedra. Msza \u015bw. pod przewodnictwem bp. Marka Solarczyka i koncert z okazji Dnia Papieskiego.<\/p>\n<p style=\"text-align: center;\" data-wtg-lazy=\"10\"><img loading=\"lazy\" decoding=\"async\" class=\"aligncenter size-large wp-image-3604\" src=\"https:\/\/albert.radom.pl\/wp-content\/uploads\/2023\/10\/Koncert_11_paz_2023-723x1024.jpg\" alt=\"\" width=\"640\" height=\"906\" srcset=\"https:\/\/albert.radom.pl\/wp-content\/uploads\/2023\/10\/Koncert_11_paz_2023-723x1024.jpg 723w, https:\/\/albert.radom.pl\/wp-content\/uploads\/2023\/10\/Koncert_11_paz_2023-212x300.jpg 212w, https:\/\/albert.radom.pl\/wp-content\/uploads\/2023\/10\/Koncert_11_paz_2023-768x1087.jpg 768w, https:\/\/albert.radom.pl\/wp-content\/uploads\/2023\/10\/Koncert_11_paz_2023.jpg 904w\" sizes=\"auto, (max-width: 640px) 100vw, 640px\" \/><\/p>\n<\/div>\n","protected":false},"excerpt":{"rendered":"<p>B\u0119d\u0105 koncerty, spotkania z ciekawymi go\u015b\u0107mi, spektakl czy seans filmowy. Od 8 do 15 pa\u017adziernika&#8230;<\/p>\n","protected":false},"author":1,"featured_media":3596,"comment_status":"closed","ping_status":"closed","sticky":false,"template":"","format":"standard","meta":{"footnotes":""},"categories":[19,13,14],"tags":[],"class_list":["post-3599","post","type-post","status-publish","format-standard","has-post-thumbnail","hentry","category-aktualnosci","category-kultura-i-sztuka","category-polecamy"],"featured_image_urls":{"full":["https:\/\/albert.radom.pl\/wp-content\/uploads\/2023\/10\/342078_EeTA_TKCh_23_plakat_83.webp",1290,750,false],"thumbnail":["https:\/\/albert.radom.pl\/wp-content\/uploads\/2023\/10\/342078_EeTA_TKCh_23_plakat_83-150x150.webp",150,150,true],"medium":["https:\/\/albert.radom.pl\/wp-content\/uploads\/2023\/10\/342078_EeTA_TKCh_23_plakat_83-300x174.webp",300,174,true],"medium_large":["https:\/\/albert.radom.pl\/wp-content\/uploads\/2023\/10\/342078_EeTA_TKCh_23_plakat_83-768x447.webp",640,373,true],"large":["https:\/\/albert.radom.pl\/wp-content\/uploads\/2023\/10\/342078_EeTA_TKCh_23_plakat_83-1024x595.webp",640,372,true],"1536x1536":["https:\/\/albert.radom.pl\/wp-content\/uploads\/2023\/10\/342078_EeTA_TKCh_23_plakat_83.webp",1290,750,false],"2048x2048":["https:\/\/albert.radom.pl\/wp-content\/uploads\/2023\/10\/342078_EeTA_TKCh_23_plakat_83.webp",1290,750,false],"newsever-slider-full":["https:\/\/albert.radom.pl\/wp-content\/uploads\/2023\/10\/342078_EeTA_TKCh_23_plakat_83-1280x750.webp",1280,750,true],"newsever-featured":["https:\/\/albert.radom.pl\/wp-content\/uploads\/2023\/10\/342078_EeTA_TKCh_23_plakat_83-1024x595.webp",1024,595,true],"newsever-medium":["https:\/\/albert.radom.pl\/wp-content\/uploads\/2023\/10\/342078_EeTA_TKCh_23_plakat_83-720x475.webp",720,475,true]},"author_info":{"display_name":"xdar","author_link":"https:\/\/albert.radom.pl\/?author=1"},"category_info":"<a href=\"https:\/\/albert.radom.pl\/?cat=19\" rel=\"category\">Aktualno\u015bci<\/a> <a href=\"https:\/\/albert.radom.pl\/?cat=13\" rel=\"category\">Kultura i sztuka<\/a> <a href=\"https:\/\/albert.radom.pl\/?cat=14\" rel=\"category\">Polecamy<\/a>","tag_info":"Polecamy","comment_count":"0","_links":{"self":[{"href":"https:\/\/albert.radom.pl\/index.php?rest_route=\/wp\/v2\/posts\/3599","targetHints":{"allow":["GET"]}}],"collection":[{"href":"https:\/\/albert.radom.pl\/index.php?rest_route=\/wp\/v2\/posts"}],"about":[{"href":"https:\/\/albert.radom.pl\/index.php?rest_route=\/wp\/v2\/types\/post"}],"author":[{"embeddable":true,"href":"https:\/\/albert.radom.pl\/index.php?rest_route=\/wp\/v2\/users\/1"}],"replies":[{"embeddable":true,"href":"https:\/\/albert.radom.pl\/index.php?rest_route=%2Fwp%2Fv2%2Fcomments&post=3599"}],"version-history":[{"count":2,"href":"https:\/\/albert.radom.pl\/index.php?rest_route=\/wp\/v2\/posts\/3599\/revisions"}],"predecessor-version":[{"id":3605,"href":"https:\/\/albert.radom.pl\/index.php?rest_route=\/wp\/v2\/posts\/3599\/revisions\/3605"}],"wp:featuredmedia":[{"embeddable":true,"href":"https:\/\/albert.radom.pl\/index.php?rest_route=\/wp\/v2\/media\/3596"}],"wp:attachment":[{"href":"https:\/\/albert.radom.pl\/index.php?rest_route=%2Fwp%2Fv2%2Fmedia&parent=3599"}],"wp:term":[{"taxonomy":"category","embeddable":true,"href":"https:\/\/albert.radom.pl\/index.php?rest_route=%2Fwp%2Fv2%2Fcategories&post=3599"},{"taxonomy":"post_tag","embeddable":true,"href":"https:\/\/albert.radom.pl\/index.php?rest_route=%2Fwp%2Fv2%2Ftags&post=3599"}],"curies":[{"name":"wp","href":"https:\/\/api.w.org\/{rel}","templated":true}]}}