{"id":3616,"date":"2023-10-07T19:38:01","date_gmt":"2023-10-07T17:38:01","guid":{"rendered":"https:\/\/albert.radom.pl\/?p=3616"},"modified":"2023-10-07T19:51:00","modified_gmt":"2023-10-07T17:51:00","slug":"pielgrzymka-kzr-do-wysokiego-kola","status":"publish","type":"post","link":"https:\/\/albert.radom.pl\/?p=3616","title":{"rendered":"Pielgrzymka K\u017bR do Wysokiego Ko\u0142a"},"content":{"rendered":"<p>We Wspomnienie Matki Bo\u017cej R\u00f3\u017ca\u0144cowej grupa naszych si\u00f3str i braci z K\u00f3\u0142 \u017bywego R\u00f3\u017ca\u0144ca wraz z Ks. Proboszczem Markiem Janasem wzi\u0119\u0142a udzia\u0142 w dorocznej Diecezjalnej Pielgrzymce rodziny r\u00f3\u017ca\u0144cowej do Sanktuarium w Wysokim Kole.<\/p>\n<div id='gallery-1' class='gallery galleryid-3616 gallery-columns-3 gallery-size-thumbnail'><figure class='gallery-item'>\n\t\t\t<div class='gallery-icon landscape'>\n\t\t\t\t<a href='https:\/\/albert.radom.pl\/wp-content\/uploads\/2023\/10\/6a5a2e48-32f1-432a-85ce-3622aa801aa3.jpg'><img loading=\"lazy\" decoding=\"async\" width=\"150\" height=\"150\" src=\"https:\/\/albert.radom.pl\/wp-content\/uploads\/2023\/10\/6a5a2e48-32f1-432a-85ce-3622aa801aa3-150x150.jpg\" class=\"attachment-thumbnail size-thumbnail\" alt=\"\" \/><\/a>\n\t\t\t<\/div><\/figure><figure class='gallery-item'>\n\t\t\t<div class='gallery-icon portrait'>\n\t\t\t\t<a href='https:\/\/albert.radom.pl\/wp-content\/uploads\/2023\/10\/de2aa73c-a158-4b3b-ae87-c18ac2668307.jpg'><img loading=\"lazy\" decoding=\"async\" width=\"150\" height=\"150\" src=\"https:\/\/albert.radom.pl\/wp-content\/uploads\/2023\/10\/de2aa73c-a158-4b3b-ae87-c18ac2668307-150x150.jpg\" class=\"attachment-thumbnail size-thumbnail\" alt=\"\" \/><\/a>\n\t\t\t<\/div><\/figure>\n\t\t<\/div>\n\n","protected":false},"excerpt":{"rendered":"<p>We Wspomnienie Matki Bo\u017cej R\u00f3\u017ca\u0144cowej grupa naszych si\u00f3str i braci z K\u00f3\u0142 \u017bywego R\u00f3\u017ca\u0144ca wraz&#8230;<\/p>\n","protected":false},"author":1,"featured_media":3615,"comment_status":"closed","ping_status":"closed","sticky":false,"template":"","format":"standard","meta":{"footnotes":""},"categories":[19,50,51,49],"tags":[],"class_list":["post-3616","post","type-post","status-publish","format-standard","has-post-thumbnail","hentry","category-aktualnosci","category-kola-zywego-rozanca","category-rozaniec-rodzicow-za-dzieci","category-zywy-rozaniec"],"featured_image_urls":{"full":["https:\/\/albert.radom.pl\/wp-content\/uploads\/2023\/10\/6a5a2e48-32f1-432a-85ce-3622aa801aa3.jpg",1463,1368,false],"thumbnail":["https:\/\/albert.radom.pl\/wp-content\/uploads\/2023\/10\/6a5a2e48-32f1-432a-85ce-3622aa801aa3-150x150.jpg",150,150,true],"medium":["https:\/\/albert.radom.pl\/wp-content\/uploads\/2023\/10\/6a5a2e48-32f1-432a-85ce-3622aa801aa3-300x281.jpg",300,281,true],"medium_large":["https:\/\/albert.radom.pl\/wp-content\/uploads\/2023\/10\/6a5a2e48-32f1-432a-85ce-3622aa801aa3-768x718.jpg",640,598,true],"large":["https:\/\/albert.radom.pl\/wp-content\/uploads\/2023\/10\/6a5a2e48-32f1-432a-85ce-3622aa801aa3-1024x958.jpg",640,599,true],"1536x1536":["https:\/\/albert.radom.pl\/wp-content\/uploads\/2023\/10\/6a5a2e48-32f1-432a-85ce-3622aa801aa3.jpg",1463,1368,false],"2048x2048":["https:\/\/albert.radom.pl\/wp-content\/uploads\/2023\/10\/6a5a2e48-32f1-432a-85ce-3622aa801aa3.jpg",1463,1368,false],"newsever-slider-full":["https:\/\/albert.radom.pl\/wp-content\/uploads\/2023\/10\/6a5a2e48-32f1-432a-85ce-3622aa801aa3-1280x845.jpg",1280,845,true],"newsever-featured":["https:\/\/albert.radom.pl\/wp-content\/uploads\/2023\/10\/6a5a2e48-32f1-432a-85ce-3622aa801aa3-1024x958.jpg",1024,958,true],"newsever-medium":["https:\/\/albert.radom.pl\/wp-content\/uploads\/2023\/10\/6a5a2e48-32f1-432a-85ce-3622aa801aa3-720x475.jpg",720,475,true]},"author_info":{"display_name":"xdar","author_link":"https:\/\/albert.radom.pl\/?author=1"},"category_info":"<a href=\"https:\/\/albert.radom.pl\/?cat=19\" rel=\"category\">Aktualno\u015bci<\/a> <a href=\"https:\/\/albert.radom.pl\/?cat=50\" rel=\"category\">Ko\u0142a \u017bywego R\u00f3\u017ca\u0144ca<\/a> <a href=\"https:\/\/albert.radom.pl\/?cat=51\" rel=\"category\">R\u00f3\u017caniec Rodzic\u00f3w za Dzieci<\/a> <a href=\"https:\/\/albert.radom.pl\/?cat=49\" rel=\"category\">\u017bywy R\u00f3\u017caniec<\/a>","tag_info":"\u017bywy R\u00f3\u017caniec","comment_count":"0","_links":{"self":[{"href":"https:\/\/albert.radom.pl\/index.php?rest_route=\/wp\/v2\/posts\/3616","targetHints":{"allow":["GET"]}}],"collection":[{"href":"https:\/\/albert.radom.pl\/index.php?rest_route=\/wp\/v2\/posts"}],"about":[{"href":"https:\/\/albert.radom.pl\/index.php?rest_route=\/wp\/v2\/types\/post"}],"author":[{"embeddable":true,"href":"https:\/\/albert.radom.pl\/index.php?rest_route=\/wp\/v2\/users\/1"}],"replies":[{"embeddable":true,"href":"https:\/\/albert.radom.pl\/index.php?rest_route=%2Fwp%2Fv2%2Fcomments&post=3616"}],"version-history":[{"count":2,"href":"https:\/\/albert.radom.pl\/index.php?rest_route=\/wp\/v2\/posts\/3616\/revisions"}],"predecessor-version":[{"id":3627,"href":"https:\/\/albert.radom.pl\/index.php?rest_route=\/wp\/v2\/posts\/3616\/revisions\/3627"}],"wp:featuredmedia":[{"embeddable":true,"href":"https:\/\/albert.radom.pl\/index.php?rest_route=\/wp\/v2\/media\/3615"}],"wp:attachment":[{"href":"https:\/\/albert.radom.pl\/index.php?rest_route=%2Fwp%2Fv2%2Fmedia&parent=3616"}],"wp:term":[{"taxonomy":"category","embeddable":true,"href":"https:\/\/albert.radom.pl\/index.php?rest_route=%2Fwp%2Fv2%2Fcategories&post=3616"},{"taxonomy":"post_tag","embeddable":true,"href":"https:\/\/albert.radom.pl\/index.php?rest_route=%2Fwp%2Fv2%2Ftags&post=3616"}],"curies":[{"name":"wp","href":"https:\/\/api.w.org\/{rel}","templated":true}]}}