{"id":3630,"date":"2023-10-08T08:43:58","date_gmt":"2023-10-08T06:43:58","guid":{"rendered":"https:\/\/albert.radom.pl\/?p=3630"},"modified":"2023-10-22T14:49:23","modified_gmt":"2023-10-22T12:49:23","slug":"zapraszamy-na-fatime","status":"publish","type":"post","link":"https:\/\/albert.radom.pl\/?p=3630","title":{"rendered":"Zapraszamy na Fatim\u0119!"},"content":{"rendered":"<p><strong>W pi\u0105tek 13 pa\u017adziernika zapraszamy na ostatni\u0105 w tym roku Fatim\u0119. <\/strong><!--more--><\/p>\n<p><strong>\u00a0R\u00f3\u017caniec z procesj\u0105 fatimsk\u0105 rozpoczniemy wyj\u0105tkowo o godz. 17.00. Msza \u015aw. b\u0119dzie bezpo\u015brednio po procesji ok. 18.15<\/strong>.<br \/>\nB\u0119dziemy modli\u0107 si\u0119 szczeg\u00f3lnie o pok\u00f3j dla \u015bwiata i dla naszej Ojczyzny.<\/p>\n","protected":false},"excerpt":{"rendered":"<p>W pi\u0105tek 13 pa\u017adziernika zapraszamy na ostatni\u0105 w tym roku Fatim\u0119.<\/p>\n","protected":false},"author":1,"featured_media":3632,"comment_status":"closed","ping_status":"closed","sticky":false,"template":"","format":"standard","meta":{"footnotes":""},"categories":[19],"tags":[],"class_list":["post-3630","post","type-post","status-publish","format-standard","has-post-thumbnail","hentry","category-aktualnosci"],"featured_image_urls":{"full":["https:\/\/albert.radom.pl\/wp-content\/uploads\/2023\/10\/Fatimskie_13-05-2023_034-mn-e1696747612320.jpg",900,580,false],"thumbnail":["https:\/\/albert.radom.pl\/wp-content\/uploads\/2023\/10\/Fatimskie_13-05-2023_034-mn-e1696747612320-150x150.jpg",150,150,true],"medium":["https:\/\/albert.radom.pl\/wp-content\/uploads\/2023\/10\/Fatimskie_13-05-2023_034-mn-e1696747612320-300x193.jpg",300,193,true],"medium_large":["https:\/\/albert.radom.pl\/wp-content\/uploads\/2023\/10\/Fatimskie_13-05-2023_034-mn-e1696747612320-768x495.jpg",640,413,true],"large":["https:\/\/albert.radom.pl\/wp-content\/uploads\/2023\/10\/Fatimskie_13-05-2023_034-mn-768x1024.jpg",640,853,true],"1536x1536":["https:\/\/albert.radom.pl\/wp-content\/uploads\/2023\/10\/Fatimskie_13-05-2023_034-mn-e1696747612320.jpg",900,580,false],"2048x2048":["https:\/\/albert.radom.pl\/wp-content\/uploads\/2023\/10\/Fatimskie_13-05-2023_034-mn-e1696747612320.jpg",900,580,false],"newsever-slider-full":["https:\/\/albert.radom.pl\/wp-content\/uploads\/2023\/10\/Fatimskie_13-05-2023_034-mn-900x845.jpg",900,845,true],"newsever-featured":["https:\/\/albert.radom.pl\/wp-content\/uploads\/2023\/10\/Fatimskie_13-05-2023_034-mn-e1696747612320.jpg",900,580,false],"newsever-medium":["https:\/\/albert.radom.pl\/wp-content\/uploads\/2023\/10\/Fatimskie_13-05-2023_034-mn-e1696747612320-720x475.jpg",720,475,true]},"author_info":{"display_name":"xdar","author_link":"https:\/\/albert.radom.pl\/?author=1"},"category_info":"<a href=\"https:\/\/albert.radom.pl\/?cat=19\" rel=\"category\">Aktualno\u015bci<\/a>","tag_info":"Aktualno\u015bci","comment_count":"0","_links":{"self":[{"href":"https:\/\/albert.radom.pl\/index.php?rest_route=\/wp\/v2\/posts\/3630","targetHints":{"allow":["GET"]}}],"collection":[{"href":"https:\/\/albert.radom.pl\/index.php?rest_route=\/wp\/v2\/posts"}],"about":[{"href":"https:\/\/albert.radom.pl\/index.php?rest_route=\/wp\/v2\/types\/post"}],"author":[{"embeddable":true,"href":"https:\/\/albert.radom.pl\/index.php?rest_route=\/wp\/v2\/users\/1"}],"replies":[{"embeddable":true,"href":"https:\/\/albert.radom.pl\/index.php?rest_route=%2Fwp%2Fv2%2Fcomments&post=3630"}],"version-history":[{"count":3,"href":"https:\/\/albert.radom.pl\/index.php?rest_route=\/wp\/v2\/posts\/3630\/revisions"}],"predecessor-version":[{"id":3634,"href":"https:\/\/albert.radom.pl\/index.php?rest_route=\/wp\/v2\/posts\/3630\/revisions\/3634"}],"wp:featuredmedia":[{"embeddable":true,"href":"https:\/\/albert.radom.pl\/index.php?rest_route=\/wp\/v2\/media\/3632"}],"wp:attachment":[{"href":"https:\/\/albert.radom.pl\/index.php?rest_route=%2Fwp%2Fv2%2Fmedia&parent=3630"}],"wp:term":[{"taxonomy":"category","embeddable":true,"href":"https:\/\/albert.radom.pl\/index.php?rest_route=%2Fwp%2Fv2%2Fcategories&post=3630"},{"taxonomy":"post_tag","embeddable":true,"href":"https:\/\/albert.radom.pl\/index.php?rest_route=%2Fwp%2Fv2%2Ftags&post=3630"}],"curies":[{"name":"wp","href":"https:\/\/api.w.org\/{rel}","templated":true}]}}