{"id":3666,"date":"2023-10-14T09:20:18","date_gmt":"2023-10-14T07:20:18","guid":{"rendered":"https:\/\/albert.radom.pl\/?p=3666"},"modified":"2023-10-16T10:57:35","modified_gmt":"2023-10-16T08:57:35","slug":"bp-turzynski-do-nauczycieli-wasza-misja-ma-wielkie-znaczenie","status":"publish","type":"post","link":"https:\/\/albert.radom.pl\/?p=3666","title":{"rendered":"Bp Turzy\u0144ski do Nauczycieli: Wasza misja ma wielkie znaczenie"},"content":{"rendered":"<p>D<strong>zi\u0119kuj\u0119 za oddane serca, umys\u0142y, si\u0142y i czas w wielkim dziele wychowania dzieci i m\u0142odzie\u017cy oraz za \u015bwiadectwo ofiarnego i szlachetnego \u017cyci<\/strong>a \u2013 napisa\u0142 bp Piotr Turzy\u0144ski, delegat Konferencji Episkopatu Polski ds. Duszpasterstwa Nauczycieli, w \u017cyczeniach z okazji Dnia Edukacji Narodowej.<!--more--><\/p>\n<p>Bp Turzy\u0144ski przypomnia\u0142, \u017ce w tym roku przypada okr\u0105g\u0142a rocznica utworzenia Komisji Edukacji Narodowej i podzi\u0119kowa\u0142 nauczycielom za trud, jaki wk\u0142adaj\u0105 w codzienn\u0105 edukacj\u0119 m\u0142odzie\u017cy. \u201e250 lat temu, 14 pa\u017adziernika 1773 roku, aby ratowa\u0107 Rzeczpospolit\u0105, \u015bwiatli Polacy utworzyli Komisj\u0119 Edukacji Narodowej. Mieli \u015bwiadomo\u015b\u0107, \u017ce +takie b\u0119d\u0105 Rzeczpospolite, jakie m\u0142odzie\u017cy chowanie+. Na pami\u0105tk\u0119 tego dnia \u015bwi\u0119tujemy Dzie\u0144 Edukacji Narodowej i Dzie\u0144 Nauczyciela. To jest pi\u0119kna okazja, aby Wam podzi\u0119kowa\u0107 za trud formowania m\u0142odego pokolenia. Wasza misja ma wielkie znaczenie\u201d \u2013 podkre\u015bli\u0142 delegat KEP ds. Duszpasterstwa Nauczycieli.<\/p>\n<p>\u201eDzi\u0119kuj\u0119 za oddane serca, umys\u0142y, si\u0142y i czas w wielkim dziele wychowania dzieci i m\u0142odzie\u017cy oraz za \u015bwiadectwo ofiarnego i szlachetnego \u017cycia\u201d \u2013 napisa\u0142 bp Turzy\u0144ski.<\/p>\n<p>Delegat KEP ds. Duszpasterstwa Nauczycieli nawi\u0105za\u0142 r\u00f3wnie\u017c do patronki polskich nauczycieli. \u201eNiech inspiruje Was swoim wspania\u0142ym przyk\u0142adem b\u0142. Natalia Tu\u0142asiewicz, kt\u00f3ra w ciemnych czasach wojny, a nawet w obozie zag\u0142ady, by\u0142a wierna swojemu powo\u0142aniu \u017cyciowemu i sta\u0142a si\u0119 \u015bwiat\u0142em nadziei dla innych\u201d \u2013 przypomnia\u0142 bp Turzy\u0144ski.<\/p>\n<p style=\"text-align: right;\">BP KEP<\/p>\n<p>&nbsp;<\/p>\n<p>Publikujemy pe\u0142ny tekst \u017cycze\u0144:<\/p>\n<p>Drodzy Nauczyciele!<\/p>\n<p>250 lat temu, 14 pa\u017adziernika 1773 roku, aby ratowa\u0107 Rzeczpospolit\u0105, \u015bwiatli Polacy utworzyli Komisj\u0119 Edukacji Narodowej. Mieli \u015bwiadomo\u015b\u0107, \u017ce \u201etakie b\u0119d\u0105 Rzeczpospolite, jakie m\u0142odzie\u017cy chowanie\u201d. Na pami\u0105tk\u0119 tego dnia \u015bwi\u0119tujemy Dzie\u0144 Edukacji Narodowej i Dzie\u0144 Nauczyciela. To jest pi\u0119kna okazja, aby Wam podzi\u0119kowa\u0107 za trud formowania m\u0142odego pokolenia. Wasza misja ma wielkie znaczenie. Dzi\u0119kuj\u0119 za oddane serca, umys\u0142y, si\u0142y i czas w wielkim dziele wychowania dzieci i m\u0142odzie\u017cy oraz za \u015bwiadectwo ofiarnego i szlachetnego \u017cycia.<\/p>\n<p>\u017bycz\u0119, \u017ceby u\u015bmiech na twarzach dzieci i m\u0142odzie\u017cy oraz ich fascynacja \u017cyciem i wytrwa\u0142o\u015b\u0107 w poszukiwaniu prawdy, by\u0142y dla Was najpi\u0119kniejsz\u0105 nagrod\u0105. Niech inspiruje Was swoim wspania\u0142ym przyk\u0142adem b\u0142. Natalia Tu\u0142asiewicz, kt\u00f3ra w ciemnych czasach wojny, a nawet w obozie zag\u0142ady, by\u0142a wierna swojemu powo\u0142aniu \u017cyciowemu i sta\u0142a si\u0119 \u015bwiat\u0142em nadziei dla innych. \u017bycz\u0119, \u017ceby\u015bcie cieszyli si\u0119 tak\u017ce ludzkim szacunkiem i wdzi\u0119czno\u015bci\u0105.<\/p>\n<p style=\"text-align: right;\">Z b\u0142ogos\u0142awie\u0144stwem<\/p>\n<p style=\"text-align: right;\">+ Piotr Turzy\u0144ski<br \/>\nDelegat KEP ds. Duszpasterstwa Nauczycieli<\/p>\n","protected":false},"excerpt":{"rendered":"<p>Dzi\u0119kuj\u0119 za oddane serca, umys\u0142y, si\u0142y i czas w wielkim dziele wychowania dzieci i m\u0142odzie\u017cy&#8230;<\/p>\n","protected":false},"author":1,"featured_media":3667,"comment_status":"closed","ping_status":"closed","sticky":false,"template":"","format":"standard","meta":{"footnotes":""},"categories":[19],"tags":[],"class_list":["post-3666","post","type-post","status-publish","format-standard","has-post-thumbnail","hentry","category-aktualnosci"],"featured_image_urls":{"full":["https:\/\/albert.radom.pl\/wp-content\/uploads\/2023\/10\/BO2A0511-1068x712-1.jpg",1068,712,false],"thumbnail":["https:\/\/albert.radom.pl\/wp-content\/uploads\/2023\/10\/BO2A0511-1068x712-1-150x150.jpg",150,150,true],"medium":["https:\/\/albert.radom.pl\/wp-content\/uploads\/2023\/10\/BO2A0511-1068x712-1-300x200.jpg",300,200,true],"medium_large":["https:\/\/albert.radom.pl\/wp-content\/uploads\/2023\/10\/BO2A0511-1068x712-1-768x512.jpg",640,427,true],"large":["https:\/\/albert.radom.pl\/wp-content\/uploads\/2023\/10\/BO2A0511-1068x712-1-1024x683.jpg",640,427,true],"1536x1536":["https:\/\/albert.radom.pl\/wp-content\/uploads\/2023\/10\/BO2A0511-1068x712-1.jpg",1068,712,false],"2048x2048":["https:\/\/albert.radom.pl\/wp-content\/uploads\/2023\/10\/BO2A0511-1068x712-1.jpg",1068,712,false],"newsever-slider-full":["https:\/\/albert.radom.pl\/wp-content\/uploads\/2023\/10\/BO2A0511-1068x712-1.jpg",1068,712,false],"newsever-featured":["https:\/\/albert.radom.pl\/wp-content\/uploads\/2023\/10\/BO2A0511-1068x712-1-1024x683.jpg",1024,683,true],"newsever-medium":["https:\/\/albert.radom.pl\/wp-content\/uploads\/2023\/10\/BO2A0511-1068x712-1-720x475.jpg",720,475,true]},"author_info":{"display_name":"xdar","author_link":"https:\/\/albert.radom.pl\/?author=1"},"category_info":"<a href=\"https:\/\/albert.radom.pl\/?cat=19\" rel=\"category\">Aktualno\u015bci<\/a>","tag_info":"Aktualno\u015bci","comment_count":"0","_links":{"self":[{"href":"https:\/\/albert.radom.pl\/index.php?rest_route=\/wp\/v2\/posts\/3666","targetHints":{"allow":["GET"]}}],"collection":[{"href":"https:\/\/albert.radom.pl\/index.php?rest_route=\/wp\/v2\/posts"}],"about":[{"href":"https:\/\/albert.radom.pl\/index.php?rest_route=\/wp\/v2\/types\/post"}],"author":[{"embeddable":true,"href":"https:\/\/albert.radom.pl\/index.php?rest_route=\/wp\/v2\/users\/1"}],"replies":[{"embeddable":true,"href":"https:\/\/albert.radom.pl\/index.php?rest_route=%2Fwp%2Fv2%2Fcomments&post=3666"}],"version-history":[{"count":1,"href":"https:\/\/albert.radom.pl\/index.php?rest_route=\/wp\/v2\/posts\/3666\/revisions"}],"predecessor-version":[{"id":3668,"href":"https:\/\/albert.radom.pl\/index.php?rest_route=\/wp\/v2\/posts\/3666\/revisions\/3668"}],"wp:featuredmedia":[{"embeddable":true,"href":"https:\/\/albert.radom.pl\/index.php?rest_route=\/wp\/v2\/media\/3667"}],"wp:attachment":[{"href":"https:\/\/albert.radom.pl\/index.php?rest_route=%2Fwp%2Fv2%2Fmedia&parent=3666"}],"wp:term":[{"taxonomy":"category","embeddable":true,"href":"https:\/\/albert.radom.pl\/index.php?rest_route=%2Fwp%2Fv2%2Fcategories&post=3666"},{"taxonomy":"post_tag","embeddable":true,"href":"https:\/\/albert.radom.pl\/index.php?rest_route=%2Fwp%2Fv2%2Ftags&post=3666"}],"curies":[{"name":"wp","href":"https:\/\/api.w.org\/{rel}","templated":true}]}}